{"id":1187,"date":"2010-11-24T14:53:06","date_gmt":"2010-11-24T13:53:06","guid":{"rendered":"http:\/\/petaos.net\/?p=1187"},"modified":"2010-11-24T14:53:06","modified_gmt":"2010-11-24T13:53:06","slug":"mg-si-descargas-te-cortan-el-adsl","status":"publish","type":"post","link":"https:\/\/www.manologarciaycia.com\/?p=1187","title":{"rendered":"MG: Si descargas, te cortan el ADSL"},"content":{"rendered":"<p><span style=\"font-size: small;\"><strong>Manolo Garc\u00eda: \u201cES UN ERROR CRIMINALIZAR AL P\u00daBLICO\u201d<\/strong><\/span><\/p>\n<p><span style=\"font-size: small;\">\u201cCreo que la ley de Francia no es  correcta, no van por ah\u00ed los tiros. A los que habr\u00eda que haber parado  los pies hace mucho tiempo es a las personas que permiten que se  ningunee a los m\u00fasicos, a los directores de cine, a los escritores\u2026  Pasamos de ser artistas a contenidos. Odio ser un contenido: yo soy un  m\u00fasico. Soy una persona que tiene un oficio muy digno, como cualquiera  de mis compa\u00f1eros: Bunbury, Miguel R\u00edos Loquillo, Pereza&#8230; Todos somos  personas que aman una profesi\u00f3n y la desarrollan. Y al p\u00fablico le venden  unos aparatos que se llaman ordenadores y cuestan una pasta y que  ofrecen ese servicio, que es descargar, como en una mercader\u00eda. Es un  error criminalizar al p\u00fablico, las leyes no tienen que ir por ah\u00ed\u201d.<\/span><\/p>\n<p>Fuente: RollingStone &#8211; <a href=\"http:\/\/www.rollingstone.es\/specials\/view\/si-descargas-te-cortan-el-adsl-los-musicos-opinan\" target=\"_blank\">ENLACE<\/a><\/p>\n","protected":false},"excerpt":{"rendered":"<p>Manolo Garc\u00eda: \u201cES UN ERROR CRIMINALIZAR AL P\u00daBLICO\u201d \u201cCreo que la ley de Francia no es correcta, no van por ah\u00ed los tiros. A los que habr\u00eda que haber parado los pies hace mucho tiempo es a las personas que permiten que se ningunee a los m\u00fasicos, a los directores de cine, a los escritores\u2026<a class=\"moretag\" href=\"https:\/\/www.manologarciaycia.com\/?p=1187\" title=\"MG: Si descargas, te cortan el ADSL\" target=\"_self\" rel=\"follow\"> <font face=arial size=2>[Leer m\u00e1s]<\/font> <\/a><\/p>\n","protected":false},"author":2,"featured_media":0,"comment_status":"closed","ping_status":"closed","sticky":false,"template":"","format":"standard","meta":{"footnotes":""},"categories":[1],"tags":[188],"class_list":["post-1187","post","type-post","status-publish","format-standard","hentry","category-manolo-garcia","tag-manolo-garcia-adsl-canon-cortar-descargas"],"_links":{"self":[{"href":"https:\/\/www.manologarciaycia.com\/index.php?rest_route=\/wp\/v2\/posts\/1187","targetHints":{"allow":["GET"]}}],"collection":[{"href":"https:\/\/www.manologarciaycia.com\/index.php?rest_route=\/wp\/v2\/posts"}],"about":[{"href":"https:\/\/www.manologarciaycia.com\/index.php?rest_route=\/wp\/v2\/types\/post"}],"author":[{"embeddable":true,"href":"https:\/\/www.manologarciaycia.com\/index.php?rest_route=\/wp\/v2\/users\/2"}],"replies":[{"embeddable":true,"href":"https:\/\/www.manologarciaycia.com\/index.php?rest_route=%2Fwp%2Fv2%2Fcomments&post=1187"}],"version-history":[{"count":1,"href":"https:\/\/www.manologarciaycia.com\/index.php?rest_route=\/wp\/v2\/posts\/1187\/revisions"}],"predecessor-version":[{"id":1188,"href":"https:\/\/www.manologarciaycia.com\/index.php?rest_route=\/wp\/v2\/posts\/1187\/revisions\/1188"}],"wp:attachment":[{"href":"https:\/\/www.manologarciaycia.com\/index.php?rest_route=%2Fwp%2Fv2%2Fmedia&parent=1187"}],"wp:term":[{"taxonomy":"category","embeddable":true,"href":"https:\/\/www.manologarciaycia.com\/index.php?rest_route=%2Fwp%2Fv2%2Fcategories&post=1187"},{"taxonomy":"post_tag","embeddable":true,"href":"https:\/\/www.manologarciaycia.com\/index.php?rest_route=%2Fwp%2Fv2%2Ftags&post=1187"}],"curies":[{"name":"wp","href":"https:\/\/api.w.org\/{rel}","templated":true}]}}