{"id":11862,"date":"2015-02-02T08:54:47","date_gmt":"2015-02-02T07:54:47","guid":{"rendered":"http:\/\/www.manologarciaycia.com\/?p=11862"},"modified":"2015-03-12T12:04:35","modified_gmt":"2015-03-12T11:04:35","slug":"entrevista-a-ricardo-marin-buenas-intenciones","status":"publish","type":"post","link":"https:\/\/www.manologarciaycia.com\/?p=11862","title":{"rendered":"Entrevista a Ricardo Mar\u00edn \u00a1Buenas Intenciones!: \u00abPocas veces se puede juntar tanto talento en una misma noche\u00bb MA\u00d1ANA ES EL D\u00cdA!"},"content":{"rendered":"<p>Con motivo de su pr\u00f3ximo concierto, en Joy Eslava (Madrid) el pr\u00f3ximo 11 de Marzo, del que se grabar\u00e1 el CD\/DVD de su nuevo disco, tenemos el honor de entrevistar a uno de los m\u00fasicos m\u00e1s prol\u00edficos de Espa\u00f1a, alguien que, si me disculp\u00e1is la expresi\u00f3n, \u00a1esto lo ha mamado! <\/p>\n<p><b>Hola Ricardo, as\u00ed, para romper el hielo, \u00bfqu\u00e9 te echaban tus padres en el biber\u00f3n? Tenemos entendido que tu padre es m\u00fasico (todav\u00eda dando guerra en activo) \u00bftu madre tambi\u00e9n?<\/b><br \/>\n<i>Hola Xavi, en primer lugar un placer compartir contigo esta entrevista. Desde muy peque\u00f1ito, casi a gatas por el suelo rondaba el local de ensayo del grupo de mi padre, me he criado entre cables, guitarras y amplificadores. Mi padre sigue activo en lo musical a sus 70 a\u00f1os despu\u00e9s de haber formado parte de muchas bandas de la \u00e9poca en los 60\/70 como The Moby Dick\u00b4s, S\u00e9ptimo Sol, Agua Santa y colaborando con grupos del momento como los Sirex, etc. En cuanto a mi madre tiene el cielo ganado por aguantar a esta pandilla de m\u00fasicos durante gran parte de su vida (risas). No se dedic\u00f3 a la m\u00fasica pero canturrea, afina muy bien as\u00ed que me consta que tiene muy buen o\u00eddo.<\/i><\/p>\n<p><b>\u00bfQu\u00e9 tipo de m\u00fasica escuchabais en casa ya desde peque\u00f1ito? \u00bfQu\u00e9 te pon\u00edan?<\/b><br \/>\n<i>Mi padre nos hac\u00eda escuchar lo que o\u00eda \u00e9l: recuerdo muy bien que en el casete de su coche sonaban desde Deep Purple hasta Triana, pasando por Miguel R\u00edos, Los Teen Tops, The Sadows, D\u00fao Din\u00e1mico, Bambino, The Beatles, etc. M\u00e1s tarde apareci\u00f3 en escena mi primo mayor; vino a vivir con nosotros una temporada y se trajo sus discos: Clapton, Stones, Zeppelin, Marley, Pink Floyd, Supertramp, The Police, Janis Joplin, etc. Varios de ellos me influyeron much\u00edsimo a lo largo de mi carrera.<\/i><\/p>\n<p><a href=\"http:\/\/www.manologarciaycia.com\/wp-content\/uploads\/2015\/02\/Peque\u00f1osMuchachos.jpg\"><img loading=\"lazy\" decoding=\"async\" src=\"http:\/\/www.manologarciaycia.com\/wp-content\/uploads\/2015\/02\/Peque\u00f1osMuchachos-150x150.jpg\" alt=\"Peque\u00f1osMuchachos\" width=\"150\" height=\"150\" class=\"alignleft size-thumbnail wp-image-11867\" \/><\/a><\/p>\n<p><b>Como dec\u00edamos, 6 a\u00f1os y ya militando en un grupo (Peque\u00f1os Muchachos); parece que lo tuviste bastante claro \u00a1papas de mayor quiero ser artista! \u00bfNo?<\/b><br \/>\n<i>M\u00e1s bien me lo impuso mi padre&#8230; con una disciplina severa consentida pretend\u00eda que fuera un ni\u00f1o prodigio; y en parte as\u00ed fue ya que a los cinco a\u00f1os consigui\u00f3 que me sonara prefecto el acorde de FA en el m\u00e1stil de su guitarra el\u00e9ctrica (risas), tarea dif\u00edcil para la mu\u00f1eca fr\u00e1gil de un ni\u00f1o de cinco. Lo dem\u00e1s vino rodado gracias a la insistencia de mi viejo.<\/i><\/p>\n<p><b>A esa edad se os reconoce como los m\u00fasico-vocales m\u00e1s jovenes del pa\u00eds. Esta precocidad \u00bfes debida a esa inmersi\u00f3n musical en familia? \u00bfO bien podr\u00edamos estar hablando de una incipiente &#8216;s\u00faper&#8217; creatividad art\u00edstica que m\u00e1s tarde has desarrollado tan vastamente?<\/b><br \/>\n<i>S\u00ed, fuimos los m\u00fasicos-vocales m\u00e1s jovenes del pa\u00eds con nuestro grupo Peque\u00f1os Muchachos; y posteriormente con Charco1 nos consideradon el conjunto m\u00fasico-vocal m\u00e1s joven de Europa, siempre y cuando se entienda por m\u00fasico-vocal a que nosotros s\u00ed toc\u00e1bamos nuestros instrumentos en directo; ardua tarea que llev\u00f3 a cabo con el sudor de su frente mi querido padre a base de empe\u00f1o y sacrificio por su parte y la nuestra.<\/i><\/p>\n<p><a href=\"http:\/\/www.manologarciaycia.com\/wp-content\/uploads\/2015\/02\/Charco-1_2.jpg\"><img loading=\"lazy\" decoding=\"async\" src=\"http:\/\/www.manologarciaycia.com\/wp-content\/uploads\/2015\/02\/Charco-1_2-150x150.jpg\" alt=\"Charco 1_2\" width=\"150\" height=\"150\" class=\"alignright size-thumbnail wp-image-11868\" \/><\/a><\/p>\n<p><b>Mencionas m\u00e1s grupos, como Charco 1, y algunos festivales con Parch\u00eds, los Nins, incluso giras por Am\u00e9rica y los dem\u00e1s ni\u00f1os jugando al pilla-pilla crees que pudiste perderte algo de las infancias &#8216;tradicionales&#8217; de los dem\u00e1s ni\u00f1os? aunque seguro que cantar y tocar molaba m\u00e1s!<\/b><br \/>\n<i>No creas&#8230; en ese momento no eres consciente realmente de lo que se te viene encima, gracias a esos a\u00f1os perdidos, entre comillas, de la  infancia he conseguido mis objetivos en lo profesional; de todos modos en nuestros comienzos como grupo tuvimos tiempo incluso de compartir con nuestros fans `toda clase de juegos\u2019 (ummm no ha sonado muy bien esto \u00bfno?). De todas maneras en mi tiempo libre a\u00fan sigo jugando al pilla-pilla con los peques aunque ellos prefieran el iPad (risas).<\/i><\/p>\n<p><a href=\"http:\/\/www.manologarciaycia.com\/wp-content\/uploads\/2015\/02\/RM_Radio.jpg\"><img loading=\"lazy\" decoding=\"async\" src=\"http:\/\/www.manologarciaycia.com\/wp-content\/uploads\/2015\/02\/RM_Radio-150x150.jpg\" alt=\"RM_Radio\" width=\"150\" height=\"150\" class=\"alignleft size-thumbnail wp-image-11870\" \/><\/a><\/p>\n<p><b>De adolescente sigues explotando tus inquietudes art\u00edstico-musicales y llegas a la radio; a Radio Gav\u00e1, concretamente, d\u00f3nde haces de locutor unos 5 a\u00f1os \u00bfes as\u00ed? Cu\u00e9ntanos la experiencia, qu\u00e9 hac\u00edas, c\u00f3mo te sirvi\u00f3 para crecer musicalmente, etc.<\/b><br \/>\n<i>La verdad es que mi paso por la radio fue fortuito. En un periodo de mi adolescencia me interes\u00f3 bastante todo lo que rodeaba a ese mundo y tuve la suerte de que un buen d\u00eda me recomendaron para presentarme a hacer un peque\u00f1o casting en la emisora de mi ciudad y as\u00ed sin apenas darme cuenta entr\u00e9. Mi primer programa fue exclusivamente dedicado a la m\u00fasica Rock y Heavy Metal que se escuchaba en ese momento; se emit\u00eda en directo los martes a las 11 de la noche para todo el Baix LLobregat. M\u00e1s tarde me propusieron conducir y dirigir mi propio programa Magazine con el que me curt\u00ed a nivel  entrevistas, m\u00fasica, noticias, etc&#8230; Todas esas horas de radio me sirvieron much\u00edsimo para enriquecerme sobre todo en lo musical y estar totalmente conectado a las novedades que llegaban a la radio en forma de vinilos promocionales, adem\u00e1s de poder disfrutar de una amplia e interminable fonoteca a mi alcance.<\/i><\/p>\n<p><a href=\"http:\/\/www.manologarciaycia.com\/wp-content\/uploads\/2015\/02\/RM_Disco.jpg\"><img loading=\"lazy\" decoding=\"async\" src=\"http:\/\/www.manologarciaycia.com\/wp-content\/uploads\/2015\/02\/RM_Disco-150x150.jpg\" alt=\"RM_Disco\" width=\"150\" height=\"150\" class=\"alignright size-thumbnail wp-image-11871\" srcset=\"https:\/\/www.manologarciaycia.com\/wp-content\/uploads\/2015\/02\/RM_Disco-150x150.jpg 150w, https:\/\/www.manologarciaycia.com\/wp-content\/uploads\/2015\/02\/RM_Disco-500x496.jpg 500w, https:\/\/www.manologarciaycia.com\/wp-content\/uploads\/2015\/02\/RM_Disco.jpg 600w\" sizes=\"auto, (max-width: 150px) 100vw, 150px\" \/><\/a><\/p>\n<p><b>Y al salir de la radio, ya vamos en serio: Pasi\u00f3n Vega, Ivory, La Fuga, Combo-k-dos y Punto Final, etc. algunos grupos con los que ganas o llegas a finalista en algunos cert\u00e1menes locales \u00bfsiempre voz y guitarra? O sea, qu\u00e9 te motivaba m\u00e1s: \u00bfcantar o tocar?<\/b><br \/>\n<i>Cuando salgo de la radio decido retomar mi carrera musical y contacto con varios m\u00fasicos de la zona, y de ah\u00ed van surgiendo formaciones como Punto y Final, La Fuga, Combo-K-dos, que sirven para recorrer distintos garitos de Barcelona y provincia, a veces en condiciones bastante precarias, combinando una gira con Ivory, varios cert\u00e1menes de canta-autores en los que me presentaba con mi guitarra y sol\u00eda quedar entre los finalistas, incluso uno de los a\u00f1os me llev\u00e9 el primer premio. En definitiva de nuevo coger tablas en directo y curtirme m\u00e1s si cabe en los escenarios. Lo de Pasi\u00f3n Vega es un cap\u00edtulo posterior, mi etapa profesional, que luego comentaremos. En cualquier caso lo de la guitarra colgada a la espalda siempre ha formado parte de m\u00ed y he aprendido a cantar con ella a cuestas. Creo que ser\u00e1 dif\u00edcil verme cantar sin ella colgada, es un escudo protector para muchos, en los cuales me incluyo.<\/i><\/p>\n<p><a href=\"http:\/\/www.manologarciaycia.com\/wp-content\/uploads\/2015\/02\/RM_AV_C.jpg\"><img loading=\"lazy\" decoding=\"async\" src=\"http:\/\/www.manologarciaycia.com\/wp-content\/uploads\/2015\/02\/RM_AV_C-150x150.jpg\" alt=\"RM_AV_C\" width=\"150\" height=\"150\" class=\"alignleft size-thumbnail wp-image-11874\" srcset=\"https:\/\/www.manologarciaycia.com\/wp-content\/uploads\/2015\/02\/RM_AV_C-150x150.jpg 150w, https:\/\/www.manologarciaycia.com\/wp-content\/uploads\/2015\/02\/RM_AV_C-498x500.jpg 498w, https:\/\/www.manologarciaycia.com\/wp-content\/uploads\/2015\/02\/RM_AV_C.jpg 600w\" sizes=\"auto, (max-width: 150px) 100vw, 150px\" \/><\/a>  <\/p>\n<p><b>Los que hemos tenido la suerte de o\u00edrte en directo (tocar y cantar) no tenemos ninguna duda de tu val\u00eda como cantante, de lo grande que es tu voz y de tu enorme virtuosismo a la guitarra; He le\u00eddo a algunos compa\u00f1eros tuyos de profesi\u00f3n que al escuchar tus maquetas han pensado: \u00a1el Antonio Vega de Barcelona! Menudo piropo. Cu\u00e9ntanos un poco qu\u00e9 opinas al respecto.<\/b><br \/>\n<i>Buffff\u2026 Agradezco el piropo con respecto a lo de A. Vega, (no s\u00e9 de donde puede venir pero es demasiado fuerte). Antonio merece todos mis respetos y los de muchos cantautores de este pa\u00eds. Considero que no hubo ni habr\u00e1 nadie que ni siquiera pueda acercarse al universo Vega en cuanto a su voz, sus composiciones y su arte en general se refiere. Tuve la grand\u00edsima suerte de poder acompa\u00f1arle en varias giras y considero que es uno de los referentes importantes dentro de la m\u00fasica popular en nuestro pa\u00eds, perdurar\u00e1 en nuestros corazones para siempre.<\/i><\/p>\n<p><b>\u00bfSabr\u00edas la cantidad de discos en los que has hecho coros y guitarra? \u00bfLos tienes contabilizados o es realmente imposible? \u00a1Sabemos que son una infinidad!<\/b><br \/>\n<i>No tengo ni idea\u2026 soy un desastre pero deber\u00eda hacer recuento para ponerme al d\u00eda con la AIE (risas).<\/i><\/p>\n<p><b>Entre esos discos, est\u00e1n los de artistas consagrados tanto a nivel nacional como internacional como podr\u00edan ser: Nacho Garcia Vega, Pasi\u00f3n Vega, Antonio Vega, Rosario Flores, Antonio Carmona, Miguel R\u00edos, Los Secretos, Ariel Rot, Raimundo Amador, Miguel R\u00edos, Manolo Garc\u00eda, etc. y seguro que nos dejamos alguno. Aunque creemos que el lujo es para ellos por poder contar contigo), qu\u00e9 lujo que esos grandes conf\u00eden en ti \u00bfno?<\/b><br \/>\n<i>\u00a1Gracias por enumerar algunos! Est\u00e1s nombrando a artistas consagrados y de primera fila del pa\u00eds pero hay muchos m\u00e1s discos de artistas y m\u00fasicos en los que he colaborado durante todos estos a\u00f1os y que no aparecen ni siquiera en las listas de \u00e9xitos; no por eso dejan de ser discazos y gran parte de ellos joyas musicales. La industria obliga casi siempre a mostrar una parte peque\u00f1\u00edsima de todo el universo musical que existe y que desgraciadamente es m\u00e1s dif\u00edcil de encontrar; aunque por otra parte hoy en d\u00eda gracias a las plataformas digitales podemos llegar a descubrir grupos y m\u00fasicos que no se pueden dar a conocer de otra manera.<\/i><\/p>\n<p><a href=\"http:\/\/www.manologarciaycia.com\/wp-content\/uploads\/2015\/02\/RM_grupos.jpg\"><img loading=\"lazy\" decoding=\"async\" src=\"http:\/\/www.manologarciaycia.com\/wp-content\/uploads\/2015\/02\/RM_grupos-500x347.jpg\" alt=\"RM_grupos\" width=\"500\" height=\"347\" class=\"aligncenter size-medium wp-image-11876\" srcset=\"https:\/\/www.manologarciaycia.com\/wp-content\/uploads\/2015\/02\/RM_grupos-500x347.jpg 500w, https:\/\/www.manologarciaycia.com\/wp-content\/uploads\/2015\/02\/RM_grupos.jpg 1024w, https:\/\/www.manologarciaycia.com\/wp-content\/uploads\/2015\/02\/RM_grupos-695x483.jpg 695w, https:\/\/www.manologarciaycia.com\/wp-content\/uploads\/2015\/02\/RM_grupos-930x646.jpg 930w\" sizes=\"auto, (max-width: 500px) 100vw, 500px\" \/><\/a><\/p>\n<p><b>De todos estos a\u00f1os, de tantas colaboraciones, etc. tendr\u00e1s muchas an\u00e9cdotas \u00bfno? cu\u00e9ntanos alguna, venga \u00bfcon qui\u00e9n girar\u00edas sin pensarlo? \u00bfQui\u00e9n es m\u00e1s cachondo? \u00bfQui\u00e9n m\u00e1s profesional? \u00bfEl m\u00e1s &#8216;locatico\u2019?<\/b><br \/>\n<i>Son muchas las an\u00e9cdotas que podr\u00eda contar a lo largo de estos a\u00f1os de carretera y manta pero prefiero guardarlas en mi recuerdo; eso s\u00ed, me qued\u00e9 con la espinita de poder compartir escenario con Antonio Flores, otro de los compositores importantes de nuestra tierra.<\/i><\/p>\n<p><b>Respecto a tu trabajo \u00bfpodr\u00edas decirnos brevemente qu\u00e9 te ha aportado como m\u00fasico cada uno de ellos? \u00bfY c\u00f3mo persona? Por ejemplo \u00bfAntonio Vega? (al que seguro echar\u00e1s de menos)<\/b><br \/>\n<i>Musicalmente he intentado absorber de cada uno de ellos, al ser tan diferentes entre ellos, te enriqueces m\u00e1s all\u00e1 de su m\u00fasica y te ayuda a mimetizarte en muchos terrenos tan dispares; su cultura, sus arraigos y en lo personal de alguna manera llegas a formar parte de ellos, son muchos vivencias, camerinos, hoteles y kil\u00f3metros recorridos.<\/i><\/p>\n<p><a href=\"http:\/\/www.manologarciaycia.com\/wp-content\/uploads\/2015\/02\/10849975_1005844086097359_2317034375570650725_n.jpg\"><img loading=\"lazy\" decoding=\"async\" src=\"http:\/\/www.manologarciaycia.com\/wp-content\/uploads\/2015\/02\/10849975_1005844086097359_2317034375570650725_n-150x150.jpg\" alt=\"10849975_1005844086097359_2317034375570650725_n\" width=\"150\" height=\"150\" class=\"alignright size-thumbnail wp-image-11878\" srcset=\"https:\/\/www.manologarciaycia.com\/wp-content\/uploads\/2015\/02\/10849975_1005844086097359_2317034375570650725_n-150x150.jpg 150w, https:\/\/www.manologarciaycia.com\/wp-content\/uploads\/2015\/02\/10849975_1005844086097359_2317034375570650725_n-500x500.jpg 500w, https:\/\/www.manologarciaycia.com\/wp-content\/uploads\/2015\/02\/10849975_1005844086097359_2317034375570650725_n.jpg 640w\" sizes=\"auto, (max-width: 150px) 100vw, 150px\" \/><\/a><\/p>\n<p><b>Y trabajar con Manolo Garc\u00eda \u00bfc\u00f3mo es? \u00bfQu\u00e9 te aporta como m\u00fasico? \u00bfY c\u00f3mo persona? Que por cierto este a\u00f1o todav\u00eda no te ha llamado para que cierres la agenda \u00bfno? \u00a1Nos tiene en ascuas!<\/b><br \/>\n<i>Manolo no tiene m\u00f3vil (risas); bueno en la \u00faltima gira se hizo con uno bastante sencillo &#8211; para nada de \u00faltima generaci\u00f3n &#8211; y de vez en cuando charlamos. Es una persona culta, honesta y a la vez sencilla; uno de los artistas con los que mejor me puedo entender; Manolo me ha ayudado mucho en lo profesional y en lo personal; y le estar\u00e9 eternamente agradecido.<\/i><\/p>\n<p><b>Volviendo al tema de la creatividad art\u00edstica y esa inquietud musical con la que ya naciste, tenemos constancia de varios proyectos que has estado liderando o compartiendo con otros compa\u00f1eros y amigos de profesi\u00f3n; \u00bfarrancan por eso, por esa inquietud? \u00bfO como ya sabemos &#8216;la cosa est\u00e1 muy mala&#8217; y hay que currar todo lo que se pueda para ganarse el jornal?<\/b><br \/>\n<i>A cada cerdo le llega su San Mart\u00edn, y a mi parece que por fin est\u00e1 llamado a la puerta de casa. Mira yo llevo toda la vida trabajando en algo que me gusta much\u00edsimo que es la m\u00fasica, rodeado de escenarios, envuelto en el olor de fligthcases, y sufriendo el calor que producen las luces cuando comienza el show; y ah\u00ed quiero seguir, est\u00e1 claro que necesitamos sobrevivir en estos tiempos perros que corren pero hay algo muy importante que nada ni nadie nos va a quitar nunca a los m\u00fasicos, que son las ganas de subirnos a un escenario y tocar, las ganas de coger una guitarra y componer, las ganas de vivir nuestra vida sin m\u00e1s&#8230;<\/i><\/p>\n<p><b>Enumeremos los \u00faltimos proyectos\/bandas en los que has estado involucrado: Mazonas Band, Langa, Homenaje a Antonio Vega (con Basilio Mart\u00ed), Antonella, Ramos &#038; Mar\u00edn&#8230; Y creemos que tambi\u00e9n produces, como por ejemplo disco de tu amigo Charly Sard\u00e1 \u00bfte queda tiempo para algo?<\/b><br \/>\n<i>Siempre queda tiempo para algo o nunca queda tiempo para nada, seg\u00fan el cristal con que se mire, pero hay un cuesti\u00f3n importante, en mi caso rindo m\u00e1s por las noches y no me llevo muy bien con los del horario matinal, as\u00ed que es una cuesti\u00f3n de tener tu propio timming y organizarte para poder abarcar tantas cosas a la vez. Empiezo proyectos y no los acabo porque en realidad las giras no te permiten hacerlo por eso precisamente en estos dos \u00faltimos a\u00f1os de crisis horrible me ha hecho de alg\u00fan modo centrarme en lo m\u00edo de una manera m\u00e1s obligada. La \u00faltima producci\u00f3n que estoy haciendo es el primer disco en solitario de mi hermano Charly Sard\u00e1, no como bater\u00eda si no como cantante &#8211; se niega a tocar bater\u00edas en su disco, cosa que no llego a entender. Intento producir y tocar con la gente que me da buena vibraci\u00f3n y de momento hasta ahora lo voy consiguiendo; lo dem\u00e1s no me interesa. <\/i><\/p>\n<p><a href=\"http:\/\/www.manologarciaycia.com\/wp-content\/uploads\/2015\/02\/RM_0.png\"><img loading=\"lazy\" decoding=\"async\" src=\"http:\/\/www.manologarciaycia.com\/wp-content\/uploads\/2015\/02\/RM_0-500x268.png\" alt=\"RM_0\" width=\"500\" height=\"268\" class=\"aligncenter size-medium wp-image-11885\" srcset=\"https:\/\/www.manologarciaycia.com\/wp-content\/uploads\/2015\/02\/RM_0-500x268.png 500w, https:\/\/www.manologarciaycia.com\/wp-content\/uploads\/2015\/02\/RM_0-695x373.png 695w, https:\/\/www.manologarciaycia.com\/wp-content\/uploads\/2015\/02\/RM_0-930x499.png 930w, https:\/\/www.manologarciaycia.com\/wp-content\/uploads\/2015\/02\/RM_0-250x135.png 250w, https:\/\/www.manologarciaycia.com\/wp-content\/uploads\/2015\/02\/RM_0.png 960w\" sizes=\"auto, (max-width: 500px) 100vw, 500px\" \/><\/a><\/p>\n<p><b>Y vamos ya al presente \u00bfqu\u00e9 es Buenas Intenciones? \u00bfC\u00f3mo surge el proyecto y la idea?<\/b><br \/>\n<i>La idea en principio es un proyecto en forma de concierto que me propone mi amigo y paisano Rub\u00e9n Valderrama de les Nits de les Arts (oficina de Management que tiene su sede en Gav\u00e1); a ra\u00edz de una conversaci\u00f3n con \u00e9l surge la idea de celebrar todos estos a\u00f1os que llevo en la m\u00fasica y me propone hacer un concierto con mi banda y algunos invitados en una sala de Madrid. Despu\u00e9s de estudiar la propuesta de Rub\u00e9n decid\u00ed darle una vuelta de tuerca a lo que me ofrec\u00eda y me dio la idea de pensar que deber\u00eda aprovechar toda la cantidad de material que ten\u00eda guardado en el caj\u00f3n en forma de canciones y de una vez por todas mostrarlas al mundo. S\u00e9 que es una manera poco frecuente de presentar tu proyecto porque casi siempre la gente en su primer trabajo suele primero grabar el disco en estudio y posteriormente presentarlo en directo, en mi caso no es el primero &#8211; saqu\u00e9 mi primer LP en 1993; me parece interesante arriesgar haciendo un directo sin que el p\u00fablico apenas conozca mi material. Nos estamos encargando de mostrar poco a poco en las redes sociales en forma de clips todas las canciones que podamos subir hasta que se acerque a fecha del concierto para que de alguna manera la gente tenga una ligera idea de lo que va a escuchar en el concierto. En cuanto al t\u00edtulo del disco, mis amigos y gente m\u00e1s cercana fuimos barajando varias opciones y en una noche de risas surgi\u00f3 lo de Buenas Intenciones; creo que es un buen t\u00edtulo para definir todo lo que representa esta grabaci\u00f3n. <\/i><\/p>\n<p><center><iframe loading=\"lazy\" width=\"560\" height=\"315\" src=\"https:\/\/www.youtube.com\/embed\/rhfNrG50Yks\" frameborder=\"0\" allowfullscreen><\/iframe><\/center><\/p>\n<p><b>\u00bfQu\u00e9 podemos esperar los que vamos a ir a veros? \u00bfQu\u00e9 le dir\u00edais a alguien que no sabe si acudir o no? \u00bfCon qu\u00e9 se encontrar\u00e1?<\/b><br \/>\n<i>Se va a encontrar con una s\u00faper banda de 10 m\u00fasicos en el escenario y con un pu\u00f1ado de canciones compuestas la mayor\u00eda por m\u00ed y alguna colaboraci\u00f3n de mis compa\u00f1ero m\u00fasicos; tengo la suerte de contar con grandes compositores dentro de la banda: Paco Bastante, Nacho Lesko, Mikki Nilsen, Satur Rodriguez; y la colaboraci\u00f3n de grandes letristas que se han querido sumar a la fiesta. Estoy convencido que no dejar\u00e1 indiferente a nadie.<\/i><\/p>\n<p><b>Como banda, un buen ramillete de colegas: Anye Bao, Luis Dulzaides, Paco Bastante, Satur Rodr\u00edguez, Mikki Nilsen, Nacho Lesko, Basilio Mart\u00ed, Dave Lerman, Toni Mart\u00edn y Pepe Rinc\u00f3n, etc. \u00bfhan hecho los deberes y ya se saben la lecci\u00f3n o est\u00e1is todav\u00eda de ensayos?<\/b><br \/>\n<i>Tengo la mejor banda que pueda tener nadie en estos momentos porque con la mayor\u00eda de ellos he pasado mucho tiempo de gira y nos tratamos como hermanos; es importante conseguir esa energ\u00eda para despu\u00e9s trasladarla al  p\u00fablico que asista al concierto. Todo la banda tiene el material en casa y cada uno de ellos est\u00e1 estudi\u00e1ndose su trabajo, la idea es juntarnos dos semanas antes del concierto para hacer una primera toma de contacto y los d\u00edas previos organizar ensayos generales con t\u00e9cnicos, productores y gente involucrada en el evento para pasar los temas con los artistas. La idea es que los artistas elijan un tema de mi repertorio para interpretarlos con ellos y arreglarlos en base al estilo de cada uno. Va a ser una experiencia incre\u00edble ver como hacen suyas mis canciones \u00a1No os lo pod\u00e9is perder!<\/i><\/p>\n<p><b>Se ve que all\u00e1 por d\u00f3nde has pasado has dejado m\u00e1s que buenos amigos, por que vaya lujo de cartel de invitados: Manolo Garc\u00eda, Miguel R\u00edos, Los Secretos, Raimundo Amador, Ariel Rot, David Summers, Nacho G\u00aa Vega y O\u00b4Funk\u00b4illo, y seguro que se unen m\u00e1s invitados \u00bfaceptan a la primera? \u00bfO alguno se ha hecho el remol\u00f3n? \u00bfQu\u00e9 supone para ti que est\u00e9n apoy\u00e1ndote en este nuevo proyecto?<\/b><br \/>\n<i>Me siento muy feliz porque todos los artistas me han arropado desde el principio. Les propuse la idea de colaborar en el concierto y no se lo pensaron dos veces. No creo que sea una cuesti\u00f3n de aceptar a la primera o hacerse el remol\u00f3n; en nuestro caso todo el mundo se volc\u00f3 desde el primer momento y m\u00e1s bien se trat\u00f3 de saber si cuadraban sus fechas para estar disponibles de cara al concierto. No me puedo quejar y soy consciente que muy pocas veces se puede juntar tanto talento en una misma noche y disfrutar de cada uno de ellos en un mismo escenario. Agradezco a todos los artistas, m\u00fasico, t\u00e9cnicos, producci\u00f3n por el apoyo que estoy recibiendo.  <\/i><\/p>\n<p><b>\u00bfSe acaba aqu\u00ed esto? Conscientes de tu trayectoria y conoci\u00e9ndote lo dudamos mucho.<\/b><br \/>\n<i>Espero que no, despu\u00e9s del paliz\u00f3n que nos estamos pegando para llevar a cabo el concierto del 11 de Marzo ser\u00eda muy injusto no aprovecharlo para presentarlo en otras ciudades. El primer objetivo es grabarlo en audio y video para dejar constancia de esa noche tan especial para m\u00ed y luego ya veremos c\u00f3mo se plantea el futuro de Buenas Intenciones. Que sea largo y  de muchos frutos para poder seguir haciendo lo que nos gusta \u00a1hacer m\u00fasica!<\/i><\/p>\n<p><b>Pues muchas gracias Ricardo, mucha suerte con el nuevo proyecto, y aqu\u00ed nos tienes, para lo que necesites. \u00a1Un abrazo crack!<\/b><br \/>\n<i>Gracias Xavi y un saludo especial para la gente de Petaos.net, os quiero ver a todos en primera fila\u2026 \u00a1Abrazos fuertes!<\/i><\/p>\n<p><a href=\"http:\/\/www.manologarciaycia.com\/wp-content\/uploads\/2015\/01\/RM_11M_MG.jpg\"><img loading=\"lazy\" decoding=\"async\" src=\"http:\/\/www.manologarciaycia.com\/wp-content\/uploads\/2015\/01\/RM_11M_MG.jpg\" alt=\"RM_11M_MG\" width=\"600\" height=\"844\" class=\"aligncenter size-full wp-image-11844\" srcset=\"https:\/\/www.manologarciaycia.com\/wp-content\/uploads\/2015\/01\/RM_11M_MG.jpg 600w, https:\/\/www.manologarciaycia.com\/wp-content\/uploads\/2015\/01\/RM_11M_MG-355x500.jpg 355w\" sizes=\"auto, (max-width: 600px) 100vw, 600px\" \/><\/a><\/p>\n<p>Facebook Oficial de Ricardo Mar\u00edn: <a href=\"https:\/\/www.facebook.com\/ricardomarinmusic\" target=\"_blank\">ENLACE<\/a><br \/>\nFacebook del Evento: <a href=\"https:\/\/www.facebook.com\/events\/769989313089967\/\" target=\"_blank\">ENLACE<\/a><\/p>\n<p>Fuente: Manolo Garc\u00eda y Compa\u00f1\u00eda &#8211; Petaos.net &#8211; EVENTO: <a href=\"http:\/\/www.manologarciaycia.com\/?ajde_events=ricardo-marin-concierto-madrid\" target=\"_blank\">http:\/\/www.manologarciaycia.com\/?ajde_events=ricardo-marin-concierto-madrid<\/a><\/p>\n","protected":false},"excerpt":{"rendered":"<p>Con motivo de su pr\u00f3ximo concierto, en Joy Eslava (Madrid) el pr\u00f3ximo 11 de Marzo, del que se grabar\u00e1 el CD\/DVD de su nuevo disco, tenemos el honor de entrevistar a uno de los m\u00fasicos m\u00e1s prol\u00edficos de Espa\u00f1a, alguien que, si me disculp\u00e1is la expresi\u00f3n, \u00a1esto lo ha mamado! Hola Ricardo, as\u00ed, para romper<a class=\"moretag\" href=\"https:\/\/www.manologarciaycia.com\/?p=11862\" title=\"Entrevista a Ricardo Mar\u00edn \u00a1Buenas Intenciones!: \u00abPocas veces se puede juntar tanto talento en una misma noche\u00bb MA\u00d1ANA ES EL D\u00cdA!\" target=\"_self\" rel=\"follow\"> <font face=arial size=2>[Leer m\u00e1s]<\/font> <\/a><\/p>\n","protected":false},"author":2,"featured_media":11883,"comment_status":"closed","ping_status":"closed","sticky":false,"template":"","format":"standard","meta":{"footnotes":""},"categories":[1,23],"tags":[],"class_list":["post-11862","post","type-post","status-publish","format-standard","has-post-thumbnail","hentry","category-manolo-garcia","category-otros"],"_links":{"self":[{"href":"https:\/\/www.manologarciaycia.com\/index.php?rest_route=\/wp\/v2\/posts\/11862","targetHints":{"allow":["GET"]}}],"collection":[{"href":"https:\/\/www.manologarciaycia.com\/index.php?rest_route=\/wp\/v2\/posts"}],"about":[{"href":"https:\/\/www.manologarciaycia.com\/index.php?rest_route=\/wp\/v2\/types\/post"}],"author":[{"embeddable":true,"href":"https:\/\/www.manologarciaycia.com\/index.php?rest_route=\/wp\/v2\/users\/2"}],"replies":[{"embeddable":true,"href":"https:\/\/www.manologarciaycia.com\/index.php?rest_route=%2Fwp%2Fv2%2Fcomments&post=11862"}],"version-history":[{"count":18,"href":"https:\/\/www.manologarciaycia.com\/index.php?rest_route=\/wp\/v2\/posts\/11862\/revisions"}],"predecessor-version":[{"id":12136,"href":"https:\/\/www.manologarciaycia.com\/index.php?rest_route=\/wp\/v2\/posts\/11862\/revisions\/12136"}],"wp:featuredmedia":[{"embeddable":true,"href":"https:\/\/www.manologarciaycia.com\/index.php?rest_route=\/wp\/v2\/media\/11883"}],"wp:attachment":[{"href":"https:\/\/www.manologarciaycia.com\/index.php?rest_route=%2Fwp%2Fv2%2Fmedia&parent=11862"}],"wp:term":[{"taxonomy":"category","embeddable":true,"href":"https:\/\/www.manologarciaycia.com\/index.php?rest_route=%2Fwp%2Fv2%2Fcategories&post=11862"},{"taxonomy":"post_tag","embeddable":true,"href":"https:\/\/www.manologarciaycia.com\/index.php?rest_route=%2Fwp%2Fv2%2Ftags&post=11862"}],"curies":[{"name":"wp","href":"https:\/\/api.w.org\/{rel}","templated":true}]}}