{"id":11857,"date":"2015-02-01T13:52:51","date_gmt":"2015-02-01T12:52:51","guid":{"rendered":"http:\/\/www.manologarciaycia.com\/?p=11857"},"modified":"2015-02-01T13:53:07","modified_gmt":"2015-02-01T12:53:07","slug":"bisbal-el-pescao-o-manolo-garcia-en-un-concierto-solidario-por-etiopia","status":"publish","type":"post","link":"https:\/\/www.manologarciaycia.com\/?p=11857","title":{"rendered":"Bisbal, El Pescao o Manolo Garc\u00eda, en un concierto solidario por Etiop\u00eda"},"content":{"rendered":"<p>El evento, organizado por Cadena 100 y Manos Unidas, tendr\u00e1 lugar el 21 de marzo en el Barclay Card Center de Madrid.<\/p>\n<p>David Bisbal, Manolo Garc\u00eda, Maldita Nerea, Amaia Montero y El Pescao, son los primeros artistas confirmados que participar\u00e1n en el concierto La Noche de Cadena 100 que recaudar\u00e1 fondos para construir una escuela en Hosana, Etiop\u00eda. El evento, que cuenta con la colaboraci\u00f3n de Manos Unidas, se celebrar\u00e1 el 21 de marzo en el Barclay Card Center de Madrid (antiguo Palacio de los Deportes).<\/p>\n<p>Muchos de los artistas m\u00e1s destacados del pop-rock espa\u00f1ol del momento, as\u00ed como alguna sorpresa internacional compondr\u00e1n el cartel de LA NOCHE DE CADENA 100 que se ir\u00e1 desvelando a lo largo de la pr\u00f3xima semana en el programa despertador \u00a1Buenos D\u00edas, Javi y Mar!<\/p>\n<p>El Barclaycard Center de Madrid albergar\u00e1 un espect\u00e1culo de tres horas en directo y sin interrupciones, con distintos escenarios paralelos y una gran producci\u00f3n t\u00e9cnica.<\/p>\n<p>Las entradas para acudir al concierto ya est\u00e1n a la venta y se pueden adquirir en cualquier centro de El Corte Ingl\u00e9s, en el 902 400 222 y en www.elcorteingles.es\/entradas<\/p>\n<p>Fuente: El Bolet\u00edn &#8211; <a href=\"http:\/\/www.elboletin.com\/contraportada\/111403\/bisbal-el-pescao-manolo-garcia-etiopia.html\" target=\"_blank\">ENLACE<\/a><\/p>\n","protected":false},"excerpt":{"rendered":"<p>El evento, organizado por Cadena 100 y Manos Unidas, tendr\u00e1 lugar el 21 de marzo en el Barclay Card Center de Madrid. David Bisbal, Manolo Garc\u00eda, Maldita Nerea, Amaia Montero y El Pescao, son los primeros artistas confirmados que participar\u00e1n en el concierto La Noche de Cadena 100 que recaudar\u00e1 fondos para construir una escuela<a class=\"moretag\" href=\"https:\/\/www.manologarciaycia.com\/?p=11857\" title=\"Bisbal, El Pescao o Manolo Garc\u00eda, en un concierto solidario por Etiop\u00eda\" target=\"_self\" rel=\"follow\"> <font face=arial size=2>[Leer m\u00e1s]<\/font> <\/a><\/p>\n","protected":false},"author":2,"featured_media":11858,"comment_status":"closed","ping_status":"closed","sticky":false,"template":"","format":"standard","meta":{"footnotes":""},"categories":[1],"tags":[],"class_list":["post-11857","post","type-post","status-publish","format-standard","has-post-thumbnail","hentry","category-manolo-garcia"],"_links":{"self":[{"href":"https:\/\/www.manologarciaycia.com\/index.php?rest_route=\/wp\/v2\/posts\/11857","targetHints":{"allow":["GET"]}}],"collection":[{"href":"https:\/\/www.manologarciaycia.com\/index.php?rest_route=\/wp\/v2\/posts"}],"about":[{"href":"https:\/\/www.manologarciaycia.com\/index.php?rest_route=\/wp\/v2\/types\/post"}],"author":[{"embeddable":true,"href":"https:\/\/www.manologarciaycia.com\/index.php?rest_route=\/wp\/v2\/users\/2"}],"replies":[{"embeddable":true,"href":"https:\/\/www.manologarciaycia.com\/index.php?rest_route=%2Fwp%2Fv2%2Fcomments&post=11857"}],"version-history":[{"count":1,"href":"https:\/\/www.manologarciaycia.com\/index.php?rest_route=\/wp\/v2\/posts\/11857\/revisions"}],"predecessor-version":[{"id":11859,"href":"https:\/\/www.manologarciaycia.com\/index.php?rest_route=\/wp\/v2\/posts\/11857\/revisions\/11859"}],"wp:featuredmedia":[{"embeddable":true,"href":"https:\/\/www.manologarciaycia.com\/index.php?rest_route=\/wp\/v2\/media\/11858"}],"wp:attachment":[{"href":"https:\/\/www.manologarciaycia.com\/index.php?rest_route=%2Fwp%2Fv2%2Fmedia&parent=11857"}],"wp:term":[{"taxonomy":"category","embeddable":true,"href":"https:\/\/www.manologarciaycia.com\/index.php?rest_route=%2Fwp%2Fv2%2Fcategories&post=11857"},{"taxonomy":"post_tag","embeddable":true,"href":"https:\/\/www.manologarciaycia.com\/index.php?rest_route=%2Fwp%2Fv2%2Ftags&post=11857"}],"curies":[{"name":"wp","href":"https:\/\/api.w.org\/{rel}","templated":true}]}}