{"id":11847,"date":"2015-01-31T08:11:54","date_gmt":"2015-01-31T07:11:54","guid":{"rendered":"http:\/\/www.manologarciaycia.com\/?p=11847"},"modified":"2015-01-31T08:29:39","modified_gmt":"2015-01-31T07:29:39","slug":"pr-manolo-garcia-en-fhm-no128","status":"publish","type":"post","link":"https:\/\/www.manologarciaycia.com\/?p=11847","title":{"rendered":"P&#038;R: MANOLO GARC\u00cdA, en FHM n\u00ba128"},"content":{"rendered":"<p>Aunque ha recibido el premio \u201cA una vida de rock\u201d, Manolo Garc\u00eda asegura que no le veremos de momento con melena y tatuajes. Prefiere darle duro a la guitarra y dejarse de chorradas. Repasamos la carrera del eterno rockero, que afirma que romper\u00eda todas las teles del mundo y nos revela con qu\u00e9 sue\u00f1a por las noches.<\/p>\n<p><strong>UNA PRIMICIA: VAMOS A GRABAR EL SEGUNDO CD DE LOS R\u00c1PIDOS, QUE SE QUED\u00d3 EN MAQUETA<\/strong><\/p>\n<p><b>Con siete a\u00f1os ya pintabas y experimentabas otras formas de arte, \u00bfte dec\u00edan que eras un bicho raro?<\/b><br \/>\n<i>No, la \u00fanica rareza que pod\u00eda tener era que no me gustaba jugar al f\u00fatbol. Era de los pocos chavales del barrio a los que no le interesaba en absoluto.<\/i><\/p>\n<p><b>\u00bfEn la bater\u00eda no eras nada del otro mundo o tambi\u00e9n podr\u00edas haber hecho carrera?<\/b><br \/>\n<i>Si hubiera perseverado claro que hubiera podido hacer carrera como bater\u00eda. Pero estaba distra\u00eddo, era un bater\u00eda de nota media, y me plante\u00e9 que si no iba a ser uno de 10 o de 9 pues mejor dejarlo\u2026 <\/i><font color=#fff>http:\/\/www.manologarciaycia.com<\/font><\/p>\n<p><b>De joven en algunos conciertos sol\u00edas romper televisores\u2026 \u00bfromper\u00edas ahora un plasma de esos que cuestan miles de euros?<\/b><br \/>\n<i>S\u00ed, son cosas que se pueden romper. Podr\u00edamos prescindir de muchos cachivaches y el mundo no se alterar\u00eda en absoluto, incluso yo creo que ganar\u00eda. Romper\u00eda multitud de cachivaches in\u00fatiles, pero para que no volvieran m\u00e1s.<\/i><\/p>\n<p><b>Eres muy pasional y lo das todo en tus actuaciones \u2013te llegaste a desmayar\u2013 \u00bfnotas los a\u00f1os o a\u00fan tienes mucha guerra que dar?<\/b><br \/>\n<i>Lo de desmayar es una tonter\u00eda, yo ten\u00eda seis a\u00f1os. Y entre el calor, los focos y que yo era un ni\u00f1o peque\u00f1o, pues me dio una lipotimia, normal jajaja.<\/i><\/p>\n<p><b>Los R\u00e1pidos, Los Burros, El \u00daltimo de la Fila\u2026 \u00bfalguna posibilidad de volver a un grupo tras haber vivido ya una larga experiencia en solitario?<\/b><br \/>\n<i>No, en los escenarios absolutamente no. Pero estoy hablando con gente de Los R\u00e1pidos, con los que tengo una relaci\u00f3n excelente, y te voy a dar una primicia: es muy probable que hagamos un segundo disco de Los R\u00e1pidos, el segundo, que nunca fue y se qued\u00f3 en maquetas. Lo grabaremos ahora.<\/i><\/p>\n<p><b>Elige un m\u00fasico con quien te has quedado con las ganas de trabajar\u2026<\/b><br \/>\n<i>Buah, much\u00edsimos. Siempre he pensado que me gustar\u00eda grabar alg\u00fan disco con John Cougar, que es un rockero veterano americano, una leyenda. O bandas m\u00edticas como Steely Dan, te dir\u00eda decenas. <\/i><font color=#fff>http:\/\/www.manologarciaycia.com<\/font><\/p>\n<p><b>\u00bfEs tanta la diferencia entre la profesionalidad de los m\u00fasicos de Espa\u00f1a y los de otros pa\u00edses? <\/b><br \/>\n<i>Ninguna, la profesionalidad es totalmente la misma, aqu\u00ed hay un nivel absoluto. Hay quiz\u00e1s un peque\u00f1o escal\u00f3n en que ellos son los inventores de todo esto, ellos tienen la matriz y el molde. Es m\u00e1s algo psicol\u00f3gico; es algo diferente, pero no mejor.<\/i><\/p>\n<p><b>Conoces decenas de pa\u00edses debido a tu vida profesional, \u00bfno te complica eso para elegir luego a d\u00f3nde ir en vacaciones?<\/b><br \/>\n<i>Yo el t\u00e9rmino vacaciones no lo aplico a mi vida. Para m\u00ed las vacaciones como las entendemos en nuestra sociedad de: 15 d\u00edas a Canc\u00fan, 12 d\u00edas a Benidorm\u2026 no me interesan nada. A m\u00ed me interesa el mundo, la antropolog\u00eda, el viaje. Y la m\u00fasica est\u00e1 siendo el viaje en s\u00ed mismo. Y en el viaje ya procuro hacer escapadas, visitar museos, oler la cultura local&#8230;<\/i><\/p>\n<p><b>Seg\u00fan t\u00fa, este \u00faltimo es tu trabajo m\u00e1s rockero en mucho tiempo; y en el videoclip de Es mejor sentir salen perros y m\u00e1s perros. \u00bfEs una forma de decir que la vida del rockero es una vida perra?<\/b><br \/>\n<i>No, es casual. Los v\u00eddeos no tienen ning\u00fan sentido, generalmente son ideas peregrinas, de un realizador de v\u00eddeo, de un artista loco, de una casualidad&#8230; Un videoclip es algo muy somero, hemos puesto perros como pod\u00edamos haber puesto tortugas. <\/i><\/p>\n<p><b>Has recibido el premio \u201cA una vida de Rock\u201d de Rolling Stone, \u00bftan rockero te sientes?<\/b><br \/>\n<i>Bueno, en mi actitud por supuesto, y en el escenario tambi\u00e9n. Y en la m\u00fasica&#8230; si rockero es una persona que utiliza guitarras el\u00e9ctricas, pues s\u00ed, soy rockero. <\/i><\/p>\n<p><b>\u00bfAlguna vez te planteaste dejarte melena, tatuarte entero y entregarte 100% al rock?<\/b><br \/>\n<i>Para m\u00ed la imagen es algo superfl uo. No hay que aparentar nada, hay que demostrarlo. Cualquier cosa que hagan miles y miles de personas yo no lo voy a hacer, con todo el respeto, pero solo por eso yo no lo voy a hacer. Es una actitud vital, si todos caminan hacia el norte yo voy a caminar hacia el sur, ya que tengo dudas sobre lo que se nos impone, a lo que se nos avoca, a lo que se nos gu\u00eda.<\/i><font color=#fff>http:\/\/www.manologarciaycia.com<\/font><\/p>\n<p><b>Esta noche he so\u00f1ado con David Bowie es una canci\u00f3n de tu \u00faltimo disco, \u00bfalg\u00fan otro sue\u00f1o interesante que hayas tenido \u00faltimamente?<\/b><br \/>\n<i>Siempre tenemos dos sue\u00f1os antag\u00f3nicos, que creo que se repiten en mucha gente. El sue\u00f1o de que vuelas, que te das cuenta de que est\u00e1s volando y es la leche. Y luego el sue\u00f1o de la mili, que es horrible y se repite. Es una pesadilla, te dejas ah\u00ed la boca diciendo que t\u00fa ya la has hecho, pero da igual, no hay manera de librarte y te ponen a formar. <\/i><\/p>\n<p><b>De todos tus temas, \u00bfcu\u00e1l dir\u00edas que es el m\u00e1s emblem\u00e1tico?<\/b><br \/>\n<i>Yo creo que P\u00e1jaros de Barro, evidentemente.<\/i><\/p>\n<p><b>Todo el mundo conoce tu canci\u00f3n A San Fernando, \u00bfa los sitios vas a patita o como tantos otros artistas vas en coche con ch\u00f3fer y listo?<\/b><br \/>\n<i>No, ch\u00f3fer no. Jam\u00e1s se me ocurrir\u00eda tener un ch\u00f3fer. Yo me muevo en transporte p\u00fablico, en taxi, camino mucho\u2026 y me mov\u00eda mucho en bicicleta.<\/i><\/p>\n<p><b>No habr\u00e1 sido f\u00e1cil mantener tu vida pivada lejos de la prensa y del conocimiento p\u00fablico&#8230;<\/b><br \/>\n<i>Tampoco es dif\u00edcil, porque como no tengo nada que ocultar, no tengo nada que contar. No tengo inter\u00e9s en tener ning\u00fan inter\u00e9s extra musical.<\/i><\/p>\n<p><b>Cantas de lujo, pintas bien, sabes escribir textos bonitos, te gusta pasar desapercibido\u2026 \u00bfqu\u00e9 fallo tienes? \u00bfQu\u00e9 cocinas de pena o algo?<\/b><br \/>\n<i>Jajaja, hombre, eso habr\u00eda que pregunt\u00e1rselo a mi mam\u00e1. No s\u00e9, pues como todo el mundo, ya sabes, defectos todos tenemos.<\/i><\/p>\n<p><b>Con todas tus aficiones; leer, pintar, tocar\u2026 \u00bfvas por la vida cargado como una mula, no?<\/b><br \/>\n<i>Para estar fuera tres d\u00edas, pues tres mudas, pero en cambio llevo siete libros. Y la m\u00fasica, me pongo mi mierda esta peque\u00f1a, donde metes toda la mierda, el iPod o como se llame, y ah\u00ed van mis 200 discos. <\/i><\/p>\n<p><b>\u00bfY qu\u00e9 har\u00edas si estuvieses en un karaoke y hubiese alguien mancillando un tema tuyo?<\/b><br \/>\n<i>En un karaoke no har\u00eda nada. Aunque depende de las copas, al igual que ha salido \u00e9l, con unas copitas de m\u00e1s lo mismo sal\u00eda yo a acompa\u00f1arle.<\/i><\/p>\n<p>Fuente: FHM &#8211; N\u00famero 128 &#8211; Edic. Impresa &#8211; Web FHM: <a href=\"http:\/\/www.fhm.es\/\" target=\"_blank\">http:\/\/www.fhm.es\/<\/a><\/p>\n","protected":false},"excerpt":{"rendered":"<p>Aunque ha recibido el premio \u201cA una vida de rock\u201d, Manolo Garc\u00eda asegura que no le veremos de momento con melena y tatuajes. Prefiere darle duro a la guitarra y dejarse de chorradas. Repasamos la carrera del eterno rockero, que afirma que romper\u00eda todas las teles del mundo y nos revela con qu\u00e9 sue\u00f1a por<a class=\"moretag\" href=\"https:\/\/www.manologarciaycia.com\/?p=11847\" title=\"P&#038;R: MANOLO GARC\u00cdA, en FHM n\u00ba128\" target=\"_self\" rel=\"follow\"> <font face=arial size=2>[Leer m\u00e1s]<\/font> <\/a><\/p>\n","protected":false},"author":2,"featured_media":11849,"comment_status":"closed","ping_status":"closed","sticky":false,"template":"","format":"standard","meta":{"footnotes":""},"categories":[1],"tags":[],"class_list":["post-11847","post","type-post","status-publish","format-standard","has-post-thumbnail","hentry","category-manolo-garcia"],"_links":{"self":[{"href":"https:\/\/www.manologarciaycia.com\/index.php?rest_route=\/wp\/v2\/posts\/11847","targetHints":{"allow":["GET"]}}],"collection":[{"href":"https:\/\/www.manologarciaycia.com\/index.php?rest_route=\/wp\/v2\/posts"}],"about":[{"href":"https:\/\/www.manologarciaycia.com\/index.php?rest_route=\/wp\/v2\/types\/post"}],"author":[{"embeddable":true,"href":"https:\/\/www.manologarciaycia.com\/index.php?rest_route=\/wp\/v2\/users\/2"}],"replies":[{"embeddable":true,"href":"https:\/\/www.manologarciaycia.com\/index.php?rest_route=%2Fwp%2Fv2%2Fcomments&post=11847"}],"version-history":[{"count":4,"href":"https:\/\/www.manologarciaycia.com\/index.php?rest_route=\/wp\/v2\/posts\/11847\/revisions"}],"predecessor-version":[{"id":11853,"href":"https:\/\/www.manologarciaycia.com\/index.php?rest_route=\/wp\/v2\/posts\/11847\/revisions\/11853"}],"wp:featuredmedia":[{"embeddable":true,"href":"https:\/\/www.manologarciaycia.com\/index.php?rest_route=\/wp\/v2\/media\/11849"}],"wp:attachment":[{"href":"https:\/\/www.manologarciaycia.com\/index.php?rest_route=%2Fwp%2Fv2%2Fmedia&parent=11847"}],"wp:term":[{"taxonomy":"category","embeddable":true,"href":"https:\/\/www.manologarciaycia.com\/index.php?rest_route=%2Fwp%2Fv2%2Fcategories&post=11847"},{"taxonomy":"post_tag","embeddable":true,"href":"https:\/\/www.manologarciaycia.com\/index.php?rest_route=%2Fwp%2Fv2%2Ftags&post=11847"}],"curies":[{"name":"wp","href":"https:\/\/api.w.org\/{rel}","templated":true}]}}