{"id":11845,"date":"2015-01-31T07:54:30","date_gmt":"2015-01-31T06:54:30","guid":{"rendered":"http:\/\/www.manologarciaycia.com\/?p=11845"},"modified":"2015-01-31T07:54:30","modified_gmt":"2015-01-31T06:54:30","slug":"david-bisbal%ef%bb%bf-manolo-garcia-y-maldita-nerea%ef%bb%bf-juntos-en-la-noche-de-cadena-100%ef%bb%bf","status":"publish","type":"post","link":"https:\/\/www.manologarciaycia.com\/?p=11845","title":{"rendered":"David Bisbal\ufeff, Manolo Garc\u00eda y Maldita Nerea\ufeff, juntos en la Noche de Cadena 100\ufeff"},"content":{"rendered":"<p>Un elenco de los mejores artistas espa\u00f1oles actuar\u00e1n en un concierto solidario el 21 de marzo para ayudar a los ni\u00f1os de Etiop\u00eda.<\/p>\n<p>La Noche de Cadena 100 vuelve el pr\u00f3ximo 21 de marzo fiel al esp\u00edritu de la cadena. Y es que esta fiesta de la m\u00fasica es tambi\u00e9n una noche para la solidaridad: este a\u00f1o presenta un proyecto muy especial: construir, junto a Manos Unidas, una escuela para los m\u00e1s peque\u00f1os en Hosana, Etiop\u00eda.<\/p>\n<p>La iniciativa ha calado de lleno entre nuestros artistas, que no han dudado un momento en sumarse al proyecto. David Bisbal, Manolo Garc\u00eda, Maldita Nerea, Amaia Montero y El Pescao, son los primeros de una lista de grandes voces que el s\u00e1bado 21 de marzo desfilar\u00e1n por el escenario del Barclaycard Center de Madrid, en un concierto que promete ser inolvidable y en el que juntos construiremos un futuro mejor para los ni\u00f1os de Hosana.<\/p>\n<p>Muchos de los artistas m\u00e1s destacados del pop-rock espa\u00f1ol del momento, as\u00ed como alguna sorpresa internacional compondr\u00e1n el cartel de La Noche de Cadena 100 que se ir\u00e1 desvelando a lo largo de la pr\u00f3xima semana en el programa despertador \u00a1Buenos D\u00edas, Javi y Mar!<\/p>\n<p>El Barclaycard Center de Madrid albergar\u00e1 un espect\u00e1culo de tres horas en directo y sin interrupciones, con distintos escenarios paralelos y una gran producci\u00f3n t\u00e9cnica.<\/p>\n<p>Las entradas para acudir al concierto ya est\u00e1n a la venta y se pueden adquirir en cualquier centro de El Corte Ingl\u00e9s, en el 902 400 222 y en www.elcorteingles.es\/entradas<\/p>\n<p>Fuente: ABCE &#8211; <a href=\"http:\/\/www.abc.es\/cultura\/musica\/20150131\/abci-cadena100-concierto-etiopia-201501310002.html\" target=\"_blank\">ENLACE<\/a> <\/p>\n<p>#ManoloGarcia #LaNochedeCadena100 #ManosUnidas #Etiopia<\/p>\n","protected":false},"excerpt":{"rendered":"<p>Un elenco de los mejores artistas espa\u00f1oles actuar\u00e1n en un concierto solidario el 21 de marzo para ayudar a los ni\u00f1os de Etiop\u00eda. La Noche de Cadena 100 vuelve el pr\u00f3ximo 21 de marzo fiel al esp\u00edritu de la cadena. Y es que esta fiesta de la m\u00fasica es tambi\u00e9n una noche para la solidaridad:<a class=\"moretag\" href=\"https:\/\/www.manologarciaycia.com\/?p=11845\" title=\"David Bisbal\ufeff, Manolo Garc\u00eda y Maldita Nerea\ufeff, juntos en la Noche de Cadena 100\ufeff\" target=\"_self\" rel=\"follow\"> <font face=arial size=2>[Leer m\u00e1s]<\/font> <\/a><\/p>\n","protected":false},"author":2,"featured_media":0,"comment_status":"closed","ping_status":"closed","sticky":false,"template":"","format":"standard","meta":{"footnotes":""},"categories":[1],"tags":[],"class_list":["post-11845","post","type-post","status-publish","format-standard","hentry","category-manolo-garcia"],"_links":{"self":[{"href":"https:\/\/www.manologarciaycia.com\/index.php?rest_route=\/wp\/v2\/posts\/11845","targetHints":{"allow":["GET"]}}],"collection":[{"href":"https:\/\/www.manologarciaycia.com\/index.php?rest_route=\/wp\/v2\/posts"}],"about":[{"href":"https:\/\/www.manologarciaycia.com\/index.php?rest_route=\/wp\/v2\/types\/post"}],"author":[{"embeddable":true,"href":"https:\/\/www.manologarciaycia.com\/index.php?rest_route=\/wp\/v2\/users\/2"}],"replies":[{"embeddable":true,"href":"https:\/\/www.manologarciaycia.com\/index.php?rest_route=%2Fwp%2Fv2%2Fcomments&post=11845"}],"version-history":[{"count":1,"href":"https:\/\/www.manologarciaycia.com\/index.php?rest_route=\/wp\/v2\/posts\/11845\/revisions"}],"predecessor-version":[{"id":11846,"href":"https:\/\/www.manologarciaycia.com\/index.php?rest_route=\/wp\/v2\/posts\/11845\/revisions\/11846"}],"wp:attachment":[{"href":"https:\/\/www.manologarciaycia.com\/index.php?rest_route=%2Fwp%2Fv2%2Fmedia&parent=11845"}],"wp:term":[{"taxonomy":"category","embeddable":true,"href":"https:\/\/www.manologarciaycia.com\/index.php?rest_route=%2Fwp%2Fv2%2Fcategories&post=11845"},{"taxonomy":"post_tag","embeddable":true,"href":"https:\/\/www.manologarciaycia.com\/index.php?rest_route=%2Fwp%2Fv2%2Ftags&post=11845"}],"curies":[{"name":"wp","href":"https:\/\/api.w.org\/{rel}","templated":true}]}}