{"id":11816,"date":"2015-01-28T13:23:22","date_gmt":"2015-01-28T12:23:22","guid":{"rendered":"http:\/\/www.manologarciaycia.com\/?p=11816"},"modified":"2015-01-28T13:23:22","modified_gmt":"2015-01-28T12:23:22","slug":"manolo-garcia-participara-en-el-concierto-del-113-de-ricardo-marin","status":"publish","type":"post","link":"https:\/\/www.manologarciaycia.com\/?p=11816","title":{"rendered":"Manolo Garc\u00eda participar\u00e1 en el concierto del 11\/3 de Ricardo Mar\u00edn!"},"content":{"rendered":"<p>MANOLO GARC\u00cdA estar\u00e1 en el concierto de RICARDO MAR\u00cdN para la grabaci\u00f3n de su disco dvd en directo BUENAS INTENCIONES. 11 de Marzo, en Joy Eslava. <\/p>\n<p>Entradas en: <a href=\"http:\/\/www.cantauticket.com\/Ricardo-Marin-Madrid-Joy-Eslava-Conciertos-Concierto-11-Mar-2015_show_1273.html#.VMjUJGiG_0w\" target=\"_blank\">Cantauticket<\/a><\/p>\n<p>Evento en Facebook: https:\/\/www.facebook.com\/events\/769989313089967\/<\/p>\n<p>#RicardoMar\u00edn #ManoloGarc\u00eda #MiguelR\u00edos #ArielRot #RaimundoAmador #DavidSummers #NachoGarc\u00edaVega #O&#8217;funk&#8217;illo<\/p>\n","protected":false},"excerpt":{"rendered":"<p>MANOLO GARC\u00cdA estar\u00e1 en el concierto de RICARDO MAR\u00cdN para la grabaci\u00f3n de su disco dvd en directo BUENAS INTENCIONES. 11 de Marzo, en Joy Eslava. Entradas en: Cantauticket Evento en Facebook: https:\/\/www.facebook.com\/events\/769989313089967\/ #RicardoMar\u00edn #ManoloGarc\u00eda #MiguelR\u00edos #ArielRot #RaimundoAmador #DavidSummers #NachoGarc\u00edaVega #O&#8217;funk&#8217;illo<a class=\"moretag\" href=\"https:\/\/www.manologarciaycia.com\/?p=11816\" title=\"Manolo Garc\u00eda participar\u00e1 en el concierto del 11\/3 de Ricardo Mar\u00edn!\" target=\"_self\" rel=\"follow\"> <font face=arial size=2>[Leer m\u00e1s]<\/font> <\/a><\/p>\n","protected":false},"author":2,"featured_media":11817,"comment_status":"closed","ping_status":"closed","sticky":false,"template":"","format":"standard","meta":{"footnotes":""},"categories":[1],"tags":[],"class_list":["post-11816","post","type-post","status-publish","format-standard","has-post-thumbnail","hentry","category-manolo-garcia"],"_links":{"self":[{"href":"https:\/\/www.manologarciaycia.com\/index.php?rest_route=\/wp\/v2\/posts\/11816","targetHints":{"allow":["GET"]}}],"collection":[{"href":"https:\/\/www.manologarciaycia.com\/index.php?rest_route=\/wp\/v2\/posts"}],"about":[{"href":"https:\/\/www.manologarciaycia.com\/index.php?rest_route=\/wp\/v2\/types\/post"}],"author":[{"embeddable":true,"href":"https:\/\/www.manologarciaycia.com\/index.php?rest_route=\/wp\/v2\/users\/2"}],"replies":[{"embeddable":true,"href":"https:\/\/www.manologarciaycia.com\/index.php?rest_route=%2Fwp%2Fv2%2Fcomments&post=11816"}],"version-history":[{"count":1,"href":"https:\/\/www.manologarciaycia.com\/index.php?rest_route=\/wp\/v2\/posts\/11816\/revisions"}],"predecessor-version":[{"id":11818,"href":"https:\/\/www.manologarciaycia.com\/index.php?rest_route=\/wp\/v2\/posts\/11816\/revisions\/11818"}],"wp:featuredmedia":[{"embeddable":true,"href":"https:\/\/www.manologarciaycia.com\/index.php?rest_route=\/wp\/v2\/media\/11817"}],"wp:attachment":[{"href":"https:\/\/www.manologarciaycia.com\/index.php?rest_route=%2Fwp%2Fv2%2Fmedia&parent=11816"}],"wp:term":[{"taxonomy":"category","embeddable":true,"href":"https:\/\/www.manologarciaycia.com\/index.php?rest_route=%2Fwp%2Fv2%2Fcategories&post=11816"},{"taxonomy":"post_tag","embeddable":true,"href":"https:\/\/www.manologarciaycia.com\/index.php?rest_route=%2Fwp%2Fv2%2Ftags&post=11816"}],"curies":[{"name":"wp","href":"https:\/\/api.w.org\/{rel}","templated":true}]}}