{"id":1181,"date":"2010-11-22T12:02:15","date_gmt":"2010-11-22T11:02:15","guid":{"rendered":"http:\/\/petaos.net\/?p=1181"},"modified":"2010-11-22T12:04:32","modified_gmt":"2010-11-22T11:04:32","slug":"mg-manolo-garcia-embajador-de-el-milenio-del-reino-de-granada","status":"publish","type":"post","link":"https:\/\/www.manologarciaycia.com\/?p=1181","title":{"rendered":"MG: Manolo Garc\u00eda embajador de El Milenio del Reino de Granada"},"content":{"rendered":"<p><strong>El Milenio abre \u00abventana al mundo\u00bb a trav\u00e9s de su web e invita a los ciudadanos a ser \u00abmilenarios\u00bb.<\/strong><\/p>\n<p>Firmar\u00e1 un acuerdo con el Comit\u00e9 Espa\u00f1ol de Representantes de Personas con Discapacidad (Cermi) para que todas sus actividades sean accesibles. El Milenio del Reino de Granada ya ha abierto su \u00abventana al mundo\u00bb con la puesta en funcionamiento de su web www.mileniodelreinodegranada.es, desde la que invita los ciudadanos, que podr\u00e1n tener acceso a la informaci\u00f3n sobre la efem\u00e9ride tambi\u00e9n a trav\u00e9s de las redes sociales &#8216;Facebook&#8217; o &#8216;Twitter&#8217;, a \u00abser milenarios\u00bb.<\/p>\n<p style=\"text-align: center;\"><img loading=\"lazy\" decoding=\"async\" class=\"aligncenter\" src=\"http:\/\/milenioreinodegranada.es\/web\/wp-content\/uploads\/2010\/09\/23-manolo_garcia-1024x771.jpg\" alt=\"\" width=\"402\" height=\"302\" \/><\/p>\n<p style=\"text-align: center;\"><strong>Folio 23 &#8211; 17 de septiembre de 2010<\/strong><\/p>\n<p style=\"text-align: center;\">Granada Nazar\u00ed 2013 \u2013 1013<br \/>\nMil a\u00f1os de historia en una ciudad hist\u00f3rica y magna. Con la admiraci\u00f3n absoluta de un m\u00fasico. Larga vida a Granada<\/p>\n<p>Fuente: 20 Minutos.<br \/>\nSeg\u00fan ha explicado en rueda de prensa la gerente del Consorcio, Francisca Pleguezuelos, la nueva p\u00e1gina, que pretende dar a conocer las l\u00edneas maestras de la conmemoraci\u00f3n y las actividades programadas en torno a 2013, se ha dise\u00f1ado teniendo en cuenta los par\u00e1metros de accesibilidad y ofrece todos sus contenidos subtitulados para facilitar su comprensi\u00f3n a los discapacitados auditivos y est\u00e1 pensada incluso para aquellas personas con problemas de movilidad. En esa l\u00ednea, el Consorcio prev\u00e9 firmar un acuerdo con el Comit\u00e9 Espa\u00f1ol de Representantes de Personas con Discapacidad (Cermi) para que todas sus actividades sean accesibles \u00aba todos\u00bb.<\/p>\n<p>Asimismo, la web, dise\u00f1ada por la empresa Alternativa Comunicaci\u00f3n, tiene vocaci\u00f3n internacional y pr\u00f3ximamente estar\u00e1 disponible en ingl\u00e9s, y en un futuro en otras lenguas. El Milenio se ha extendido tambi\u00e9n a las redes sociales y ha abierto un canal de comunicaci\u00f3n en &#8216;Youtube&#8217; en el que se colgar\u00e1n todas las comparecencias p\u00fablicas y ruedas de prensa que presenten para informar sobre la conmemoraci\u00f3n, que ya ha programado &#8217;13 citas para el 2013&#8242;, la mayor\u00eda de ellas de contenido cultural.<\/p>\n<p>En www.mileniodelreinodegranada.es pueden encontrarse, adem\u00e1s de informaci\u00f3n e historia de lo que fue el Reino de Granada, los nombres de los embajadores del Milenio, como Miguel R\u00edos, Carlos Go\u00f1i, Amaral, Ana Bel\u00e9n, Rosendo, Pereza o Manolo Garc\u00eda, las empresas patrocinadoras e incluso el saludo institucional de la presidenta del Consorcio y consejera de la Presidencia, Mar Moreno.<\/p>\n<p>Adem\u00e1s de la web, el Milenio pondr\u00e1 en marcha a partir de este s\u00e1bado una campa\u00f1a de difusi\u00f3n en los medios de comunicaci\u00f3n, que, con el ep\u00edgrafe &#8216;Vivir\u00e1s mil a\u00f1os&#8217;, tiene el objetivo de \u00abimplicar\u00bb a los ciudadanos en la celebraci\u00f3n y fomentar la construcci\u00f3n de una \u00abidentidad com\u00fan\u00bb con un mensaje que una el pasado con el futuro.<\/p>\n<p>Fuente: 20 Minutos &#8211; <a href=\"http:\/\/www.20minutos.es\/noticia\/879270\/0\/\" target=\"_blank\">ENLACE<\/a><\/p>\n","protected":false},"excerpt":{"rendered":"<p>El Milenio abre \u00abventana al mundo\u00bb a trav\u00e9s de su web e invita a los ciudadanos a ser \u00abmilenarios\u00bb. Firmar\u00e1 un acuerdo con el Comit\u00e9 Espa\u00f1ol de Representantes de Personas con Discapacidad (Cermi) para que todas sus actividades sean accesibles. El Milenio del Reino de Granada ya ha abierto su \u00abventana al mundo\u00bb con la<a class=\"moretag\" href=\"https:\/\/www.manologarciaycia.com\/?p=1181\" title=\"MG: Manolo Garc\u00eda embajador de El Milenio del Reino de Granada\" target=\"_self\" rel=\"follow\"> <font face=arial size=2>[Leer m\u00e1s]<\/font> <\/a><\/p>\n","protected":false},"author":2,"featured_media":0,"comment_status":"closed","ping_status":"closed","sticky":false,"template":"","format":"standard","meta":{"footnotes":""},"categories":[1],"tags":[187],"class_list":["post-1181","post","type-post","status-publish","format-standard","hentry","category-manolo-garcia","tag-manolo-garcia-granada-milenio-reino-embajador"],"_links":{"self":[{"href":"https:\/\/www.manologarciaycia.com\/index.php?rest_route=\/wp\/v2\/posts\/1181","targetHints":{"allow":["GET"]}}],"collection":[{"href":"https:\/\/www.manologarciaycia.com\/index.php?rest_route=\/wp\/v2\/posts"}],"about":[{"href":"https:\/\/www.manologarciaycia.com\/index.php?rest_route=\/wp\/v2\/types\/post"}],"author":[{"embeddable":true,"href":"https:\/\/www.manologarciaycia.com\/index.php?rest_route=\/wp\/v2\/users\/2"}],"replies":[{"embeddable":true,"href":"https:\/\/www.manologarciaycia.com\/index.php?rest_route=%2Fwp%2Fv2%2Fcomments&post=1181"}],"version-history":[{"count":3,"href":"https:\/\/www.manologarciaycia.com\/index.php?rest_route=\/wp\/v2\/posts\/1181\/revisions"}],"predecessor-version":[{"id":1183,"href":"https:\/\/www.manologarciaycia.com\/index.php?rest_route=\/wp\/v2\/posts\/1181\/revisions\/1183"}],"wp:attachment":[{"href":"https:\/\/www.manologarciaycia.com\/index.php?rest_route=%2Fwp%2Fv2%2Fmedia&parent=1181"}],"wp:term":[{"taxonomy":"category","embeddable":true,"href":"https:\/\/www.manologarciaycia.com\/index.php?rest_route=%2Fwp%2Fv2%2Fcategories&post=1181"},{"taxonomy":"post_tag","embeddable":true,"href":"https:\/\/www.manologarciaycia.com\/index.php?rest_route=%2Fwp%2Fv2%2Ftags&post=1181"}],"curies":[{"name":"wp","href":"https:\/\/api.w.org\/{rel}","templated":true}]}}