{"id":11800,"date":"2015-01-28T07:27:41","date_gmt":"2015-01-28T06:27:41","guid":{"rendered":"http:\/\/www.manologarciaycia.com\/?p=11800"},"modified":"2015-01-28T07:30:34","modified_gmt":"2015-01-28T06:30:34","slug":"manolo-garcia-un-gran-tipo-por-javi-jareno","status":"publish","type":"post","link":"https:\/\/www.manologarciaycia.com\/?p=11800","title":{"rendered":"Manolo Garc\u00eda \u00abun gran tipo\u00bb por Javi Jare\u00f1o"},"content":{"rendered":"<p>Entrevista al m\u00fasico Javi Jare\u00f1o en Canal 150 TV de Santa Coloma de Gramanet, en la que explica, entre otras cosas, su relaci\u00f3n con Manolo Garc\u00eda.<\/p>\n<p>Facebook oficial de Javi Jare\u00f1o: <a href=\"https:\/\/www.facebook.com\/doctorpapiol\" target=\"_blank\">https:\/\/www.facebook.com\/doctorpapiol<\/a><br \/>\nTwitter oficial de Javi Jare\u00f1o: <a href=\"https:\/\/twitter.com\/javijareno\" target=\"_blank\">https:\/\/twitter.com\/javijareno<\/a><br \/>\nRese\u00f1a de \u00faltimo disco: <a href=\"http:\/\/discosquedeberiasescuchar.blogspot.com.es\/2014\/11\/montse-y-jose-javi-jareno.html\" target=\"_blank\">ENLACE<\/a><\/p>\n<p>Os dejo unas fotos de la portada de su \u00faltimo disco y del concierto de presentaci\u00f3n del mismo, titulado \u00abMontse y Jose\u00bb en el Auditori Can Roig i Torres de Sta. Coloma el pasado 9\/11\/2014 al que asisti\u00f3 Manolo Garc\u00eda. Con Cristina P. y Jose J.<\/p>\n<p><a href=\"http:\/\/www.manologarciaycia.com\/wp-content\/uploads\/2015\/01\/JJ_MyJ.jpg\"><img loading=\"lazy\" decoding=\"async\" src=\"http:\/\/www.manologarciaycia.com\/wp-content\/uploads\/2015\/01\/JJ_MyJ.jpg\" alt=\"JJ_MyJ\" width=\"960\" height=\"960\" class=\"aligncenter size-full wp-image-11801\" srcset=\"https:\/\/www.manologarciaycia.com\/wp-content\/uploads\/2015\/01\/JJ_MyJ.jpg 960w, https:\/\/www.manologarciaycia.com\/wp-content\/uploads\/2015\/01\/JJ_MyJ-150x150.jpg 150w, https:\/\/www.manologarciaycia.com\/wp-content\/uploads\/2015\/01\/JJ_MyJ-500x500.jpg 500w, https:\/\/www.manologarciaycia.com\/wp-content\/uploads\/2015\/01\/JJ_MyJ-695x695.jpg 695w, https:\/\/www.manologarciaycia.com\/wp-content\/uploads\/2015\/01\/JJ_MyJ-930x930.jpg 930w\" sizes=\"auto, (max-width: 960px) 100vw, 960px\" \/><\/a><\/p>\n<p><a href=\"http:\/\/www.manologarciaycia.com\/wp-content\/uploads\/2015\/01\/MG_JJ_1.jpg\"><img loading=\"lazy\" decoding=\"async\" src=\"http:\/\/www.manologarciaycia.com\/wp-content\/uploads\/2015\/01\/MG_JJ_1.jpg\" alt=\"MG_JJ_1\" width=\"640\" height=\"640\" class=\"aligncenter size-full wp-image-11802\" srcset=\"https:\/\/www.manologarciaycia.com\/wp-content\/uploads\/2015\/01\/MG_JJ_1.jpg 640w, https:\/\/www.manologarciaycia.com\/wp-content\/uploads\/2015\/01\/MG_JJ_1-150x150.jpg 150w, https:\/\/www.manologarciaycia.com\/wp-content\/uploads\/2015\/01\/MG_JJ_1-500x500.jpg 500w\" sizes=\"auto, (max-width: 640px) 100vw, 640px\" \/><\/a><\/p>\n<p><a href=\"http:\/\/www.manologarciaycia.com\/wp-content\/uploads\/2015\/01\/MG_JJ_2.jpg\"><img loading=\"lazy\" decoding=\"async\" src=\"http:\/\/www.manologarciaycia.com\/wp-content\/uploads\/2015\/01\/MG_JJ_2.jpg\" alt=\"MG_JJ_2\" width=\"720\" height=\"960\" class=\"aligncenter size-full wp-image-11803\" srcset=\"https:\/\/www.manologarciaycia.com\/wp-content\/uploads\/2015\/01\/MG_JJ_2.jpg 720w, https:\/\/www.manologarciaycia.com\/wp-content\/uploads\/2015\/01\/MG_JJ_2-375x500.jpg 375w, https:\/\/www.manologarciaycia.com\/wp-content\/uploads\/2015\/01\/MG_JJ_2-695x927.jpg 695w\" sizes=\"auto, (max-width: 720px) 100vw, 720px\" \/><\/a><\/p>\n<p>#JaviJare\u00f1o #ManoloGarc\u00eda<\/p>\n","protected":false},"excerpt":{"rendered":"<p>Entrevista al m\u00fasico Javi Jare\u00f1o en Canal 150 TV de Santa Coloma de Gramanet, en la que explica, entre otras cosas, su relaci\u00f3n con Manolo Garc\u00eda. Facebook oficial de Javi Jare\u00f1o: https:\/\/www.facebook.com\/doctorpapiol Twitter oficial de Javi Jare\u00f1o: https:\/\/twitter.com\/javijareno Rese\u00f1a de \u00faltimo disco: ENLACE Os dejo unas fotos de la portada de su \u00faltimo disco y<a class=\"moretag\" href=\"https:\/\/www.manologarciaycia.com\/?p=11800\" title=\"Manolo Garc\u00eda \u00abun gran tipo\u00bb por Javi Jare\u00f1o\" target=\"_self\" rel=\"follow\"> <font face=arial size=2>[Leer m\u00e1s]<\/font> <\/a><\/p>\n","protected":false},"author":2,"featured_media":0,"comment_status":"closed","ping_status":"closed","sticky":false,"template":"","format":"video","meta":{"footnotes":""},"categories":[1],"tags":[],"class_list":["post-11800","post","type-post","status-publish","format-video","hentry","category-manolo-garcia","post_format-post-format-video"],"_links":{"self":[{"href":"https:\/\/www.manologarciaycia.com\/index.php?rest_route=\/wp\/v2\/posts\/11800","targetHints":{"allow":["GET"]}}],"collection":[{"href":"https:\/\/www.manologarciaycia.com\/index.php?rest_route=\/wp\/v2\/posts"}],"about":[{"href":"https:\/\/www.manologarciaycia.com\/index.php?rest_route=\/wp\/v2\/types\/post"}],"author":[{"embeddable":true,"href":"https:\/\/www.manologarciaycia.com\/index.php?rest_route=\/wp\/v2\/users\/2"}],"replies":[{"embeddable":true,"href":"https:\/\/www.manologarciaycia.com\/index.php?rest_route=%2Fwp%2Fv2%2Fcomments&post=11800"}],"version-history":[{"count":3,"href":"https:\/\/www.manologarciaycia.com\/index.php?rest_route=\/wp\/v2\/posts\/11800\/revisions"}],"predecessor-version":[{"id":11806,"href":"https:\/\/www.manologarciaycia.com\/index.php?rest_route=\/wp\/v2\/posts\/11800\/revisions\/11806"}],"wp:attachment":[{"href":"https:\/\/www.manologarciaycia.com\/index.php?rest_route=%2Fwp%2Fv2%2Fmedia&parent=11800"}],"wp:term":[{"taxonomy":"category","embeddable":true,"href":"https:\/\/www.manologarciaycia.com\/index.php?rest_route=%2Fwp%2Fv2%2Fcategories&post=11800"},{"taxonomy":"post_tag","embeddable":true,"href":"https:\/\/www.manologarciaycia.com\/index.php?rest_route=%2Fwp%2Fv2%2Ftags&post=11800"}],"curies":[{"name":"wp","href":"https:\/\/api.w.org\/{rel}","templated":true}]}}