{"id":118,"date":"2009-11-16T16:02:16","date_gmt":"2009-11-16T15:02:16","guid":{"rendered":"http:\/\/petaos.net\/?p=118"},"modified":"2009-11-17T11:11:32","modified_gmt":"2009-11-17T10:11:32","slug":"manolo-garcia-protagoniza-junto-a-otros-el-nuevo-calendario-de-aspanias","status":"publish","type":"post","link":"https:\/\/www.manologarciaycia.com\/?p=118","title":{"rendered":"Manolo Garc\u00eda protagoniza, junto a otros, el nuevo calendario de ASPANIAS"},"content":{"rendered":"<div class=\"mceTemp\" style=\"text-align: left;\">\n<dl class=\"wp-caption   alignnone\" style=\"width: 375px;\">\n<dt class=\"wp-caption-dt\"><img loading=\"lazy\" decoding=\"async\" title=\"Manolo Garc\u00eda\" src=\"http:\/\/www.infoexpres.es\/eniusimg\/enius2\/2009\/10\/adjuntos_fichero_67203_5461b4d0b1544964.jpg\" alt=\"Manolo Garc\u00eda\" width=\"365\" height=\"263\" \/><\/dt>\n<dd class=\"wp-caption-dd\" style=\"text-align: left;\">Manolo Garc\u00eda<\/dd>\n<\/dl>\n<\/div>\n<p>Por sexto a\u00f1o consecutivo y fiel a su cita, ASPANIAS ha presentado su particular calendario para la anualidad 2010. Un material para el que han contado con la desinteresada colaboraci\u00f3n de artistas de la talla de Joan Manuel Serrat, Manolo Garc\u00eda, Terele P\u00e1vez, Miguel R\u00edos y el Ni\u00f1o de Elche, pero en el que, sin lugar a dudas, los aut\u00e9nticos protagonistas son j\u00f3venes discapacitados como Nerea, Borja o Vicente.<\/p>\n<p>Ellos son los encargados de representar a los 500 ni\u00f1os y j\u00f3venes a los que ASPANIAS atiende al cabo del a\u00f1o. Este calendario posee un trasfondo solidario, ya que la recaudaci\u00f3n se destinar\u00e1 a los proyectos que tienen en marcha para mejorar la calidad de vida de las personas discapacitadas y sus familiares.<\/p>\n<p>Contacto Aspanias Elche: <a href=\"mailto:aspaniaselche@hotmail.com\">aspaniaselche@hotmail.com<\/a> &#8211; 966 65 63 18 <\/p>\n<p>Fuente: InfoExpres.<br \/>\nSeg\u00fan la presidenta de ASPANIAS, Caridad Nicol\u00e1s Riquelme, afirma que el dinero que recojan ir\u00e1 a parar al mantenimiento y la adecuaci\u00f3n de espacios del Centro de D\u00eda de Paral\u00edticos Cerebrales del que la asociaci\u00f3n dispone frente al barrio de San Ant\u00f3n, as\u00ed como a los programas de atenci\u00f3n temprana, ocio y el Centro de Respiro. Adem\u00e1s, a medio plazo, ASPANIAS espera que se haga realidad la construcci\u00f3n de la demandada residencia anexa al Centro de D\u00eda. En este sentido, afirman que ya disponen de los terrenos y s\u00f3lo faltan los permisos y subvenciones correspondientes para que puedan dar inicio los trabajos.<\/p>\n<p>\u00a0<\/p>\n<div style=\"width: 375px\" class=\"wp-caption aligncenter\"><img loading=\"lazy\" decoding=\"async\" title=\"Terele P\u00e1vez\" src=\"http:\/\/www.infoexpres.es\/eniusimg\/enius2\/2009\/10\/adjuntos_fichero_67202_7df3675179dc29d9.jpg\" alt=\"Terele P\u00e1vez\" width=\"365\" height=\"274\" \/><p class=\"wp-caption-text\">Terele P\u00e1vez<\/p><\/div>\n<div style=\"width: 375px\" class=\"wp-caption aligncenter\"><img loading=\"lazy\" decoding=\"async\" title=\"Serrat\" src=\"http:\/\/www.infoexpres.es\/eniusimg\/enius2\/2009\/10\/adjuntos_fichero_67201_96e430c568c4f6d6.jpg\" alt=\"Serrat\" width=\"365\" height=\"274\" \/><p class=\"wp-caption-text\">Serrat<\/p><\/div>\n<p>El calendario puede ser adquirido a partir de hoy mismo en diversos comercios de la ciudad al precio de 5 euros, mientras que se negocia para que tambi\u00e9n pueda ser distribuido en las grandes superficies comerciales. En total se han editado 3.000 ejemplares con los que ASPANIAS podr\u00eda obtener 15.000 euros que a\u00f1adir a sus fondos.<\/p>\n<p>Fuente: InfoExpres &#8211; <a href=\"http:\/\/www.infoexpres.es\/s5522n96447-Serrat-Manolo-Garcia-y-Terele-Pavez-entre-otros-protagonizan-el-nuevo-calendario-de-ASPANIAS.html\" target=\"_blank\">ENLACE<\/a><\/p>\n","protected":false},"excerpt":{"rendered":"<p>Manolo Garc\u00eda Por sexto a\u00f1o consecutivo y fiel a su cita, ASPANIAS ha presentado su particular calendario para la anualidad 2010. Un material para el que han contado con la desinteresada colaboraci\u00f3n de artistas de la talla de Joan Manuel Serrat, Manolo Garc\u00eda, Terele P\u00e1vez, Miguel R\u00edos y el Ni\u00f1o de Elche, pero en el<a class=\"moretag\" href=\"https:\/\/www.manologarciaycia.com\/?p=118\" title=\"Manolo Garc\u00eda protagoniza, junto a otros, el nuevo calendario de ASPANIAS\" target=\"_self\" rel=\"follow\"> <font face=arial size=2>[Leer m\u00e1s]<\/font> <\/a><\/p>\n","protected":false},"author":2,"featured_media":0,"comment_status":"closed","ping_status":"open","sticky":false,"template":"","format":"standard","meta":{"footnotes":""},"categories":[1,23],"tags":[33],"class_list":["post-118","post","type-post","status-publish","format-standard","hentry","category-manolo-garcia","category-otros","tag-manolo-garcia-aspanias-calendario-beneficiencia-solidario-serrat-terele-pavez"],"_links":{"self":[{"href":"https:\/\/www.manologarciaycia.com\/index.php?rest_route=\/wp\/v2\/posts\/118","targetHints":{"allow":["GET"]}}],"collection":[{"href":"https:\/\/www.manologarciaycia.com\/index.php?rest_route=\/wp\/v2\/posts"}],"about":[{"href":"https:\/\/www.manologarciaycia.com\/index.php?rest_route=\/wp\/v2\/types\/post"}],"author":[{"embeddable":true,"href":"https:\/\/www.manologarciaycia.com\/index.php?rest_route=\/wp\/v2\/users\/2"}],"replies":[{"embeddable":true,"href":"https:\/\/www.manologarciaycia.com\/index.php?rest_route=%2Fwp%2Fv2%2Fcomments&post=118"}],"version-history":[{"count":8,"href":"https:\/\/www.manologarciaycia.com\/index.php?rest_route=\/wp\/v2\/posts\/118\/revisions"}],"predecessor-version":[{"id":126,"href":"https:\/\/www.manologarciaycia.com\/index.php?rest_route=\/wp\/v2\/posts\/118\/revisions\/126"}],"wp:attachment":[{"href":"https:\/\/www.manologarciaycia.com\/index.php?rest_route=%2Fwp%2Fv2%2Fmedia&parent=118"}],"wp:term":[{"taxonomy":"category","embeddable":true,"href":"https:\/\/www.manologarciaycia.com\/index.php?rest_route=%2Fwp%2Fv2%2Fcategories&post=118"},{"taxonomy":"post_tag","embeddable":true,"href":"https:\/\/www.manologarciaycia.com\/index.php?rest_route=%2Fwp%2Fv2%2Ftags&post=118"}],"curies":[{"name":"wp","href":"https:\/\/api.w.org\/{rel}","templated":true}]}}