{"id":11794,"date":"2015-01-27T09:51:20","date_gmt":"2015-01-27T08:51:20","guid":{"rendered":"http:\/\/www.manologarciaycia.com\/?p=11794"},"modified":"2015-01-27T09:55:06","modified_gmt":"2015-01-27T08:55:06","slug":"manolo-garcia-confirmado-para-la-noche-de-cadena-100-21-marzo","status":"publish","type":"post","link":"https:\/\/www.manologarciaycia.com\/?p=11794","title":{"rendered":"Manolo Garc\u00eda, confirmado para La Noche de Cadena 100, 21 Marzo"},"content":{"rendered":"<p>Manolo Garc\u00eda es el segundo artista confirmado para La Noche de Cadena 100, a beneficio de Manos Unidas.<\/p>\n<p><strong>Entradas YA EST\u00c1N A LA VENTA en:<\/strong><\/p>\n<p>El Corte Ingl\u00e9s &#8211; <a href=\"http:\/\/www.elcorteingles.es\/entradas\/conciertos-y-festivales\/entradas-la-noche-de-cadena-100-madrid-201000104200000012\" target=\"_blank\">ENLACE <\/a><\/p>\n<p>Barclaycard Center &#8211; <a href=\"http:\/\/www.barclaycardcenter.es\/eventoinformacion?evento=los-n-1-de-cadena-100-2015-03-21\" target=\"_blank\">ENLACE<\/a><\/p>\n<p>Toda la informaci\u00f3n en: <a href=\"www.cadena100.es\/lanochedecadena100\" target=\"_blank\">www.cadena100.es\/lanochedecadena100<\/a><\/p>\n<p><a href=\"http:\/\/www.manologarciaycia.com\/wp-content\/uploads\/2015\/01\/MG_NC100.png\"><img loading=\"lazy\" decoding=\"async\" src=\"http:\/\/www.manologarciaycia.com\/wp-content\/uploads\/2015\/01\/MG_NC100.png\" alt=\"MG_NC100\" width=\"480\" height=\"480\" class=\"aligncenter size-full wp-image-11796\" srcset=\"https:\/\/www.manologarciaycia.com\/wp-content\/uploads\/2015\/01\/MG_NC100.png 480w, https:\/\/www.manologarciaycia.com\/wp-content\/uploads\/2015\/01\/MG_NC100-150x150.png 150w\" sizes=\"auto, (max-width: 480px) 100vw, 480px\" \/><\/a><\/p>\n","protected":false},"excerpt":{"rendered":"<p>Manolo Garc\u00eda es el segundo artista confirmado para La Noche de Cadena 100, a beneficio de Manos Unidas. Entradas YA EST\u00c1N A LA VENTA en: El Corte Ingl\u00e9s &#8211; ENLACE Barclaycard Center &#8211; ENLACE Toda la informaci\u00f3n en: www.cadena100.es\/lanochedecadena100<a class=\"moretag\" href=\"https:\/\/www.manologarciaycia.com\/?p=11794\" title=\"Manolo Garc\u00eda, confirmado para La Noche de Cadena 100, 21 Marzo\" target=\"_self\" rel=\"follow\"> <font face=arial size=2>[Leer m\u00e1s]<\/font> <\/a><\/p>\n","protected":false},"author":2,"featured_media":11795,"comment_status":"closed","ping_status":"closed","sticky":false,"template":"","format":"standard","meta":{"footnotes":""},"categories":[1],"tags":[],"class_list":["post-11794","post","type-post","status-publish","format-standard","has-post-thumbnail","hentry","category-manolo-garcia"],"_links":{"self":[{"href":"https:\/\/www.manologarciaycia.com\/index.php?rest_route=\/wp\/v2\/posts\/11794","targetHints":{"allow":["GET"]}}],"collection":[{"href":"https:\/\/www.manologarciaycia.com\/index.php?rest_route=\/wp\/v2\/posts"}],"about":[{"href":"https:\/\/www.manologarciaycia.com\/index.php?rest_route=\/wp\/v2\/types\/post"}],"author":[{"embeddable":true,"href":"https:\/\/www.manologarciaycia.com\/index.php?rest_route=\/wp\/v2\/users\/2"}],"replies":[{"embeddable":true,"href":"https:\/\/www.manologarciaycia.com\/index.php?rest_route=%2Fwp%2Fv2%2Fcomments&post=11794"}],"version-history":[{"count":3,"href":"https:\/\/www.manologarciaycia.com\/index.php?rest_route=\/wp\/v2\/posts\/11794\/revisions"}],"predecessor-version":[{"id":11799,"href":"https:\/\/www.manologarciaycia.com\/index.php?rest_route=\/wp\/v2\/posts\/11794\/revisions\/11799"}],"wp:featuredmedia":[{"embeddable":true,"href":"https:\/\/www.manologarciaycia.com\/index.php?rest_route=\/wp\/v2\/media\/11795"}],"wp:attachment":[{"href":"https:\/\/www.manologarciaycia.com\/index.php?rest_route=%2Fwp%2Fv2%2Fmedia&parent=11794"}],"wp:term":[{"taxonomy":"category","embeddable":true,"href":"https:\/\/www.manologarciaycia.com\/index.php?rest_route=%2Fwp%2Fv2%2Fcategories&post=11794"},{"taxonomy":"post_tag","embeddable":true,"href":"https:\/\/www.manologarciaycia.com\/index.php?rest_route=%2Fwp%2Fv2%2Ftags&post=11794"}],"curies":[{"name":"wp","href":"https:\/\/api.w.org\/{rel}","templated":true}]}}