{"id":11755,"date":"2008-08-04T16:51:43","date_gmt":"2008-08-04T14:51:43","guid":{"rendered":"http:\/\/www.manologarciaycia.com\/?p=11755"},"modified":"2015-01-21T16:55:08","modified_gmt":"2015-01-21T15:55:08","slug":"manolo-garcia-cantante-interviu-482008","status":"publish","type":"post","link":"https:\/\/www.manologarciaycia.com\/?p=11755","title":{"rendered":"Manolo Garc\u00eda, cantante. Interviu 4\/8\/2008"},"content":{"rendered":"<p>Fue \u2018r\u00e1pido\u2019, fue \u2018burro\u2019, fue \u2018el \u00faltimo de la fila\u2019 y al final ha terminado siendo \u00e9l mismo. Manolo Garc\u00eda est\u00e1 de gira con su cuarto disco, \u2018Saldremos a la lluvia\u2019, met\u00e1fora de sus ganas de mojarse ante \u201ctanta mentira, tanto fingir y tanto desastre\u201d, como dice la canci\u00f3n que da t\u00edtulo a su nuevo \u00e1lbum.<\/p>\n<p><b>\u2014 Ha sacado \u2018Saldremos a la lluvia\u2019 y ha llovido a mares \u00bfEra parte de la promoci\u00f3n?<\/b><\/p>\n<p>\u2014Claro, era una campa\u00f1a orquestada y t\u00e9cnicamente muy bien hecha. Pero tambi\u00e9n salir a la lluvia es una figura po\u00e9tica en el sentido de limpiar, de refrescar, de reinventar.<\/p>\n<p><b>\u2014\u00bfSe ha reinventado Manolo Garc\u00eda?<\/b><\/p>\n<p>\u2014Para m\u00ed es un disco esperanzado. Abres la prensa, ves el aumento del hambre, la subida de los alimentos y dan ganas de echarte a llorar. Pero hay que ser positivo e intentar abrir un debate ciudadano para arreglarlo, porque s\u00f3lo con las ONG es imposible.<\/p>\n<p><b>\u2014Hac\u00eda cuatro a\u00f1os que no editaba un disco. \u00bfHan sido sab\u00e1ticos?<\/b><\/p>\n<p>\u2014Entre disco y disco hay promociones, giras y, en este caso, un a\u00f1o y medio de trabajo. Yo no necesito vacaciones porque entiendo que no estoy trabajando. Y pido perd\u00f3n, porque no quiero que parezca un recochineo. Los m\u00fasicos, los escritores, los cineastas\u2026 somos unos pijeras comparados con los mineros o los agricultores.<\/p>\n<p><b>\u2014Al menos, ellos no sufren el \u2018top-manta\u2019.<\/b><\/p>\n<p>\u2014Todos contribuimos a la pirater\u00eda. Ya sea cuando vas a una gasolinera, lo haces t\u00fa todo y permites que se forre un empresario que tiene dos empleados mal pagados, o cuando vas a un supermercado de una macrocadena y compras alimentos producidos industrialmente que no saben a nada. La pirater\u00eda es el capitalismo.<\/p>\n<p><b>\u2014Ha grabado en Creta y en Girona. Las mezclas se han hecho en Kentucky y en Madrid y se lo han masterizado en Nueva York. \u00bfEso es la globalizaci\u00f3n?<\/b><\/p>\n<p>\u2014\u00c9ste es uno de los disparates del mundo en el que me ha tocado vivir. Yo tambi\u00e9n cojo aviones y tambi\u00e9n contamino. Y consigo vuelos baratos que permiten grabar y mezclar en tantos sitios.<\/p>\n<p><b>\u2014\u00bfD\u00f3nde compone?<\/b><\/p>\n<p>\u2014En una habitaci\u00f3n de mi casa, en Barcelona. Generalmente salen primero la melod\u00eda y los acordes. Luego viene la letra. A veces todo empieza en una frase que se me ocurre mientras pinto un cuadro. La vida a pie de calle me da m\u00e1s canciones que pasarme el d\u00eda tocando la guitarra.<\/p>\n<p><b>\u2014\u00bfSe considera barroco?<\/b><\/p>\n<p>\u2014Dentro de mi estilo, que es el pop rock, s\u00ed que soy bastante barroco. No me conformo con un arreglo simple. Me gusta recargarlo.<\/p>\n<p><b>\u2014\u00bfTanta fusi\u00f3n puede llevar a la confusi\u00f3n?<\/b><\/p>\n<p>\u2014El eje de mi m\u00fasica viene del rock y del pop. Puedo adornarlo con la\u00fades y liras de Creta o con violines, pero los zambombazos y los porrazos del rock no los voy a perder, porque es de lo que me alimento.<\/p>\n<p><b>\u2014Sus detractores dicen que este disco es el Garc\u00eda de siempre. \u00bfC\u00f3mo lleva las cr\u00edticas?<\/b><\/p>\n<p>\u2014Las buenas bien y las malas mal. Hago mi trabajo y tengo la conciencia muy tranquila porque creo que lo he hecho bien. Me interesa el p\u00fablico.<\/p>\n<p><b>\u2014\u00bfC\u00f3mo le afecta la crisis a un superventas como usted?<\/b><\/p>\n<p>\u2014Me afecta an\u00edmicamente. Me duele y me parece peligroso que la pir\u00e1mide se agudice y que cada vez haya menos clase media y m\u00e1s mileurismo.<\/p>\n<p><b>\u2014\u00bfQu\u00e9 hace con los discos de platino?<\/b><\/p>\n<p>\u2014Los tiene la discogr\u00e1fica. Alg\u00fan trofeo lo tengo en el cuarto de ba\u00f1o, no por desprecio, sino para recordarme lo que somos. Somos un saco de polvo que durante un tiempo tenemos una forma.<\/p>\n<p><b>\u2014\u00bfQu\u00e9 tal lleva el fen\u00f3meno fan?<\/b><\/p>\n<p>\u2014Yo no tengo fans. Tengo la suerte de ser feo y no hay se\u00f1oritas que me persigan. Yo estoy en esto por la m\u00fasica, y eso lo saben todos mis seguidores. A todos nos gusta el \u00e9xito, pero me quedo con una frase de Rosa Montero: \u201cMe conformo con la calderilla de la fama\u201d.<\/p>\n<p>Fuente: Interviu &#8211; Carlos Barrio &#8211; <a href=\"http:\/\/www.interviu.es\/entrevistas\/articulos\/manolo-garcia-cantante#\" target=\"_blank\">ENLACE<\/a><\/p>\n","protected":false},"excerpt":{"rendered":"<p>Fue \u2018r\u00e1pido\u2019, fue \u2018burro\u2019, fue \u2018el \u00faltimo de la fila\u2019 y al final ha terminado siendo \u00e9l mismo. Manolo Garc\u00eda est\u00e1 de gira con su cuarto disco, \u2018Saldremos a la lluvia\u2019, met\u00e1fora de sus ganas de mojarse ante \u201ctanta mentira, tanto fingir y tanto desastre\u201d, como dice la canci\u00f3n que da t\u00edtulo a su nuevo<a class=\"moretag\" href=\"https:\/\/www.manologarciaycia.com\/?p=11755\" title=\"Manolo Garc\u00eda, cantante. Interviu 4\/8\/2008\" target=\"_self\" rel=\"follow\"> <font face=arial size=2>[Leer m\u00e1s]<\/font> <\/a><\/p>\n","protected":false},"author":2,"featured_media":11756,"comment_status":"closed","ping_status":"closed","sticky":false,"template":"","format":"standard","meta":{"footnotes":""},"categories":[1],"tags":[],"class_list":["post-11755","post","type-post","status-publish","format-standard","has-post-thumbnail","hentry","category-manolo-garcia"],"_links":{"self":[{"href":"https:\/\/www.manologarciaycia.com\/index.php?rest_route=\/wp\/v2\/posts\/11755","targetHints":{"allow":["GET"]}}],"collection":[{"href":"https:\/\/www.manologarciaycia.com\/index.php?rest_route=\/wp\/v2\/posts"}],"about":[{"href":"https:\/\/www.manologarciaycia.com\/index.php?rest_route=\/wp\/v2\/types\/post"}],"author":[{"embeddable":true,"href":"https:\/\/www.manologarciaycia.com\/index.php?rest_route=\/wp\/v2\/users\/2"}],"replies":[{"embeddable":true,"href":"https:\/\/www.manologarciaycia.com\/index.php?rest_route=%2Fwp%2Fv2%2Fcomments&post=11755"}],"version-history":[{"count":1,"href":"https:\/\/www.manologarciaycia.com\/index.php?rest_route=\/wp\/v2\/posts\/11755\/revisions"}],"predecessor-version":[{"id":11757,"href":"https:\/\/www.manologarciaycia.com\/index.php?rest_route=\/wp\/v2\/posts\/11755\/revisions\/11757"}],"wp:featuredmedia":[{"embeddable":true,"href":"https:\/\/www.manologarciaycia.com\/index.php?rest_route=\/wp\/v2\/media\/11756"}],"wp:attachment":[{"href":"https:\/\/www.manologarciaycia.com\/index.php?rest_route=%2Fwp%2Fv2%2Fmedia&parent=11755"}],"wp:term":[{"taxonomy":"category","embeddable":true,"href":"https:\/\/www.manologarciaycia.com\/index.php?rest_route=%2Fwp%2Fv2%2Fcategories&post=11755"},{"taxonomy":"post_tag","embeddable":true,"href":"https:\/\/www.manologarciaycia.com\/index.php?rest_route=%2Fwp%2Fv2%2Ftags&post=11755"}],"curies":[{"name":"wp","href":"https:\/\/api.w.org\/{rel}","templated":true}]}}