{"id":11750,"date":"2008-06-03T09:45:34","date_gmt":"2008-06-03T07:45:34","guid":{"rendered":"http:\/\/www.manologarciaycia.com\/?p=11750"},"modified":"2015-01-21T09:50:11","modified_gmt":"2015-01-21T08:50:11","slug":"manolo-garcia-si-viviera-en-un-mundo-estupendo-seguro-que-no-haria-canciones","status":"publish","type":"post","link":"https:\/\/www.manologarciaycia.com\/?p=11750","title":{"rendered":"Manolo Garc\u00eda: \u00abSi viviera en un mundo estupendo seguro que no har\u00eda canciones\u00bb"},"content":{"rendered":"<p>El artista ofrece esta noche en M\u00e9rida su \u00fanico concierto en Extremadura en el que presentar\u00e1 su nuevo disco.<\/p>\n<p>El aliento po\u00e9tico y la b\u00fasqueda de expresi\u00f3n en un mundo en el que no se siente muy c\u00f3modo. Es lo que impulsa al artista Manolo Garc\u00eda a componer un nuevo disco despu\u00e9s de cuatro a\u00f1os de retiro, lo que le da fuerzas para subirse a un escenario concierto tras concierto hasta el pr\u00f3ximo mes de octubre. Esta noche estar\u00e1 en M\u00e9rida presentando su \u00faltimo trabajo &#8216;Saldremos a la lluvia&#8217;, un disco que invita a moverse del sill\u00f3n y a descubrir que, con poco, se puede cambiar lo que a uno no le gusta.<\/p>\n<p><span id=\"U802561957433rgC\" class=\"span\">-\u00bfQu\u00e9 es lo que le mueve a ponerse de nuevo en marcha, a expresar lo que piensa y siente a trav\u00e9s de sus canciones?<\/span><\/p>\n<p>&#8211; Si yo viviera en un mundo donde todo fuese estupendo seguro que no har\u00eda canciones. Estar\u00eda tumbado todo el d\u00eda. En el mundo que me ha tocado vivir, tenemos algo que me lanza a crear mis peque\u00f1os mundos, es una manera de exorcizar mis peque\u00f1os y grandes demonios, de buscar mano, de tender mano. En definitiva, una manera de comunicarme, una necesidad vital, una forma de buscar un sitio propio.<\/p>\n<p><span id=\"U802561957433vWE\" class=\"span\">-\u00bfEs f\u00e1cil escapar del mundo formando parte de \u00e9l?<\/span><\/p>\n<p>-Evidentemente. Se puede ser viajero en el sof\u00e1, se puede viajar de la mano de un buen libro, de la m\u00fasica, de la pintura&#8230; Yo creo que el arte, en general, es un peque\u00f1o asidero, una muletilla a la que uno se puede aferrar para hacer m\u00e1s llevadera la vida. Trabajar, producir y pasar tragos m\u00e1s o menos de forma exclusiva hace que la vida sea m\u00e1s insulsa. El arte es la b\u00fasqueda de mi felicidad, de otros mundos. No creo que el \u00fanico que exista sea este que nos presentan. Pienso que los mundos est\u00e1n en la mente de cada uno y la manera de situarte aqu\u00ed depende un poco de la actitud, de tu f\u00f3rmula. Para m\u00ed es darle mucha alegr\u00eda al esp\u00edritu, porque la materia poco aguanta.<\/p>\n<p><span id=\"U802561957433r9D\" class=\"span\">-\u00bfPor qu\u00e9 ha elegido Creta y Girona para grabar su \u00faltimo disco? Dos lugares tan antag\u00f3nicos pero, que si los ha escogido, tienen cosas en com\u00fan \u00bfno?<\/span><\/p>\n<p>-Lo mismo que podr\u00eda haber escogido Extremadura. Porque tienen naturaleza, que es algo que a m\u00ed me es necesario. En el periplo m\u00edo como m\u00fasico he trabajado muchas veces en estudios bunker, rodeado de cemento, sin ventanas. Te metes ah\u00ed y sales como el papel de fumar. Ahora que puedo elijo sitios que tengan ventanas por donde entre la luz y mis vecinos sea la naturaleza. Y eso lo he encontrado en Creta y en el estudio de Girona, que est\u00e1 a 150 kil\u00f3metros de Barcelona, con lo que si ten\u00eda alguna necesidad pod\u00eda ir a mi casa. En el caso de Creta me ha atra\u00eddo sobre todo la forma de vida que tienen sus habitantes, que est\u00e1n a punto de perder, pero a\u00fan tienen. Comer queso de la se\u00f1ora que lo est\u00e1 haciendo arriba, las gallinas que ponen huevos y que no comen ma\u00edz transg\u00e9nico. Eso es lo que he buscado y he encontrado.<\/p>\n<p><span id=\"U802561957433SFD\" class=\"span\">-\u00bfQu\u00e9 nuevos instrumentos ha introducido en este disco que nunca hab\u00eda incluido y que ha descubierto?<\/span><\/p>\n<p>-La lira, por ejemplo. Es un instrumento m\u00e1gico y tiene un poder fascinante. Es casi una voz. La oyes y se te ponen los pelos de punta. Si te acercas a \u00e9l parece que est\u00e1 vivo. Se presenta como un ente, como un ser. Tiene una sonoridad muy bonita. Es como un viol\u00edn, pero con muchas m\u00e1s cuerdas. Tambi\u00e9n el la\u00fad, que es propio de Creta. Son sonidos muy bonitos. Aunque yo no voy a perder de vista mi m\u00fasica, el rock o el pop rock, siempre me gusta aderezarlos y darle unos peque\u00f1os detalles a cada uno de mis discos, sin perder mi propio sonido. Yo no s\u00e9 hacer m\u00fasica griega, ni lo intento. La puedo disfrutar, pero no tengo esa cultura. Igual que con el flamenco. Yo puedo juguetear, flirtear, tontear con \u00e9l, pero yo no soy flamenco. Lo que me pasa tambi\u00e9n con el blues. Son culturas, que desde la cuna, se bebe de ellas. Pero s\u00ed que me gusta utilizar esas sonoridades, esos aromas sonoros de las que beben tambi\u00e9n muchos grupos. Lo importante, al final, es que una canci\u00f3n tenga vida, levante y erice la piel, comunique, aporte vida, d\u00e9 llanto, d\u00e9 risa&#8230; No deje indiferente, en una palabra.<br \/>\n<span id=\"U802561957433ldF\" class=\"span\"><\/span><br \/>\n<span id=\"U802561957433xoF\" class=\"span\">-Ya ha comenzado su gira con el primer concierto en Granada. \u00bfLe cuesta pasar de la vida placentera y tranquila al ajetreo de la carretera, de subirse a los escenarios y de no parar? \u00bfCuesta coger el ritmo de nuevo?<\/span><\/p>\n<p>-No. Yo me adapto a lo que tenemos. A lo que tengo delante, tenemos que sacarle el mejor partido. Mi lema es, &#8216;con lo que tengas, haz lo que puedas&#8217;. Yo tengo una gira por delante en la que dispondr\u00e9 de muchos momentos para libros, para viajar en tren, escuchar m\u00fasica&#8230; Y es impagable volver a reencontrarte con el p\u00fablico que est\u00e1 esper\u00e1ndote para escuchar tu m\u00fasica y volver a encontrarse contigo. Eso se hace de muy buena gana. A m\u00ed me da alegr\u00eda. Tengo la gran suerte de que a m\u00ed me da gran alegr\u00eda todo. Me gusta estar un tiempo alejado del mundo de la far\u00e1ndula, ser un ciudadano civil com\u00fan donde puedo dedicar una tarde para irme al cine, escaparme a una biblioteca, dedicarme a pintar&#8230; Eso me encanta. Pero la carretera tambi\u00e9n me gusta. Significa el reencuentro con una explosi\u00f3n de energ\u00eda. Esa introspecci\u00f3n anterior, en demas\u00eda, tambi\u00e9n llega a desbordar.<br \/>\n<span id=\"U802561957433v1G\" class=\"span\"><\/span><br \/>\n<span id=\"U802561957433JC\" class=\"span\">-Con el t\u00edtulo de su nuevo disco &#8216;Saldremos a la lluvia&#8217; \u00bfquiere ir a contracorriente de la gente que se guarece y tiende a protegerse cuando comienzan a caer las primeras gotas?<\/span><\/p>\n<p>-Yo lo hago a veces. Es una sensaci\u00f3n maravillosa y muy primitiva, te da como libertad. Salir a la lluvia a lavar, a limpiar&#8230; Todo el mundo tenemos alguna vez la sensaci\u00f3n de estar sucios. Yo me refiero en este caso a limpiar un poco el planeta. Tengo esa inquietud desde hace mucho tiempo. La naturaleza me da felicidad, me calma&#8230; En cambio, los ambientes urbanos, no me gustan mucho. Quiz\u00e1 cuando era un poco m\u00e1s joven&#8230; Los cubatillas, ir de copas. Pero tampoco he sido una persona muy urbanista. De eso tenemos algo que me repele, tenemos algo que no veo claro. Pero esto es una cuesti\u00f3n personal. Yo no pretendo llevar la verdad de nada. Yo soy yo y cada uno es cada uno.<br \/>\n<span id=\"U80256195743372\" class=\"span\"><\/span><br \/>\n<span id=\"U802561957433eSD\" class=\"span\">-La portada de su disco es una foto cuyo autor es Jos\u00e9 Mar\u00eda Ben\u00edtez, miembro de Adenex \u00bfpor qu\u00e9 la eligi\u00f3? \u00bfQu\u00e9 quiere transmitir con la mirada de ese zorro?<\/span><\/p>\n<p>-La eleg\u00ed de una serie de fotos que me mand\u00f3 \u00e9l. Estuve en Extremadura hace unos dos a\u00f1os con el grupo Adenex y con Jos\u00e9 Mar\u00eda conect\u00e9 muy bien. Comenz\u00f3 a mandarme fotos y eleg\u00ed esa, cosa que le emocion\u00f3 y le alegr\u00f3 mucho. Con ella quiero transmitir la idea del respeto a la naturaleza, de que estamos confundiendo las cosas. La naturaleza es nuestra madre, no estamos aqu\u00ed para que la maltratemos. Ella nos da la vida y no podemos triturala. Lo que estamos haciendo ahora, es un desprop\u00f3sito. Esa mirada de ese zorro es como una s\u00faplica, un canto de esperanza. Yo tampoco he pretendido hacer un disco agorero, negro, negativo&#8230; Con la naturaleza lo estamos haciendo mal, pero a\u00fan tenemos tiempo de rectificar. Se hacen cosas muy graves, pero tenemos que reaccionar ya. Un presidente del Gobierno no puede ir contra el cambio clim\u00e1tico y luego dar permisos a la centrales t\u00e9rmicas que contaminan tanto o seguir inflando la maquinaria econ\u00f3mica. tenemos que buscar otras f\u00f3rmulas, que no somos idiotas y no nos chupamos el dedo. Por eso mi portada es un peque\u00f1o canto, un grito de libertad.<\/p>\n<p><span id=\"U802561957433VfE\" class=\"span\">-Usted que est\u00e1 muy comprometido con el medio ambiente \u00bfse puede hacer m\u00fasica sin sentir el compromiso con algo?<\/span><\/p>\n<p>-Absolutamente. La m\u00fasica puramente l\u00fadica es alucinante. Mucho de los grupos que me gustan, en sus letras, no tienen ni un \u00e1pice de compromiso y no por eso dejan de gustarme. Yo tampoco soy un m\u00fasico que abandere ning\u00fan movimiento, pero me puedo permitir el lujo y la libertad de hacer canciones de las cosas que me sacan de quicio. No pretendo ser un cantante social, ni ser negativo. Pretendo ser un peque\u00f1ito poeta, hacer mi m\u00fasica y, a veces, dar una bofetada y, de alguna forma, pronunciarme.<br \/>\n<span id=\"U802561957433NtG\" class=\"span\"><\/span><br \/>\n<span id=\"U802561957433oQF\" class=\"span\">-\u00bfEso es lo que le hace jurar en arameo?<\/span><\/p>\n<p>-(R\u00ede). Claro, claro,eso es.<\/p>\n<p><a href=\"http:\/\/www.manologarciaycia.com\/wp-content\/uploads\/2008\/06\/MG_Hoy_2.jpg\"><img loading=\"lazy\" decoding=\"async\" src=\"http:\/\/www.manologarciaycia.com\/wp-content\/uploads\/2008\/06\/MG_Hoy_2.jpg\" alt=\"MG_Hoy_2\" width=\"696\" height=\"960\" class=\"aligncenter size-full wp-image-11753\" srcset=\"https:\/\/www.manologarciaycia.com\/wp-content\/uploads\/2008\/06\/MG_Hoy_2.jpg 696w, https:\/\/www.manologarciaycia.com\/wp-content\/uploads\/2008\/06\/MG_Hoy_2-363x500.jpg 363w, https:\/\/www.manologarciaycia.com\/wp-content\/uploads\/2008\/06\/MG_Hoy_2-695x959.jpg 695w\" sizes=\"auto, (max-width: 696px) 100vw, 696px\" \/><\/a><\/p>\n<p>Fuente: Hoy &#8211; M. \u00c1NGELES MORCILLO &#8211; <a href=\"http:\/\/www.hoy.es\/20080603\/sociedad\/viviera-mundo-estupendo-seguro-20080603.html\" target=\"_blank\">ENLACE<\/a><\/p>\n","protected":false},"excerpt":{"rendered":"<p>El artista ofrece esta noche en M\u00e9rida su \u00fanico concierto en Extremadura en el que presentar\u00e1 su nuevo disco. El aliento po\u00e9tico y la b\u00fasqueda de expresi\u00f3n en un mundo en el que no se siente muy c\u00f3modo. Es lo que impulsa al artista Manolo Garc\u00eda a componer un nuevo disco despu\u00e9s de cuatro a\u00f1os<a class=\"moretag\" href=\"https:\/\/www.manologarciaycia.com\/?p=11750\" title=\"Manolo Garc\u00eda: \u00abSi viviera en un mundo estupendo seguro que no har\u00eda canciones\u00bb\" target=\"_self\" rel=\"follow\"> <font face=arial size=2>[Leer m\u00e1s]<\/font> <\/a><\/p>\n","protected":false},"author":2,"featured_media":11752,"comment_status":"closed","ping_status":"closed","sticky":false,"template":"","format":"standard","meta":{"footnotes":""},"categories":[1],"tags":[],"class_list":["post-11750","post","type-post","status-publish","format-standard","has-post-thumbnail","hentry","category-manolo-garcia"],"_links":{"self":[{"href":"https:\/\/www.manologarciaycia.com\/index.php?rest_route=\/wp\/v2\/posts\/11750","targetHints":{"allow":["GET"]}}],"collection":[{"href":"https:\/\/www.manologarciaycia.com\/index.php?rest_route=\/wp\/v2\/posts"}],"about":[{"href":"https:\/\/www.manologarciaycia.com\/index.php?rest_route=\/wp\/v2\/types\/post"}],"author":[{"embeddable":true,"href":"https:\/\/www.manologarciaycia.com\/index.php?rest_route=\/wp\/v2\/users\/2"}],"replies":[{"embeddable":true,"href":"https:\/\/www.manologarciaycia.com\/index.php?rest_route=%2Fwp%2Fv2%2Fcomments&post=11750"}],"version-history":[{"count":2,"href":"https:\/\/www.manologarciaycia.com\/index.php?rest_route=\/wp\/v2\/posts\/11750\/revisions"}],"predecessor-version":[{"id":11754,"href":"https:\/\/www.manologarciaycia.com\/index.php?rest_route=\/wp\/v2\/posts\/11750\/revisions\/11754"}],"wp:featuredmedia":[{"embeddable":true,"href":"https:\/\/www.manologarciaycia.com\/index.php?rest_route=\/wp\/v2\/media\/11752"}],"wp:attachment":[{"href":"https:\/\/www.manologarciaycia.com\/index.php?rest_route=%2Fwp%2Fv2%2Fmedia&parent=11750"}],"wp:term":[{"taxonomy":"category","embeddable":true,"href":"https:\/\/www.manologarciaycia.com\/index.php?rest_route=%2Fwp%2Fv2%2Fcategories&post=11750"},{"taxonomy":"post_tag","embeddable":true,"href":"https:\/\/www.manologarciaycia.com\/index.php?rest_route=%2Fwp%2Fv2%2Ftags&post=11750"}],"curies":[{"name":"wp","href":"https:\/\/api.w.org\/{rel}","templated":true}]}}