{"id":11743,"date":"1988-06-17T09:09:32","date_gmt":"1988-06-17T07:09:32","guid":{"rendered":"http:\/\/www.manologarciaycia.com\/?p=11743"},"modified":"2015-01-20T09:12:49","modified_gmt":"2015-01-20T08:12:49","slug":"la-monumental-se-lleno-hasta-el-ultimo-de-la-fila","status":"publish","type":"post","link":"https:\/\/www.manologarciaycia.com\/?p=11743","title":{"rendered":"La Monumental se llen\u00f3 hasta El \u00daltimo de la Fila"},"content":{"rendered":"<p>El \u00daltimo de la Fila ofreci\u00f3n un sensacional concierto, al que asistieron 18.000 personas que abarrotaron La Monumental para ver la actuaci\u00f3n de Manolo Garc\u00eda y Quimi Portet.<\/p>\n<p>El concierto ofrecido ayer por la noche por el popular d\u00fao catal\u00e1n El \u00daltimo de la Fila en la plaza de toros Monumental, congreg\u00f3 a 18.000 personas, mayoritariamente j\u00f3venes, que siguieron con entusiasmo las dos horas que dur\u00f3 el concierto. <\/p>\n<p>Las guitarras de Quimi Portet y la inconfundible voz de Manolo Garc\u00eda, que se encontraban respaldadas por un excelente grupo instrumentral de seis m\u00fasicos,* ofrecieron a un auditorio que abarrotaba totalmente la plaza de toros barcelonesa m\u00e1s de una treintena de canciones, en donde destacaban las pertenecientes a su \u00faltimo elep\u00e9, \u00abComo la cabeza al sombrero\u00bb, as\u00ed como una amplia antolog\u00eda de sus producciones anteriores. El recital de ayer forma parte de la amplia gira que inici\u00f3 el popular d\u00fao a comienzos de mes, y que les acercar\u00e1 a m\u00e1s de setenta ciudades espa\u00f1olas.<\/p>\n<p>Por otra parte, el concierto fue grabado por un nutrido equipo, t\u00e9cnico de TV3 bajo la direcci\u00f3n de Antoni Garriga, que cont\u00f3 con seis c\u00e1maras para captar adecuadamente las evoluciones de El \u00daltimo de la Fila sobre el escenario. La fecha de emisi\u00f3n de esta grabaci\u00f3n todav\u00eda no ha sido fijada por los responsables de la programaci\u00f3n de TV3. <\/p>\n<p>Fuente: La Vanguardia &#8211; Salvador Sansuan<\/p>\n","protected":false},"excerpt":{"rendered":"<p>El \u00daltimo de la Fila ofreci\u00f3n un sensacional concierto, al que asistieron 18.000 personas que abarrotaron La Monumental para ver la actuaci\u00f3n de Manolo Garc\u00eda y Quimi Portet. El concierto ofrecido ayer por la noche por el popular d\u00fao catal\u00e1n El \u00daltimo de la Fila en la plaza de toros Monumental, congreg\u00f3 a 18.000 personas,<a class=\"moretag\" href=\"https:\/\/www.manologarciaycia.com\/?p=11743\" title=\"La Monumental se llen\u00f3 hasta El \u00daltimo de la Fila\" target=\"_self\" rel=\"follow\"> <font face=arial size=2>[Leer m\u00e1s]<\/font> <\/a><\/p>\n","protected":false},"author":2,"featured_media":11744,"comment_status":"closed","ping_status":"closed","sticky":false,"template":"","format":"standard","meta":{"footnotes":""},"categories":[1],"tags":[],"class_list":["post-11743","post","type-post","status-publish","format-standard","has-post-thumbnail","hentry","category-manolo-garcia"],"_links":{"self":[{"href":"https:\/\/www.manologarciaycia.com\/index.php?rest_route=\/wp\/v2\/posts\/11743","targetHints":{"allow":["GET"]}}],"collection":[{"href":"https:\/\/www.manologarciaycia.com\/index.php?rest_route=\/wp\/v2\/posts"}],"about":[{"href":"https:\/\/www.manologarciaycia.com\/index.php?rest_route=\/wp\/v2\/types\/post"}],"author":[{"embeddable":true,"href":"https:\/\/www.manologarciaycia.com\/index.php?rest_route=\/wp\/v2\/users\/2"}],"replies":[{"embeddable":true,"href":"https:\/\/www.manologarciaycia.com\/index.php?rest_route=%2Fwp%2Fv2%2Fcomments&post=11743"}],"version-history":[{"count":1,"href":"https:\/\/www.manologarciaycia.com\/index.php?rest_route=\/wp\/v2\/posts\/11743\/revisions"}],"predecessor-version":[{"id":11745,"href":"https:\/\/www.manologarciaycia.com\/index.php?rest_route=\/wp\/v2\/posts\/11743\/revisions\/11745"}],"wp:featuredmedia":[{"embeddable":true,"href":"https:\/\/www.manologarciaycia.com\/index.php?rest_route=\/wp\/v2\/media\/11744"}],"wp:attachment":[{"href":"https:\/\/www.manologarciaycia.com\/index.php?rest_route=%2Fwp%2Fv2%2Fmedia&parent=11743"}],"wp:term":[{"taxonomy":"category","embeddable":true,"href":"https:\/\/www.manologarciaycia.com\/index.php?rest_route=%2Fwp%2Fv2%2Fcategories&post=11743"},{"taxonomy":"post_tag","embeddable":true,"href":"https:\/\/www.manologarciaycia.com\/index.php?rest_route=%2Fwp%2Fv2%2Ftags&post=11743"}],"curies":[{"name":"wp","href":"https:\/\/api.w.org\/{rel}","templated":true}]}}