{"id":11735,"date":"1987-08-26T08:46:12","date_gmt":"1987-08-26T06:46:12","guid":{"rendered":"http:\/\/www.manologarciaycia.com\/?p=11735"},"modified":"2015-01-20T08:50:30","modified_gmt":"2015-01-20T07:50:30","slug":"el-ultimo-de-la-fila-esta-noche-en-tv3","status":"publish","type":"post","link":"https:\/\/www.manologarciaycia.com\/?p=11735","title":{"rendered":"El \u00daltimo de la Fila esta noche en TV3"},"content":{"rendered":"<p>El \u00daltimo de la Fila, esta noche en TV3 El grupo catal\u00e1n El \u00daltimo de la Fila actuar\u00e1 esta noche en TV3, en el programa \u00abAngel Casas show\u00bb. Quimi Portet y Manolo D\u00edaz \u00bf? son los integrantes de esta formaci\u00f3n musical que ya lleva varios a\u00f1os dando vueltas en el mundo del espect\u00e1culo, primero como Los Burros y despu\u00e9s como El \u00daltimo de la Fila. Fue precisamente a resultas de su disco \u00abEnemigos de lo ajeno\u00bb cuando se dieron a conocer al gran p\u00fablico y cosecharon importantes \u00e9xi-tos hasta el punto de ser premiados como mejor grupo de 1986.<\/p>\n<p>#El\u00daltimodelaFila #TV3 #AngelCasasShow<\/p>\n","protected":false},"excerpt":{"rendered":"<p>El \u00daltimo de la Fila, esta noche en TV3 El grupo catal\u00e1n El \u00daltimo de la Fila actuar\u00e1 esta noche en TV3, en el programa \u00abAngel Casas show\u00bb. Quimi Portet y Manolo D\u00edaz \u00bf? son los integrantes de esta formaci\u00f3n musical que ya lleva varios a\u00f1os dando vueltas en el mundo del espect\u00e1culo, primero como<a class=\"moretag\" href=\"https:\/\/www.manologarciaycia.com\/?p=11735\" title=\"El \u00daltimo de la Fila esta noche en TV3\" target=\"_self\" rel=\"follow\"> <font face=arial size=2>[Leer m\u00e1s]<\/font> <\/a><\/p>\n","protected":false},"author":2,"featured_media":11736,"comment_status":"closed","ping_status":"closed","sticky":false,"template":"","format":"standard","meta":{"footnotes":""},"categories":[1],"tags":[],"class_list":["post-11735","post","type-post","status-publish","format-standard","has-post-thumbnail","hentry","category-manolo-garcia"],"_links":{"self":[{"href":"https:\/\/www.manologarciaycia.com\/index.php?rest_route=\/wp\/v2\/posts\/11735","targetHints":{"allow":["GET"]}}],"collection":[{"href":"https:\/\/www.manologarciaycia.com\/index.php?rest_route=\/wp\/v2\/posts"}],"about":[{"href":"https:\/\/www.manologarciaycia.com\/index.php?rest_route=\/wp\/v2\/types\/post"}],"author":[{"embeddable":true,"href":"https:\/\/www.manologarciaycia.com\/index.php?rest_route=\/wp\/v2\/users\/2"}],"replies":[{"embeddable":true,"href":"https:\/\/www.manologarciaycia.com\/index.php?rest_route=%2Fwp%2Fv2%2Fcomments&post=11735"}],"version-history":[{"count":1,"href":"https:\/\/www.manologarciaycia.com\/index.php?rest_route=\/wp\/v2\/posts\/11735\/revisions"}],"predecessor-version":[{"id":11737,"href":"https:\/\/www.manologarciaycia.com\/index.php?rest_route=\/wp\/v2\/posts\/11735\/revisions\/11737"}],"wp:featuredmedia":[{"embeddable":true,"href":"https:\/\/www.manologarciaycia.com\/index.php?rest_route=\/wp\/v2\/media\/11736"}],"wp:attachment":[{"href":"https:\/\/www.manologarciaycia.com\/index.php?rest_route=%2Fwp%2Fv2%2Fmedia&parent=11735"}],"wp:term":[{"taxonomy":"category","embeddable":true,"href":"https:\/\/www.manologarciaycia.com\/index.php?rest_route=%2Fwp%2Fv2%2Fcategories&post=11735"},{"taxonomy":"post_tag","embeddable":true,"href":"https:\/\/www.manologarciaycia.com\/index.php?rest_route=%2Fwp%2Fv2%2Ftags&post=11735"}],"curies":[{"name":"wp","href":"https:\/\/api.w.org\/{rel}","templated":true}]}}