{"id":11733,"date":"1986-09-25T08:32:40","date_gmt":"1986-09-25T06:32:40","guid":{"rendered":"http:\/\/www.manologarciaycia.com\/?p=11733"},"modified":"2015-01-20T08:39:51","modified_gmt":"2015-01-20T07:39:51","slug":"entre-el-pop-arabizado-y-el-pop-aflamencado","status":"publish","type":"post","link":"https:\/\/www.manologarciaycia.com\/?p=11733","title":{"rendered":"Entre el pop arabizado y el pop aflamencado."},"content":{"rendered":"<p>Gran \u00e9xito de El Ultimo de la Fila en la recta de l&#8217;Estadi.<\/p>\n<p>Que de una docena de actuaciones s\u00f3lidas resulte un \u00e9xito verdadero no constituye un porcentaje portentoso pero, en fin, Montju\u00efc se sac\u00f3 la espina verbenera en la cuarta velada con un cartel coherente. Dissidenten y El Ultimo de la Fila desbordaron la Recta del Estadi (era la v\u00edspera de la Merc\u00e9 y se pod\u00eda trasnochar).<\/p>\n<p>Los Dissidenten se presentaron hace casi un a\u00f1o en Barcelona, Madrid y Valencia y, ya tienen un p\u00fablico ganado. En su origen era un conjunto alem\u00e1n investigador (por eso el nombre) de ritmos \u00e9tnicos. Despu\u00e9s de incorporar m\u00fasicas turcos de Berl\u00edn y trabajar con vietnamitas, contactaron con grupos magreb\u00edes tambi\u00e9n inquietos y con Cherif Lamrani, poeta y cantante de 45 a\u00f1os al parecer muy influyente entre la juventud de Marruecos. Lamrani les dio su inspiraci\u00f3n y cant\u00f3 para ellos en su primer disco. Alguien etiquet\u00f3 su estilo como \u201cethnobeat\u201d, mezcla de m\u00fasica moruna y pop europeo \u2014con letras en \u00e1rabe\u2014 que triunfa en las discotecas. Ahora Dissidenten son cuatro germanos y dos marroqu\u00edes, oscilando entre la \u201cfusi\u00f3n\u201d y el sonido \u201cdisco\u201d. Hicieron bailar y dar palmas todo lo que permit\u00eda la gran aglomeraci\u00f3n, y el efecto fue, sobre todo, que prepararon el terreno para El Ultimo de la Fila.<\/p>\n<p>El Ultimo de la Fila no es uno sino dos, Manolo Garc\u00eda y Quimi Portet, aunque se acompa\u00f1an de varios instrumentistas. Son catalanes, pero practican un pop aflamencado, tendencia que se explicita en la forma decantar de Garc\u00eda, y sus letras son (caso raro en el pop espa\u00f1ol) un importante atractivo. Se han convertido en un conjunto puntero, valorado y considerado, con un sello de calidad. <\/p>\n<p>Aclamaci\u00f3n popular, fans chillonas, coros para muchos de los temas y mucha devoci\u00f3n. Exaltado al m\u00e1ximo y con poses de torero, Manolo Garc\u00eda se comport\u00f3 como una estrella del rock. En la apoteosis, humo a volumen de incendio forestal, luminotecnia a discreci\u00f3n confeti festivo. Despu\u00e9s del bis obligado se alargaron media hora m\u00e1s, dejando al respetable m\u00e1s que contento.<br \/>\nAl principio de todo, delas casi seis horas de m\u00fasica, hab\u00edan salido los Esclarecidos, mimados en Madrid. Pasaron fugazmente.<\/p>\n<p>Fuente: La Vanguardia &#8211; F.F.<\/p>\n","protected":false},"excerpt":{"rendered":"<p>Gran \u00e9xito de El Ultimo de la Fila en la recta de l&#8217;Estadi. Que de una docena de actuaciones s\u00f3lidas resulte un \u00e9xito verdadero no constituye un porcentaje portentoso pero, en fin, Montju\u00efc se sac\u00f3 la espina verbenera en la cuarta velada con un cartel coherente. Dissidenten y El Ultimo de la Fila desbordaron la<a class=\"moretag\" href=\"https:\/\/www.manologarciaycia.com\/?p=11733\" title=\"Entre el pop arabizado y el pop aflamencado.\" target=\"_self\" rel=\"follow\"> <font face=arial size=2>[Leer m\u00e1s]<\/font> <\/a><\/p>\n","protected":false},"author":2,"featured_media":0,"comment_status":"closed","ping_status":"closed","sticky":false,"template":"","format":"standard","meta":{"footnotes":""},"categories":[1],"tags":[],"class_list":["post-11733","post","type-post","status-publish","format-standard","hentry","category-manolo-garcia"],"_links":{"self":[{"href":"https:\/\/www.manologarciaycia.com\/index.php?rest_route=\/wp\/v2\/posts\/11733","targetHints":{"allow":["GET"]}}],"collection":[{"href":"https:\/\/www.manologarciaycia.com\/index.php?rest_route=\/wp\/v2\/posts"}],"about":[{"href":"https:\/\/www.manologarciaycia.com\/index.php?rest_route=\/wp\/v2\/types\/post"}],"author":[{"embeddable":true,"href":"https:\/\/www.manologarciaycia.com\/index.php?rest_route=\/wp\/v2\/users\/2"}],"replies":[{"embeddable":true,"href":"https:\/\/www.manologarciaycia.com\/index.php?rest_route=%2Fwp%2Fv2%2Fcomments&post=11733"}],"version-history":[{"count":1,"href":"https:\/\/www.manologarciaycia.com\/index.php?rest_route=\/wp\/v2\/posts\/11733\/revisions"}],"predecessor-version":[{"id":11734,"href":"https:\/\/www.manologarciaycia.com\/index.php?rest_route=\/wp\/v2\/posts\/11733\/revisions\/11734"}],"wp:attachment":[{"href":"https:\/\/www.manologarciaycia.com\/index.php?rest_route=%2Fwp%2Fv2%2Fmedia&parent=11733"}],"wp:term":[{"taxonomy":"category","embeddable":true,"href":"https:\/\/www.manologarciaycia.com\/index.php?rest_route=%2Fwp%2Fv2%2Fcategories&post=11733"},{"taxonomy":"post_tag","embeddable":true,"href":"https:\/\/www.manologarciaycia.com\/index.php?rest_route=%2Fwp%2Fv2%2Ftags&post=11733"}],"curies":[{"name":"wp","href":"https:\/\/api.w.org\/{rel}","templated":true}]}}