{"id":11721,"date":"1989-01-04T16:41:58","date_gmt":"1989-01-04T15:41:58","guid":{"rendered":"http:\/\/www.manologarciaycia.com\/?p=11721"},"modified":"2015-01-19T16:43:02","modified_gmt":"2015-01-19T15:43:02","slug":"el-magnetismo-de-el-ultimo-de-la-fila","status":"publish","type":"post","link":"https:\/\/www.manologarciaycia.com\/?p=11721","title":{"rendered":"El magnetismo de El \u00daltimo de la Fila"},"content":{"rendered":"<p>Casi 3.000 personas se dieron cita en el cierre de la jornada inaugural de la sexta edici\u00f3n de Iberpop para presenciar la actuaci\u00f3n de El \u00daltimo de la Fila en el polideportivo municipal Las Gaunas. Anteriormente se hab\u00eda celebrado, con escasa participaci\u00f3n, la primera de las mesas redondas del ciclo dedicado a las tres d\u00e9cadas de pop y rock en Espa\u00f1a, titulada 1959-1964: los comienzos.<\/p>\n<p>Esa misma tarde, Nuria Vidal, autora del libro El cine de Pedro Almod\u00e1var, presentaba en la abarrotada sala Gonzalo de Berceo la pel\u00edcula Mujeres al borde de un ataque de nervios, proyecci\u00f3n con la que se inauguraba una muestra sobre el \u00faltimo cine espa\u00f1ol y sus bandas sonoras. Iberpop 89, organiza do por el Gobierno de La Rioja como una muestra nacional de nuevos panoramas, cuenta este a\u00f1o con un presupuesto que ronda los 16 millones de pe setas. Manolo Garc\u00eda y Quim Portet, la columna vertebral del grupo catal\u00e1n El \u00faltimo de la Fila, declaraban a este peri\u00f3dico poco antes de salir a escena que \u00aba las bandas de pop-rock que empiezan o que no son muy conocidas la gente les perdona todo y les da constantes muestras de aprecio. Cuando logras un cierto \u00e9xito, todos son m\u00e1s exigentes y nadie admite fallos'\u00bb. Como queriendo restar importancia a sus palabras, el p\u00fablico de Logro\u00f1o se mostr\u00f3 entregado desde los primeros acordes y totalmente ajeno al mediocre sonido del comienzo del recital. Poco a poco Manolo Garc\u00eda se hizo due\u00f1o y se\u00f1or del front\u00f3n Las Gaunas, haciendo gala de un sorprendente magnetismo visual y una gran madurez vocal. Fue el \u00e9xito de un grupo tremendamente serio y profesional que ampar\u00e1ndose en lo brillante de sus composiciones fusiona melod\u00edas pop con ritmos de la Espa\u00f1a m\u00e1s caliente.\u00bbMezclar pop anglosaj\u00f3n con sonidos hispanos o latinos no es nada nuevo\u00bb, afirm\u00f3 el editor discogr\u00e1fico Jos\u00e9 Luis \u00c1lvarez durante la mesa redonda dedicada al comienzo del pop-rock en Espa\u00f1a, s\u00f3lo unas horas antes del concierto de El \u00faltimo de la Fila. \u00abEn Sevilla ya hab\u00eda grupos con esa idea en el a\u00f1o l964\u00bb, continu\u00f3 diciendo, \u00abmientras que en Catalu\u00f1a las influencias llegaban de la m\u00fasica \u00edtalo-francesa, y en el Pa\u00eds Vasco del jazz norteamericano. El Sur ten\u00eda la gran ventaja de poder escuchar las emisoras de Rota, T\u00e1nger y Gibraltar, las aut\u00e9nticas primeras escuelas de rock\u00bb.<\/p>\n<p>Jos\u00e9 Ram\u00f3n Pardo, cr\u00edtico musical y guionista de televisi\u00f3n, asegur\u00f3 que \u00abel primer movimiento pop espa\u00f1ol fue un simple hobby para hijos de pap\u00e1 que no ten\u00edan otra cosa que hacer, y se encontraba muy lejos de lo que debe ser el aut\u00e9ntico rock and roll, el de esp\u00edritu rebelde e iiiconformista\u00bb. Diego Manrique, director del espacio de Televisi\u00f3n Espa\u00f1ola FM2, fue a\u00fan m\u00e1s lejos, afirmando que \u00abel rock lleg\u00f3 a nuestro pa\u00eds como una moda y no como un movimiento juvenil\u00bb.<\/p>\n<p>Fuente: El Pa\u00eds &#8211; Javier Perez de Albeniz, Logro\u00f1o &#8211; <a href=\"http:\/\/elpais.com\/diario\/1989\/01\/04\/cultura\/599871608_850215.html\" target=\"_blank\">ENLACE<\/a><\/p>\n","protected":false},"excerpt":{"rendered":"<p>Casi 3.000 personas se dieron cita en el cierre de la jornada inaugural de la sexta edici\u00f3n de Iberpop para presenciar la actuaci\u00f3n de El \u00daltimo de la Fila en el polideportivo municipal Las Gaunas. Anteriormente se hab\u00eda celebrado, con escasa participaci\u00f3n, la primera de las mesas redondas del ciclo dedicado a las tres d\u00e9cadas<a class=\"moretag\" href=\"https:\/\/www.manologarciaycia.com\/?p=11721\" title=\"El magnetismo de El \u00daltimo de la Fila\" target=\"_self\" rel=\"follow\"> <font face=arial size=2>[Leer m\u00e1s]<\/font> <\/a><\/p>\n","protected":false},"author":2,"featured_media":0,"comment_status":"closed","ping_status":"closed","sticky":false,"template":"","format":"standard","meta":{"footnotes":""},"categories":[1],"tags":[],"class_list":["post-11721","post","type-post","status-publish","format-standard","hentry","category-manolo-garcia"],"_links":{"self":[{"href":"https:\/\/www.manologarciaycia.com\/index.php?rest_route=\/wp\/v2\/posts\/11721","targetHints":{"allow":["GET"]}}],"collection":[{"href":"https:\/\/www.manologarciaycia.com\/index.php?rest_route=\/wp\/v2\/posts"}],"about":[{"href":"https:\/\/www.manologarciaycia.com\/index.php?rest_route=\/wp\/v2\/types\/post"}],"author":[{"embeddable":true,"href":"https:\/\/www.manologarciaycia.com\/index.php?rest_route=\/wp\/v2\/users\/2"}],"replies":[{"embeddable":true,"href":"https:\/\/www.manologarciaycia.com\/index.php?rest_route=%2Fwp%2Fv2%2Fcomments&post=11721"}],"version-history":[{"count":1,"href":"https:\/\/www.manologarciaycia.com\/index.php?rest_route=\/wp\/v2\/posts\/11721\/revisions"}],"predecessor-version":[{"id":11722,"href":"https:\/\/www.manologarciaycia.com\/index.php?rest_route=\/wp\/v2\/posts\/11721\/revisions\/11722"}],"wp:attachment":[{"href":"https:\/\/www.manologarciaycia.com\/index.php?rest_route=%2Fwp%2Fv2%2Fmedia&parent=11721"}],"wp:term":[{"taxonomy":"category","embeddable":true,"href":"https:\/\/www.manologarciaycia.com\/index.php?rest_route=%2Fwp%2Fv2%2Fcategories&post=11721"},{"taxonomy":"post_tag","embeddable":true,"href":"https:\/\/www.manologarciaycia.com\/index.php?rest_route=%2Fwp%2Fv2%2Ftags&post=11721"}],"curies":[{"name":"wp","href":"https:\/\/api.w.org\/{rel}","templated":true}]}}