{"id":11710,"date":"1990-05-07T15:29:34","date_gmt":"1990-05-07T13:29:34","guid":{"rendered":"http:\/\/www.manologarciaycia.com\/?p=11710"},"modified":"2015-01-19T15:47:36","modified_gmt":"2015-01-19T14:47:36","slug":"el-ultimo-de-la-fila-nos-ofende-que-haya-quien-piense-que-solo-nos-mueve-el-dinero","status":"publish","type":"post","link":"https:\/\/www.manologarciaycia.com\/?p=11710","title":{"rendered":"El \u00daltimo de la Fila: \u201cNos ofende que haya quien piense que s\u00f3lo nos mueve el dinero\u00bb"},"content":{"rendered":"<p>El \u00daltimo de la Fila desvel\u00f3 recientemente una de las inc\u00f3gnitas que hab\u00eda estado gravitando sobre el mundillo del rock espa\u00f1ol. Tras un a\u00f1o 1988 apote\u00f3sico a todos los niveles, el d\u00fao catal\u00e1n, integrado por Manolo Garc\u00eda y Quimi Portet, se tomaron un largo periodo sab\u00e1tico cargado de rumores. Ahora, al acabar uno de los ensayos que est\u00e1n prodigando estos d\u00edas en Barcelona de cara a la gira que pronto inician, Manolo Garc\u00eda asegur\u00f3 que la luz de gas no sirve para iluminar a El Ultimo de la Fila.<\/p>\n<p><b>\u2014Despu\u00e9s de esta etapa de silencio, sin ninguna actuaci\u00f3n en Espa\u00f1a, de pronto reaparec\u00e9is con un nuevo disco y romp\u00e9is con la discogr\u00e1fica independiente con la que hab\u00e9is cosechado vuestros grandes \u00e9xitos discogr\u00e1ficos. La gente puede estar sorprendida por ello.<\/b><br \/>\n<i>\u2014Es un tema complicad\u00edsimo. De entrada, estar intentando moverte con una propuesta art\u00edstica, po\u00e9tica y de otras cosas en medio de se\u00f1ores que s\u00f3lo piensan en el dinero, pues es un poco duro. Esto no es de ahora, es de toda la vida. Esta sensaci\u00f3n de trabajar en algo que te gusta durante muchas horas te crea una serie de problemas que tienes que resolver: t\u00fa lo que pretendes es hacer canciones, grabarlas, hacer discos, que \u00e9stos se vendan, ganar un dinero y poder ser feliz con lo que haces. Yo no pretendo vivir bien; eso lo dejo a otras personas. En general soy bastante austero, ya que no necesito demasiado. Siempre nos hemos movido, Quimi y yo, bajo estos par\u00e1metros: cuando entregamos un disco o vamos a montar una gira siempre nos hemos encontrado con que todo el mundo quiere ganar mucho dinero. No digo dinero, digo mucho dinero. Eso no nos pasa s\u00f3lo a nosotros, mal ir\u00edamos si no. Salvo honrosas excepciones, en este negocio. hay un culto desmesurado al dinero que nos duele un poco. Ahora hemos llegado a un momento en que no tenemos la necesidad de estar discutiendo con nadie sobre lo que queremos hacer y es por ello por lo que hemos creado un pe9ue\u00f1o sello que s\u00f3lo producir\u00e1 lo que hace El Ultimo. Junto a ello hemos llegado a un acuerdo con una compa\u00f1\u00eda, Emi, que se encargar\u00e1 de poner en las tiendas nuestros discos y nos ayudar\u00e1 en nuestra promoci\u00f3n, porque, claro, si en el escaparate de una tienda, s\u00f3lo caben veinte discos es importante que uno de \u00e9sos sea el nuestro. <\/i><\/p>\n<p><b>\u2014Supongo que las. grandes compa\u00f1\u00edas se disputaron vuestros servicios.<\/b><br \/>\n<i>\u2014Cuando entregamos nuestro anterior elep\u00e9, \u201cCorno la cabeza al sombrero\u201d, nosotros cre\u00edmos que hab\u00edamos cumplido como caballeros nuestro compromiso con PDI. Seg\u00fan mi c\u00f3digo moral hemos cumplido porque les hemos dado unos discos y un dinero a ganar. Insisto: con ellos siempre ha habido buen rollo a nivel creativo y art\u00edstico. Por otro lado, se da una paradoja: nosotros el a\u00f1o pasado cerramos la gira en Madrid con una serie de seis conciertos y all\u00ed la gente, las grandes compa\u00f1\u00edas, vieron que est\u00e1bamos libres y que ade m\u00e1s \u00e9ramos un grupo que llen\u00f3 seis noches el pabell\u00f3n del Real Madrid y que llev\u00e1bamos 400.000 copias. Y claro, nos llovieron las ofertas. Para nosotros fue algo muy &#8216;heavy&#8217; porque lo \u00fanico que hicieron fue ofrecernos dinero.<\/i><\/p>\n<p><b>\u2014Vosotros siempre hab\u00e9is vendido una imagen de honestidad, de buena gente, de integridad. \u00bfTodos estos acontecimientos no pueden haber afectado esta imagen?<\/b><br \/>\n<i>\u2014En absoluto, porque a nosotros nos ofende que haya personas que crean que nuestro trabajo se basa s\u00f3lo en el dinero. Trabajamos con personas y no con m\u00e1quinas. <\/i><\/p>\n<p><b>\u2014Vuestra anterior discogr\u00e1fica, PDI, en cierto modo os catapult\u00f3. Vuestra decisi\u00f3n de iros ahora puede haber desconcertado al personal. <\/b><br \/>\n<i>\u2014Habr\u00eda que saber qui\u00e9n catapult\u00f3 a qui\u00e9n. Nosotros quer\u00edamos trabajar totalmente a nuestro aire; es muy goloso no tener que dar cuenta de tus actos a nadie,y, dado nuestro car\u00e1cter, era lo ideal. Tambi\u00e9n est\u00e1 el factor de que con una independiente la distribuci\u00f3n y la promoci\u00f3n no pueden ser muy generosas. Si las cosas al final se han torcido en parte es muy l\u00f3gico, porque nosotros somos como un caramelo y a nadie le gusta que le quiten un caramelo de los labios.<\/i><\/p>\n<p><b>\u2014\u00bfNo ten\u00e9is un punto de mala conciencia?<\/b><br \/>\n<i>\u2014Alcontrario, tenemos una buen\u00edsima conciencia. Nosotros hemos devuelto 200 por 20 y eso me deja un gran sabor de boca.<\/i><\/p>\n<p><b>\u2014Una de las cosas que m\u00e1s llama la atenci\u00f3n del nuevo disco y de la promoci\u00f3n que le rodea es vuestra dedicaci\u00f3n a las causas ecologista y de defensa de los derechos humanos.<\/b><br \/>\n<i>\u2014El tema, en concreto, de la ecolog\u00eda lo queremos tratar de un modo serio y no como moda. Me cago cien veces en las modasy en los que dicen \u2018ser ecologistas porque est\u00e1 de moda. Hay que serlo de coraz\u00f3n y consecuente con las convicciones de cada uno porque sabemos que nos movemos en unos terrenos peligrosos. La parada est\u00e1 muy mal montada y eso es p\u00fablico: es el reino de la opulencia para unos y de la\u2019 indigencia para otros muchos. Yo puedo hacer dos cosas: o quemar mi coche, no hacer discos de vinilo y retirarme a cuidar ovejas, o influir en el mayor n\u00famero posible de personas, hacerlas c\u00f3mplices de estas ideas, que, en definitiva, son beneficiosas para todo el mundo.<\/i><\/p>\n<p><b>\u2014Pero no deja de llamar la atenci\u00f3n que sea ahora cuando exterioriz\u00e1is vuestro \u00edmpetu ecologista, que ya hace algunos a\u00f1os pusieron en boga otras estrellas de la canci\u00f3n.<\/b><br \/>\n<i>\u2014No necesitamos subirnos a ning\u00fan carro, porque ya tenemos un nombre en Espa\u00f1a y unos m\u00ednimos asegurados. A m\u00ed no me interesa ser famoso; a m\u00ed me interesa ser feliz. Ahora bien; tenemos una personalidad y una imagen que son inevitablemente p\u00fablicas y, en segundo lugar, procuramos canalizar la energ\u00eda que se desprenden de nuestros discos y actuaciones hacia unas ideas en las que creemos totalmente.<\/i><\/p>\n<p><b>\u2014Despu\u00e9s de finalizar vuestra \u00faltima gira de invierno, se comenz\u00f3 a especularconias ra zones deestesilencio tan prolongado&#8230;<\/b><br \/>\n<i>\u2014Qu\u00e9 puedo decir. ,En el llamado orden real, despu\u00e9s de cerrar aquella gira con la tanda de conciertos consecutivos en Madrid, hicimos algo de televisi\u00f3n y decidimos salir fuera. A m\u00ed me interesaba mucho tomarme un a\u00f1o sab\u00e1tico en Espa\u00f1a, porque me horronza hacemie pesado: hab\u00edamos vendido el disco. antenor (\u201cComo la cabeza al sombrero\u201d), todo el mundo que quiso lo compr\u00f3 y vino a escucharnos en directo, y una vez hecho eso decidimos cortar. Hab\u00eda que descansar, nosotros y el p\u00fablico.<\/i><\/p>\n<p><b>\u2014Lleg\u00f3 incluso a hablarse de que las relaciones entre t\u00fa y Quimi Portet no atravesaban un buen momento.<\/b><br \/>\n<i>\u2014No es cierto. S\u00f3lo nos dejamos de ver en agosto del a\u00f1o pasado, que fue el primer mes de vacaciones que nos t\u00f3mamos despu\u00e9s de estar cinco o seis a\u00f1os d\u00e1ndole duro al tema. Quimi y yo nos llevamos de puta madre; somos ya personas adultas y eso quiere decir que nos respetamos. Puede que alg\u00fan d\u00eda dejemos de trabajar juntos, pero nunca dejaremos de ser amigos. Es de dominio p\u00fablico que nos respetamos y que no nos peleamos. Una de las claves de nuestra buena relaci\u00f3n es que nos re\u00edmos de las mismas cosas. La envidia es muy mala: hay mucha gente que no es capaz de mantener este tipo de situaciones con sus compa\u00f1eros o amigos y por eso van diciendo por ah\u00ed esas tonter\u00edas.<\/i><\/p>\n<p><b>\u2014Pero muchas veces el protagonismo sobre la escena de El Ultimo de la Fila recae casi totalmente sobre ti, y eso podr\u00eda originar situaciones an\u00f3malas.<\/b><br \/>\n<i>\u2014Nosotros somos lo que somos porque queremos serlo. Manolo tiene un car\u00e1cter extrovertido; Quimi, introvertido. Quimi es inteligente; Manolo es espabilado. Pero, en definitiva, somos dos personas muy enrolladas. Que yo chupe c\u00e1mara o que pegue saltos en el escenario y me meta entre la gente, mientras Quimi se queda en un segundo plano tocando la \u00e1rmonica, no tiene nada que ver. <\/i><\/p>\n<p><b>\u2014\u00bfD\u00f3nde est\u00e1 vuestro l\u00edmite?<\/b><br \/>\n<i>\u2014Est\u00e1 en los ejecutivos de las compa\u00f1\u00edas discogr\u00e1ficas, en la mala sa\u00f1a que puedan tener o en las situaciones raras que nos puedan crear.<\/i><\/p>\n<p><b>\u2014Tu voz, que es uno de los elementos m\u00e1s caracter\u00edsticos de vuestro sonido, \u00bfpodr\u00eda llegar a convertirse en un l\u00edmite infranqueable?<\/b><br \/>\n\u2014No estoy de acuerdo. Creo que el l\u00edmite est\u00e1 en mi voz y en la manera de componer de Quimi, en la mezcla que hemos conseguido. Pero si alg\u00fan d\u00eda creo que mi voz es un obst\u00e1culo y que no tengo nada que aportar, me retiro. Lo que no voy a hacer es estar chupando del bote por la cara.<\/p>\n<p><a href=\"http:\/\/www.manologarciaycia.com\/wp-content\/uploads\/1990\/05\/EUDLF_LV_1990.jpg\"><img loading=\"lazy\" decoding=\"async\" class=\"aligncenter size-full wp-image-11715\" src=\"http:\/\/www.manologarciaycia.com\/wp-content\/uploads\/1990\/05\/EUDLF_LV_1990.jpg\" alt=\"EUDLF_LV_1990\" width=\"700\" height=\"1100\" srcset=\"https:\/\/www.manologarciaycia.com\/wp-content\/uploads\/1990\/05\/EUDLF_LV_1990.jpg 700w, https:\/\/www.manologarciaycia.com\/wp-content\/uploads\/1990\/05\/EUDLF_LV_1990-318x500.jpg 318w, https:\/\/www.manologarciaycia.com\/wp-content\/uploads\/1990\/05\/EUDLF_LV_1990-652x1024.jpg 652w, https:\/\/www.manologarciaycia.com\/wp-content\/uploads\/1990\/05\/EUDLF_LV_1990-695x1092.jpg 695w\" sizes=\"auto, (max-width: 700px) 100vw, 700px\" \/><\/a><\/p>\n<p><span style=\"text-decoration: underline;\"><strong>Inocencia perdida \u00a0&#8211; AN\u00c1LISIS<\/strong><\/span><\/p>\n<p>Mucho tendr\u00e1n que apretar Manolo y Quimi para volver a subir alpedestal que hicieron suyo en aquella gloriosa temporada 88\/89: venta masiva de sus discos, aclamaci\u00f3n popular en una gira que les acerc\u00f3 a los cuatro rincones del pa\u00eds, respeto de la cr\u00edtica y, como espectacular guinda, el honor de compartir escenario con Bruce Springsteen, Sting o Peter Gabriel en aquella memorable tarde\/noche de contenido humanitario. Este retiro ahora abandonado, argumentan ellos, ha sido el precio para acceder a una libertad siempre anhelada. Sin embargo, y olvidando quiz\u00e1 que los inicios de El \u00daltimo de la Fila no fueron precisamente esplendorosos, algunas voces les echan en cara su.p\u00e9rdida progresiva de inocencia.<\/p>\n<p>Fuente: La Vanguardia &#8211; Esteban Lin\u00e9s &#8211; Fotograf\u00eda: Patricio Sim\u00f3n &#8211; <a href=\"http:\/\/hemeroteca-paginas.lavanguardia.com\/LVE08\/HEM\/1990\/05\/07\/LVG19900507-027.pdf\" target=\"_blank\">ENLACE<\/a><\/p>\n","protected":false},"excerpt":{"rendered":"<p>El \u00daltimo de la Fila desvel\u00f3 recientemente una de las inc\u00f3gnitas que hab\u00eda estado gravitando sobre el mundillo del rock espa\u00f1ol. Tras un a\u00f1o 1988 apote\u00f3sico a todos los niveles, el d\u00fao catal\u00e1n, integrado por Manolo Garc\u00eda y Quimi Portet, se tomaron un largo periodo sab\u00e1tico cargado de rumores. Ahora, al acabar uno de los<a class=\"moretag\" href=\"https:\/\/www.manologarciaycia.com\/?p=11710\" title=\"El \u00daltimo de la Fila: \u201cNos ofende que haya quien piense que s\u00f3lo nos mueve el dinero\u00bb\" target=\"_self\" rel=\"follow\"> <font face=arial size=2>[Leer m\u00e1s]<\/font> <\/a><\/p>\n","protected":false},"author":2,"featured_media":11713,"comment_status":"closed","ping_status":"closed","sticky":false,"template":"","format":"standard","meta":{"footnotes":""},"categories":[3,1,9],"tags":[],"class_list":["post-11710","post","type-post","status-publish","format-standard","has-post-thumbnail","hentry","category-el-ultimo-de-la-fila","category-manolo-garcia","category-qumi-portet"],"_links":{"self":[{"href":"https:\/\/www.manologarciaycia.com\/index.php?rest_route=\/wp\/v2\/posts\/11710","targetHints":{"allow":["GET"]}}],"collection":[{"href":"https:\/\/www.manologarciaycia.com\/index.php?rest_route=\/wp\/v2\/posts"}],"about":[{"href":"https:\/\/www.manologarciaycia.com\/index.php?rest_route=\/wp\/v2\/types\/post"}],"author":[{"embeddable":true,"href":"https:\/\/www.manologarciaycia.com\/index.php?rest_route=\/wp\/v2\/users\/2"}],"replies":[{"embeddable":true,"href":"https:\/\/www.manologarciaycia.com\/index.php?rest_route=%2Fwp%2Fv2%2Fcomments&post=11710"}],"version-history":[{"count":6,"href":"https:\/\/www.manologarciaycia.com\/index.php?rest_route=\/wp\/v2\/posts\/11710\/revisions"}],"predecessor-version":[{"id":11718,"href":"https:\/\/www.manologarciaycia.com\/index.php?rest_route=\/wp\/v2\/posts\/11710\/revisions\/11718"}],"wp:featuredmedia":[{"embeddable":true,"href":"https:\/\/www.manologarciaycia.com\/index.php?rest_route=\/wp\/v2\/media\/11713"}],"wp:attachment":[{"href":"https:\/\/www.manologarciaycia.com\/index.php?rest_route=%2Fwp%2Fv2%2Fmedia&parent=11710"}],"wp:term":[{"taxonomy":"category","embeddable":true,"href":"https:\/\/www.manologarciaycia.com\/index.php?rest_route=%2Fwp%2Fv2%2Fcategories&post=11710"},{"taxonomy":"post_tag","embeddable":true,"href":"https:\/\/www.manologarciaycia.com\/index.php?rest_route=%2Fwp%2Fv2%2Ftags&post=11710"}],"curies":[{"name":"wp","href":"https:\/\/api.w.org\/{rel}","templated":true}]}}