{"id":11691,"date":"2009-01-29T14:55:19","date_gmt":"2009-01-29T13:55:19","guid":{"rendered":"http:\/\/www.manologarciaycia.com\/?p=11691"},"modified":"2015-01-19T14:56:50","modified_gmt":"2015-01-19T13:56:50","slug":"sr-manolo-fotoman-garcia","status":"publish","type":"post","link":"https:\/\/www.manologarciaycia.com\/?p=11691","title":{"rendered":"Sr. MANOLO -fotom\u00e1n- GARC\u00cdA"},"content":{"rendered":"<div style=\"text-align: left;\" align=\"right\"><span class=\"notranslate\">S\u00ed, Manolo Garc\u00eda es artista &#8230; adem\u00e1s de gran letrista y m\u00fasico hace muchos a\u00f1os que se dedica a &#8216;captar la realidad que le rodea&#8217; con la fotograf\u00eda durante todos los d\u00edas y d\u00edas que su profesi\u00f3n le ha llevado &#8216; around the world &#8216;, pero es que el novio&#8217; sin embargo &#8216;(: P), quiero decir, adem\u00e1s, pinta.<\/span><\/div>\n<div style=\"text-align: left;\" align=\"right\"><span class=\"notranslate\">\u00b7<\/span><br \/>\n<a href=\"http:\/\/4.bp.blogspot.com\/_vbhiCnJBsZg\/SYFlcsSKW1I\/AAAAAAAACRk\/mrn0YPaGA94\/s1600-h\/MANOLOGARCIA+CON+UN+PAR.jpg\"><img decoding=\"async\" id=\"BLOGGER_PHOTO_ID_5296626180362492754\" class=\" alignleft\" src=\"http:\/\/4.bp.blogspot.com\/_vbhiCnJBsZg\/SYFlcsSKW1I\/AAAAAAAACRk\/mrn0YPaGA94\/s400\/MANOLOGARCIA+CON+UN+PAR.jpg\" alt=\"\" border=\"0\" \/><\/a><span class=\"notranslate\">Hace unos d\u00edas ofreci\u00f3 una exposici\u00f3n de fotograf\u00edas suyas en el Centro Cultural del C\u00edrculo de Lectores de Madrid bajo el nombre de <em>Saldremos a la lluvia,<\/em> el mismo nombre que su \u00faltimo trabajo discogr\u00e1fico.<\/span><\/div>\n<div style=\"text-align: left;\" align=\"right\"><span class=\"notranslate\">\u00b7<\/span><br \/>\n<span class=\"notranslate\">El sr.<\/span> <span class=\"notranslate\">Garcia a la hora de presentar la exposici\u00f3n afirm\u00f3: <em>\u00abNo hago esta exposici\u00f3n para sacar dinero, sino para mostraros Momentos que he captaci\u00f3n y robaros Vuestro tiempo y Vuestra atenci\u00f3n y captar Vuestra energ\u00eda\u00bb.<\/em><\/span><br \/>\n<span class=\"notranslate\">\u00b7<\/span><\/div>\n<div style=\"text-align: left;\" align=\"right\"><span class=\"notranslate\">Podemos ver una recopilaci\u00f3n de sus fotograf\u00edas en un libro que se incluye en la edici\u00f3n de coleccionista (con DVD) del<em>&#8216;Saldremos a la lluvia&#8217;<\/em> &#8230;. ciertamente, mala pinta no hacen !!.<\/span><\/div>\n<p style=\"text-align: left;\"><em><span class=\"notranslate\">Con un par, M\u00e9xico DF, abril de 2007.<\/span><\/em><\/p>\n<p style=\"text-align: left;\"><em>\u00a0<\/em><\/p>\n<p style=\"text-align: center;\"><a href=\"http:\/\/1.bp.blogspot.com\/_vbhiCnJBsZg\/SYFm2XOAp9I\/AAAAAAAACRs\/jlVjC-weYtU\/s1600-h\/MANOLO+GARCIA2.jpg\"><img decoding=\"async\" id=\"BLOGGER_PHOTO_ID_5296627720896161746\" src=\"http:\/\/1.bp.blogspot.com\/_vbhiCnJBsZg\/SYFm2XOAp9I\/AAAAAAAACRs\/jlVjC-weYtU\/s400\/MANOLO+GARCIA2.jpg\" alt=\"\" border=\"0\" \/><\/a><\/p>\n<p style=\"text-align: center;\" align=\"center\"><em><span class=\"notranslate\">Qu\u00e9 mal nos sienta la bebida, Albacete, octubre de 2006<\/span><\/em><\/p>\n<p style=\"text-align: center;\" align=\"center\"><img decoding=\"async\" id=\"BLOGGER_PHOTO_ID_5296628243607294626\" src=\"http:\/\/2.bp.blogspot.com\/_vbhiCnJBsZg\/SYFnUyeDkqI\/AAAAAAAACR0\/kxtz3xpnkv4\/s400\/MANOLO+GARCIA3.jpg\" alt=\"\" border=\"0\" \/><\/p>\n<p style=\"text-align: center;\" align=\"center\"><em><span class=\"notranslate\">Kentucky profundo (si Daniel Boone levantara la cabeza)<\/span> <\/em><\/p>\n<p style=\"text-align: center;\" align=\"center\"><a href=\"http:\/\/4.bp.blogspot.com\/_vbhiCnJBsZg\/SYFn-JdIxZI\/AAAAAAAACR8\/O518ChvTSqU\/s1600-h\/MANOLO+GARCIA4.jpg\"><img decoding=\"async\" id=\"BLOGGER_PHOTO_ID_5296628954152093074\" src=\"http:\/\/4.bp.blogspot.com\/_vbhiCnJBsZg\/SYFn-JdIxZI\/AAAAAAAACR8\/O518ChvTSqU\/s400\/MANOLO+GARCIA4.jpg\" alt=\"\" border=\"0\" \/><\/a><\/p>\n<div style=\"text-align: center;\" align=\"center\"><em><span class=\"notranslate\">Autorretrato en la peluquer\u00eda, Barcelona 2006<\/span><\/em><\/div>\n<div style=\"text-align: center;\" align=\"center\"><\/div>\n<div style=\"text-align: left;\" align=\"center\">Fuente: CiutadaK &#8211;\u00a0<a href=\"http:\/\/ciutadak.blogspot.com.es\/2009\/01\/sr-manolo-fotoman-garcia.html\" target=\"_blank\">http:\/\/ciutadak.blogspot.com.es\/2009\/01\/sr-manolo-fotoman-garcia.html<\/a><\/div>\n","protected":false},"excerpt":{"rendered":"<p>S\u00ed, Manolo Garc\u00eda es artista &#8230; adem\u00e1s de gran letrista y m\u00fasico hace muchos a\u00f1os que se dedica a &#8216;captar la realidad que le rodea&#8217; con la fotograf\u00eda durante todos los d\u00edas y d\u00edas que su profesi\u00f3n le ha llevado &#8216; around the world &#8216;, pero es que el novio&#8217; sin embargo &#8216;(: P), quiero<a class=\"moretag\" href=\"https:\/\/www.manologarciaycia.com\/?p=11691\" title=\"Sr. MANOLO -fotom\u00e1n- GARC\u00cdA\" target=\"_self\" rel=\"follow\"> <font face=arial size=2>[Leer m\u00e1s]<\/font> <\/a><\/p>\n","protected":false},"author":2,"featured_media":11692,"comment_status":"closed","ping_status":"closed","sticky":false,"template":"","format":"standard","meta":{"footnotes":""},"categories":[1],"tags":[],"class_list":["post-11691","post","type-post","status-publish","format-standard","has-post-thumbnail","hentry","category-manolo-garcia"],"_links":{"self":[{"href":"https:\/\/www.manologarciaycia.com\/index.php?rest_route=\/wp\/v2\/posts\/11691","targetHints":{"allow":["GET"]}}],"collection":[{"href":"https:\/\/www.manologarciaycia.com\/index.php?rest_route=\/wp\/v2\/posts"}],"about":[{"href":"https:\/\/www.manologarciaycia.com\/index.php?rest_route=\/wp\/v2\/types\/post"}],"author":[{"embeddable":true,"href":"https:\/\/www.manologarciaycia.com\/index.php?rest_route=\/wp\/v2\/users\/2"}],"replies":[{"embeddable":true,"href":"https:\/\/www.manologarciaycia.com\/index.php?rest_route=%2Fwp%2Fv2%2Fcomments&post=11691"}],"version-history":[{"count":3,"href":"https:\/\/www.manologarciaycia.com\/index.php?rest_route=\/wp\/v2\/posts\/11691\/revisions"}],"predecessor-version":[{"id":11695,"href":"https:\/\/www.manologarciaycia.com\/index.php?rest_route=\/wp\/v2\/posts\/11691\/revisions\/11695"}],"wp:featuredmedia":[{"embeddable":true,"href":"https:\/\/www.manologarciaycia.com\/index.php?rest_route=\/wp\/v2\/media\/11692"}],"wp:attachment":[{"href":"https:\/\/www.manologarciaycia.com\/index.php?rest_route=%2Fwp%2Fv2%2Fmedia&parent=11691"}],"wp:term":[{"taxonomy":"category","embeddable":true,"href":"https:\/\/www.manologarciaycia.com\/index.php?rest_route=%2Fwp%2Fv2%2Fcategories&post=11691"},{"taxonomy":"post_tag","embeddable":true,"href":"https:\/\/www.manologarciaycia.com\/index.php?rest_route=%2Fwp%2Fv2%2Ftags&post=11691"}],"curies":[{"name":"wp","href":"https:\/\/api.w.org\/{rel}","templated":true}]}}