{"id":1155,"date":"2010-11-16T16:02:52","date_gmt":"2010-11-16T15:02:52","guid":{"rendered":"http:\/\/petaos.net\/?p=1155"},"modified":"2010-11-16T16:20:06","modified_gmt":"2010-11-16T15:20:06","slug":"mg-manolo-garcia-y-macaco-en-el-vecindario","status":"publish","type":"post","link":"https:\/\/www.manologarciaycia.com\/?p=1155","title":{"rendered":"MG: Manolo Garc\u00eda y Macaco en \u00abEl Vecindario\u00bb"},"content":{"rendered":"<p>V\u00eddeo reportaje de El Pa\u00eds sobre la colaboraci\u00f3n de Manolo Garc\u00eda en el disco de Macaco, El Vecindario.<\/p>\n<p style=\"text-align: center;\"><object width=\"480\" height=\"385\"><param name=\"movie\" value=\"http:\/\/www.youtube.com\/v\/q4sQn3-Bz8s?fs=1&amp;hl=es_ES\"><\/param><param name=\"allowFullScreen\" value=\"true\"><\/param><param name=\"allowscriptaccess\" value=\"always\"><\/param><embed src=\"http:\/\/www.youtube.com\/v\/q4sQn3-Bz8s?fs=1&amp;hl=es_ES\" type=\"application\/x-shockwave-flash\" allowscriptaccess=\"always\" allowfullscreen=\"true\" width=\"480\" height=\"385\"><\/embed><\/object><\/p>\n<p>Fuente: ElPais.com &#8211; <a href=\"http:\/\/www.elpais.com\/videos\/cultura\/Manolo\/Garcia\/Macaco\/vecindario\/elpepucul\/20101115elpepucul_5\/Ves\/\" target=\"_blank\">ENLACE<\/a><\/p>\n","protected":false},"excerpt":{"rendered":"<p>V\u00eddeo reportaje de El Pa\u00eds sobre la colaboraci\u00f3n de Manolo Garc\u00eda en el disco de Macaco, El Vecindario. Fuente: ElPais.com &#8211; ENLACE<a class=\"moretag\" href=\"https:\/\/www.manologarciaycia.com\/?p=1155\" title=\"MG: Manolo Garc\u00eda y Macaco en \u00abEl Vecindario\u00bb\" target=\"_self\" rel=\"follow\"> <font face=arial size=2>[Leer m\u00e1s]<\/font> <\/a><\/p>\n","protected":false},"author":2,"featured_media":0,"comment_status":"closed","ping_status":"closed","sticky":false,"template":"","format":"standard","meta":{"footnotes":""},"categories":[1,23],"tags":[180],"class_list":["post-1155","post","type-post","status-publish","format-standard","hentry","category-manolo-garcia","category-otros","tag-manolo-garcia-macaco-vecindario-duo-colaboracion-2010"],"_links":{"self":[{"href":"https:\/\/www.manologarciaycia.com\/index.php?rest_route=\/wp\/v2\/posts\/1155","targetHints":{"allow":["GET"]}}],"collection":[{"href":"https:\/\/www.manologarciaycia.com\/index.php?rest_route=\/wp\/v2\/posts"}],"about":[{"href":"https:\/\/www.manologarciaycia.com\/index.php?rest_route=\/wp\/v2\/types\/post"}],"author":[{"embeddable":true,"href":"https:\/\/www.manologarciaycia.com\/index.php?rest_route=\/wp\/v2\/users\/2"}],"replies":[{"embeddable":true,"href":"https:\/\/www.manologarciaycia.com\/index.php?rest_route=%2Fwp%2Fv2%2Fcomments&post=1155"}],"version-history":[{"count":7,"href":"https:\/\/www.manologarciaycia.com\/index.php?rest_route=\/wp\/v2\/posts\/1155\/revisions"}],"predecessor-version":[{"id":1165,"href":"https:\/\/www.manologarciaycia.com\/index.php?rest_route=\/wp\/v2\/posts\/1155\/revisions\/1165"}],"wp:attachment":[{"href":"https:\/\/www.manologarciaycia.com\/index.php?rest_route=%2Fwp%2Fv2%2Fmedia&parent=1155"}],"wp:term":[{"taxonomy":"category","embeddable":true,"href":"https:\/\/www.manologarciaycia.com\/index.php?rest_route=%2Fwp%2Fv2%2Fcategories&post=1155"},{"taxonomy":"post_tag","embeddable":true,"href":"https:\/\/www.manologarciaycia.com\/index.php?rest_route=%2Fwp%2Fv2%2Ftags&post=1155"}],"curies":[{"name":"wp","href":"https:\/\/api.w.org\/{rel}","templated":true}]}}