{"id":1145,"date":"2010-11-10T09:35:17","date_gmt":"2010-11-10T08:35:17","guid":{"rendered":"http:\/\/petaos.net\/?p=1145"},"modified":"2010-11-10T09:35:17","modified_gmt":"2010-11-10T08:35:17","slug":"mg-manolo-garcia-en-el-teatro-metropolitan","status":"publish","type":"post","link":"https:\/\/www.manologarciaycia.com\/?p=1145","title":{"rendered":"MG: Manolo Garc\u00eda en el Teatro Metropolitan"},"content":{"rendered":"<p><img loading=\"lazy\" decoding=\"async\" class=\"alignright\" src=\"http:\/\/www.ocesa.com.mx\/images\/M_images\/posters\/ocesa_manologarcia_resena.jpg\" alt=\"\" width=\"210\" height=\"350\" \/> Poco antes de las 8 de la noche, el tel\u00f3n del Teatro Metropolitan subi\u00f3 para descubrir a la banda que acompa\u00f1a a Manolo Garc\u00eda: bater\u00eda, teclado, guitarra ac\u00fastica, guitarra el\u00e9ctrica, bajo y percusiones. El p\u00fablico, enfundado en chamarras, bufandas y guantes, comenz\u00f3 a aplaudir cuando apareci\u00f3 Manolo, dando inicio al concierto con \u201cProvincia de r\u00edo negro\u201d.<\/p>\n<p>Los \u201cmanoleros mexicanos\u201d, euf\u00f3ricos por su presencia, le gritaban: \u201cte extra\u00f1amos\u201d, \u201cya no nos dejes\u201d, \u201cM\u00e9xico te ama\u201d, \u201ceres dios\u201d y, c\u00f3mo no, tambi\u00e9n: \u201c\u00a1c\u00e1sate conmigo!\u201d . Manolo, sonriente y emocionado, hizo una se\u00f1al para que le encendieran las luces del p\u00fablico y trataba de mirar a todos y cada uno de los presentes, en especie de ceremonia de reconciliaci\u00f3n, de reencuentro amoroso.<\/p>\n<p>Fuente: Por Valentina Dom\u00ednguez &#8211; Ocesa<br \/>\nSe confes\u00f3 feliz y agradecido de volver a M\u00e9xico, pues aunque visit\u00f3 nuestra ciudad hace 3 a\u00f1os, lo hizo en un concierto tan \u00edntimo que muchos de sus fans se quedaron sin verlo. Esta vez hubo quienes viajaron desde distintos puntos de la Rep\u00fablica Mexicana e incluso de pa\u00edses vecinos. Antiguos fans de El \u00daltimo de la Fila que ahora llevaban a sus hijos, ni\u00f1itos cargados en hombros, que tambi\u00e9n coreaban los temas con sus vocecitas. Un reencuentro muy emotivo.<\/p>\n<p>El fr\u00edo se dej\u00f3 de sentir cuando Manolo interpret\u00f3 \u201cPara que no duerman mis sentidos\u201d, baj\u00f3 del escenario e hizo un pase\u00edllo, como torero, recorriendo toda la primera secci\u00f3n de asientos. Las bufandas cayeron, los botones cedieron y algunos afortunados pudieron darle la mano y abrazarlo.<\/p>\n<p>Con los primeros acordes de \u201cP\u00e1jaros de barro\u201d, las palmas mexicanas hicieron retumbar el recinto y, con la piel de gallina, todos cantamos, recordando las palabras de Manolo: \u201cHay poes\u00eda, la buena noticia es que s\u00ed hay poes\u00eda\u201d.<\/p>\n<p>En una apasionada versi\u00f3n de \u201cArdi\u00f3 mi memoria\u201d, apareci\u00f3 en el escenario una \u201cbailaora\u201d, haciendo una mezcla de pantomima con baile flamenco, arrancando piropos y aplausos. Y cuando pens\u00e1bamos que nada podr\u00eda ser mejor, Manolo interpret\u00f3 un par de temas de EUDLF; con el p\u00fablico de pie, saltando y bailando, el fr\u00edo era ya s\u00f3lo un recuerdo.<\/p>\n<p>Casi al final de la velada, Manolo cant\u00f3 acompa\u00f1ado de mariachis: \u201cLuz de Luna\u201d y \u201cCuando yo quiera has de volver\u201d. El \u00faltimo tema que nos regal\u00f3 fue \u201cMalva\u201d. Luego de una larga ovaci\u00f3n de pie, los fans corrieron a formarse en una inmensa cola para que Manolo Garc\u00eda, en una muestra total de generosidad y gratitud, les autografiara sus discos.<\/p>\n<p>Fuente: Por Valentina Dom\u00ednguez &#8211; Ocesa &#8211; <a href=\"http:\/\/www.ocesa.com.mx\/backstage\/noticias\/manolo-garcia-en-el-teatro-metropolitan\/\" target=\"_blank\">ENLACE<\/a><\/p>\n","protected":false},"excerpt":{"rendered":"<p>Poco antes de las 8 de la noche, el tel\u00f3n del Teatro Metropolitan subi\u00f3 para descubrir a la banda que acompa\u00f1a a Manolo Garc\u00eda: bater\u00eda, teclado, guitarra ac\u00fastica, guitarra el\u00e9ctrica, bajo y percusiones. El p\u00fablico, enfundado en chamarras, bufandas y guantes, comenz\u00f3 a aplaudir cuando apareci\u00f3 Manolo, dando inicio al concierto con \u201cProvincia de r\u00edo<a class=\"moretag\" href=\"https:\/\/www.manologarciaycia.com\/?p=1145\" title=\"MG: Manolo Garc\u00eda en el Teatro Metropolitan\" target=\"_self\" rel=\"follow\"> <font face=arial size=2>[Leer m\u00e1s]<\/font> <\/a><\/p>\n","protected":false},"author":2,"featured_media":0,"comment_status":"closed","ping_status":"closed","sticky":false,"template":"","format":"standard","meta":{"footnotes":""},"categories":[1],"tags":[178],"class_list":["post-1145","post","type-post","status-publish","format-standard","hentry","category-manolo-garcia","tag-manolo-garcia-mexico-metropolitan-concierto-cronica"],"_links":{"self":[{"href":"https:\/\/www.manologarciaycia.com\/index.php?rest_route=\/wp\/v2\/posts\/1145","targetHints":{"allow":["GET"]}}],"collection":[{"href":"https:\/\/www.manologarciaycia.com\/index.php?rest_route=\/wp\/v2\/posts"}],"about":[{"href":"https:\/\/www.manologarciaycia.com\/index.php?rest_route=\/wp\/v2\/types\/post"}],"author":[{"embeddable":true,"href":"https:\/\/www.manologarciaycia.com\/index.php?rest_route=\/wp\/v2\/users\/2"}],"replies":[{"embeddable":true,"href":"https:\/\/www.manologarciaycia.com\/index.php?rest_route=%2Fwp%2Fv2%2Fcomments&post=1145"}],"version-history":[{"count":1,"href":"https:\/\/www.manologarciaycia.com\/index.php?rest_route=\/wp\/v2\/posts\/1145\/revisions"}],"predecessor-version":[{"id":1146,"href":"https:\/\/www.manologarciaycia.com\/index.php?rest_route=\/wp\/v2\/posts\/1145\/revisions\/1146"}],"wp:attachment":[{"href":"https:\/\/www.manologarciaycia.com\/index.php?rest_route=%2Fwp%2Fv2%2Fmedia&parent=1145"}],"wp:term":[{"taxonomy":"category","embeddable":true,"href":"https:\/\/www.manologarciaycia.com\/index.php?rest_route=%2Fwp%2Fv2%2Fcategories&post=1145"},{"taxonomy":"post_tag","embeddable":true,"href":"https:\/\/www.manologarciaycia.com\/index.php?rest_route=%2Fwp%2Fv2%2Ftags&post=1145"}],"curies":[{"name":"wp","href":"https:\/\/api.w.org\/{rel}","templated":true}]}}