{"id":11353,"date":"2014-12-08T06:57:19","date_gmt":"2014-12-08T05:57:19","guid":{"rendered":"http:\/\/www.manologarciaycia.com\/?p=11353"},"modified":"2014-12-08T06:57:19","modified_gmt":"2014-12-08T05:57:19","slug":"manolo-garcia-en-la-observadora-rne","status":"publish","type":"post","link":"https:\/\/www.manologarciaycia.com\/?p=11353","title":{"rendered":"Manolo Garc\u00eda en La Observadora, RNE"},"content":{"rendered":"<p>Observamos a Manolo Garc\u00eda. El cantante de Los r\u00e1pidos, Los burros o El \u00faltimo de la fila, acaba de sacar al mercado su sexto trabajo en solitario, Todo es ahora. Teresa Viejo charla con \u00e9l a cerca de las emociones que provoca la m\u00fasica y de las otras pasiones del artista: la pintura y la fotograf\u00eda. \u00bfSe animan a observar? <\/p>\n<p>Fuente: RNE &#8211; <a href=\"http:\/\/www.rtve.es\/alacarta\/audios\/la-observadora\/observadora-manolo-garcia-07-12-14\/2894492\/\" target=\"_blank\">ENLACE<\/a><\/p>\n","protected":false},"excerpt":{"rendered":"<p>Observamos a Manolo Garc\u00eda. El cantante de Los r\u00e1pidos, Los burros o El \u00faltimo de la fila, acaba de sacar al mercado su sexto trabajo en solitario, Todo es ahora. Teresa Viejo charla con \u00e9l a cerca de las emociones que provoca la m\u00fasica y de las otras pasiones del artista: la pintura y la<a class=\"moretag\" href=\"https:\/\/www.manologarciaycia.com\/?p=11353\" title=\"Manolo Garc\u00eda en La Observadora, RNE\" target=\"_self\" rel=\"follow\"> <font face=arial size=2>[Leer m\u00e1s]<\/font> <\/a><\/p>\n","protected":false},"author":2,"featured_media":0,"comment_status":"closed","ping_status":"closed","sticky":false,"template":"","format":"audio","meta":{"footnotes":""},"categories":[1],"tags":[],"class_list":["post-11353","post","type-post","status-publish","format-audio","hentry","category-manolo-garcia","post_format-post-format-audio"],"_links":{"self":[{"href":"https:\/\/www.manologarciaycia.com\/index.php?rest_route=\/wp\/v2\/posts\/11353","targetHints":{"allow":["GET"]}}],"collection":[{"href":"https:\/\/www.manologarciaycia.com\/index.php?rest_route=\/wp\/v2\/posts"}],"about":[{"href":"https:\/\/www.manologarciaycia.com\/index.php?rest_route=\/wp\/v2\/types\/post"}],"author":[{"embeddable":true,"href":"https:\/\/www.manologarciaycia.com\/index.php?rest_route=\/wp\/v2\/users\/2"}],"replies":[{"embeddable":true,"href":"https:\/\/www.manologarciaycia.com\/index.php?rest_route=%2Fwp%2Fv2%2Fcomments&post=11353"}],"version-history":[{"count":1,"href":"https:\/\/www.manologarciaycia.com\/index.php?rest_route=\/wp\/v2\/posts\/11353\/revisions"}],"predecessor-version":[{"id":11355,"href":"https:\/\/www.manologarciaycia.com\/index.php?rest_route=\/wp\/v2\/posts\/11353\/revisions\/11355"}],"wp:attachment":[{"href":"https:\/\/www.manologarciaycia.com\/index.php?rest_route=%2Fwp%2Fv2%2Fmedia&parent=11353"}],"wp:term":[{"taxonomy":"category","embeddable":true,"href":"https:\/\/www.manologarciaycia.com\/index.php?rest_route=%2Fwp%2Fv2%2Fcategories&post=11353"},{"taxonomy":"post_tag","embeddable":true,"href":"https:\/\/www.manologarciaycia.com\/index.php?rest_route=%2Fwp%2Fv2%2Ftags&post=11353"}],"curies":[{"name":"wp","href":"https:\/\/api.w.org\/{rel}","templated":true}]}}