{"id":11346,"date":"2014-12-08T06:43:36","date_gmt":"2014-12-08T05:43:36","guid":{"rendered":"http:\/\/www.manologarciaycia.com\/?p=11346"},"modified":"2014-12-08T06:45:00","modified_gmt":"2014-12-08T05:45:00","slug":"manolo-garcia-este-disco-se-aleja-un-poco-de-mi-pop-rock-mestizo-ahora-voy-en-otra-direccion","status":"publish","type":"post","link":"https:\/\/www.manologarciaycia.com\/?p=11346","title":{"rendered":"Manolo Garc\u00eda \u201cEste disco se aleja un poco de mi pop rock mestizo, ahora voy en otra direcci\u00f3n\u201d"},"content":{"rendered":"<p><strong>Manolo Garc\u00eda se lo toma con calma, pero ya tiene nuevo disco, \u201cTodo es ahora\u201d. Un\u00a0\u00e1lbum grabado\u00a0junto a m\u00fasicos estadounidenses con los que ha buscado\u00a0nuevas experiencias. Este sexto trabajo del artista incorpora un doble CD en el que incluye por un lado sus nuevos temas y por otro lado sus versiones maqueteras que hacen este disco \u00fanico.<\/strong><\/p>\n<p><strong>\u201cTodo es ahora\u201d, es tu \u00e1lbum m\u00e1s rockero desde Los R\u00e1pidos, \u00bfque ha ocurrido para acudir de nuevo a un g\u00e9nero m\u00e1s movido?<\/strong><\/p>\n<p>Bueno, no se si los acontecimientos en la vida y tus circunstancias tiene que ver, pero yo\u00a0 por ejemplo soy una persona muy con la oreja puesta a lo que sucede en el mundo, me llama la atenci\u00f3n la situaci\u00f3n actual tanto social como pol\u00edtica, en la que a veces tienes un resquicio de esperanza. Al final la m\u00fasica es un poco la banda sonora de mi d\u00eda a d\u00eda y lo que me rodea, entonces ha sido una manera de reivindicaci\u00f3n hacia la vida. Creo que los cambios y las rupturas son algo que necesitamos como\u00a0 todos como pa\u00eds, como continente y como planeta, entonces este disco ha marcado un poco una ruptura, aunque no estoy haciendo nada extra\u00f1o porque yo ya ven\u00eda de grupos de rock y mis \u00faltimos discos tambi\u00e9n han sido m\u00e1s roqueros. Lo cierto es que se le ha puesto esta etiqueta a este nuevo disco pero, lo cierto es que todo mis discos tienen algo de rock.<\/p>\n<p><strong>\u00bfTe has alegado de tu caracter\u00edstico pop rock mestizo?<\/strong><\/p>\n<p>Yo creo que se aleja este disco se aleja un poco de mi pop rock mestizo, ahora voy en otra direcci\u00f3n. Hay canciones que tiene hasta t\u00edtulos de rock sure\u00f1o y americano, de hecho me he ido all\u00ed a grabar con esta gente porque ten\u00eda ganas de este sonido y me he concedido este sue\u00f1o porque no he visto raz\u00f3n por la que no cumplirlo. Yo creo que s\u00ed se aleja un poco pero yo Nome puedo alejar de m\u00ed mismo, yo vivo en m\u00ed y vivo conmigo y mi sonido es muy caracter\u00edstico, para bien y para mal, espero que para mal no, porque ya me preocupo yo en cada disco de buscar una manera diferente de sonar e incluso de cantar aunque el timbre de vos sea el mismo, pero si que me preocupo de una manera controlada pero a la vez intuitiva tambi\u00e9n porque ya nace en mi una necesidad de abrir nuevos caminos.<\/p>\n<p><strong>En este disco has viajado a Nueva York para hacer el videoclip, \u00bfa qu\u00e9 se debe este gui\u00f1o a la ciudad de la Gran Manzana?<\/strong><\/p>\n<p>Pues esto ha sido algo muy casual porque yo no pretend\u00eda ir a grabar a Nueva York, sino que yo pretend\u00eda grabar con los m\u00fasicos con los que he grabado y como ellos viven all\u00ed he dio all\u00ed por comodidad de ellos. En definitiva este no es un disco newyorkino ni hecho en Nueva York porque yo quer\u00eda ir all\u00ed o porque yo quer\u00eda un sonido de New York, ni nada de esto. A mi me interesa el sonido C\u00e1diz, el sonido Tarragona o el sonido Amburgos, me da igual, quiero decir que no tengo ese punto de buscar un sitio que sea lo \u00faltimo o que marque tendencia, ni nada de eso, a mi me importa un bledo todo esto, sino que he dio all\u00ed porque mis compa\u00f1eros estaban all\u00ed, si me llegan a decir que est\u00e1n en Zaragoza y que tengo que ir all\u00ed, pues habr\u00eda ido all\u00ed encantado de la vida.<\/p>\n<p><strong>A parte de un estilo m\u00e1s roquero, vemos que tus canciones son muy alegres que incluso dan gracias a la vida, \u00bfhas intentado alegrar un poco a la sociedad con tus canciones?<\/strong><\/p>\n<p>Bueno yo intento alegrarme\u00a0 mi vida y a la vez consigo si alegro que alguien se alegre con mis canciones yo m\u00e1s que contento. Para mi el canto a la vida es importante, como dec\u00eda Parra \u201cGracias a la vida que me da tanto\u201d, la vida nos lo da todo, nos da el palpito, esa necesidad de existir, a partir de ah\u00ed todo es estupendo; tiempos mejores y peores, tiempos de bonanza y para mi la m\u00fasica es una ayuda, es una asidero muy importante en esta monta\u00f1a rusa en la que viajamos. Entonces a nivel social me inquieta mucho lo que est\u00e1 pasando, me inquieta mucho el tiempo clim\u00e1tico, es algo que me preocupa, y creo que se le debe poner remedio porque hay una cuenta atr\u00e1s muy seria. De alguna manera todo esto lo incluyo en la letra de mis canciones y mi reacci\u00f3n es participar con mis canciones y aportar mi granito de arena en esta cacofon\u00eda c\u00f3smica en la que estamos todos.<\/p>\n<p><strong>En este disco, \u00bfqu\u00e9 historia cuentas y en qu\u00e9 te has inspirado?<\/strong><\/p>\n<p>Yo a cada d\u00eda intento sacarle algo bueno, que puede ser 10 minutos tomando una cerveza y vuelta a empezar, entonces mi esa es mi manera ara hacer canciones, vivir en una vida plena. En muchas ocasiones la felicidad se encuentra en la simplicidad y en los momentos m\u00e1s cotidianos. Por ejemplo conduzco comiendo pipas y me parece un momento muy feliz y bueno, si fuera comiendo pipas en un carro tirado por una mula ser\u00eda incluso m\u00e1s feliz. En resumen las canciones vienen de mi curiosidad de vivir.<\/p>\n<p><strong>M\u00e1s o menos hay 3 a\u00f1os de tiempo entre la publicaci\u00f3n un disco y otro, \u00bftienes el tiempo programado o va surgiendo?<\/strong><\/p>\n<p>Bueno, da la casualidad de que entre un disco y otro ha surgido este tiempo, pero lo cierto es que me apetece romperlo porque yo no lo hago consciente ya que no soy un repartidor de pedidos que tiene un tiempo establecido, yo soy m\u00fasico y la m\u00fasica es libertad para hacer tu camino, as\u00ed como la pintura. Hasta ahora los tiempos que he necesitado han sido tres a\u00f1os pero esto se puede romper en cualquier momento. A veces he hecho un disco y luego en Navidad he sacado una caja con canciones, pero s\u00ed entre un disco y otro han sido tres a\u00f1os. Hasta ahora.<\/p>\n<p><strong>\u00bfYa tienes algunos conciertos programados?<\/strong><\/p>\n<p>No, de momento me estoy dedicando a la promoci\u00f3n del disco por radio, prensa y televisi\u00f3n, pero para mi la mejor promoci\u00f3n de un disco es una gira, as\u00ed que la habr\u00e1, pero de momento no hay ninguna fecha puesta en el calendario.<\/p>\n<p><strong>\u00bfSi pudieras revivir a un cantante de la historia, a quien elegir\u00edas?<\/strong><\/p>\n<p>Elegir\u00eda a Jim Morrison o John Lennon.<\/p>\n<p><strong>\u00bfTodo es ahora?<\/strong><\/p>\n<p>Siempre, todo es ahora, lo que sucede es que cuando es muy joven esa inmediatez la vives d\u00eda a d\u00eda, te desborda y tienes mucha energ\u00eda, eres nuevo y eres un pajarito que se despierta cada d\u00eda y no hay futuro ni hay pasado, porque la vida es muy intensa. Pero con el paso de los a\u00f1os uno tiene que ir d\u00e1ndose cuenta de que como ded\u00eda John Lennon \u201cla vida es eso que ocurre mientras vas haciendo planes\u201d, entonces creo que hay procurar hacer menos planes y hacer m\u00e1s vida. Porque si tienes que amar a alguien o abrazar a alguien es mejor hacerlo ahora, \u00bfpor qu\u00e9 vas a esperar a ma\u00f1ana?, es algo muy sencillo.<\/p>\n<p>Puedes escuchar la entrevista en el v\u00eddeo.<\/p>\n<p>Fuente: Patricia Brioso Gomez &#8211; @pbriosogomez<\/p>\n","protected":false},"excerpt":{"rendered":"<p>Manolo Garc\u00eda se lo toma con calma, pero ya tiene nuevo disco, \u201cTodo es ahora\u201d. Un\u00a0\u00e1lbum grabado\u00a0junto a m\u00fasicos estadounidenses con los que ha buscado\u00a0nuevas experiencias. Este sexto trabajo del artista incorpora un doble CD en el que incluye por un lado sus nuevos temas y por otro lado sus versiones maqueteras que hacen este<a class=\"moretag\" href=\"https:\/\/www.manologarciaycia.com\/?p=11346\" title=\"Manolo Garc\u00eda \u201cEste disco se aleja un poco de mi pop rock mestizo, ahora voy en otra direcci\u00f3n\u201d\" target=\"_self\" rel=\"follow\"> <font face=arial size=2>[Leer m\u00e1s]<\/font> <\/a><\/p>\n","protected":false},"author":2,"featured_media":0,"comment_status":"closed","ping_status":"closed","sticky":false,"template":"","format":"video","meta":{"footnotes":""},"categories":[1],"tags":[],"class_list":["post-11346","post","type-post","status-publish","format-video","hentry","category-manolo-garcia","post_format-post-format-video"],"_links":{"self":[{"href":"https:\/\/www.manologarciaycia.com\/index.php?rest_route=\/wp\/v2\/posts\/11346","targetHints":{"allow":["GET"]}}],"collection":[{"href":"https:\/\/www.manologarciaycia.com\/index.php?rest_route=\/wp\/v2\/posts"}],"about":[{"href":"https:\/\/www.manologarciaycia.com\/index.php?rest_route=\/wp\/v2\/types\/post"}],"author":[{"embeddable":true,"href":"https:\/\/www.manologarciaycia.com\/index.php?rest_route=\/wp\/v2\/users\/2"}],"replies":[{"embeddable":true,"href":"https:\/\/www.manologarciaycia.com\/index.php?rest_route=%2Fwp%2Fv2%2Fcomments&post=11346"}],"version-history":[{"count":2,"href":"https:\/\/www.manologarciaycia.com\/index.php?rest_route=\/wp\/v2\/posts\/11346\/revisions"}],"predecessor-version":[{"id":11349,"href":"https:\/\/www.manologarciaycia.com\/index.php?rest_route=\/wp\/v2\/posts\/11346\/revisions\/11349"}],"wp:attachment":[{"href":"https:\/\/www.manologarciaycia.com\/index.php?rest_route=%2Fwp%2Fv2%2Fmedia&parent=11346"}],"wp:term":[{"taxonomy":"category","embeddable":true,"href":"https:\/\/www.manologarciaycia.com\/index.php?rest_route=%2Fwp%2Fv2%2Fcategories&post=11346"},{"taxonomy":"post_tag","embeddable":true,"href":"https:\/\/www.manologarciaycia.com\/index.php?rest_route=%2Fwp%2Fv2%2Ftags&post=11346"}],"curies":[{"name":"wp","href":"https:\/\/api.w.org\/{rel}","templated":true}]}}