{"id":11339,"date":"2014-12-07T20:22:35","date_gmt":"2014-12-07T19:22:35","guid":{"rendered":"http:\/\/www.manologarciaycia.com\/?p=11339"},"modified":"2014-12-07T20:23:06","modified_gmt":"2014-12-07T19:23:06","slug":"manolo-garcia-un-musico-de-barrio-las-calles-de-manolo-garcia","status":"publish","type":"post","link":"https:\/\/www.manologarciaycia.com\/?p=11339","title":{"rendered":"Manolo Garc\u00eda: Un m\u00fasico de barrio. Las Calles de Manolo Garc\u00eda."},"content":{"rendered":"<p>Ha compuesto cerca de 300 canciones. Ha vendido m\u00e1s de cinco millones de discos. Ha dado cerca de 1.600 conciertos. El cantante catal\u00e1n Manolo Garc\u00eda es un t\u00f3tem de la m\u00fasica espa\u00f1ola. Lleva desde los setenta sobre los escenarios. Pero sigue siendo un tipo indescifrable y del que se sabe muy poco. Con motivo de su nuevo disco, acudimos a su encuentro en su territorio: el barrio barcelon\u00e9s del Poblenou. Y descubrirnos all\u00ed una personalidad \u00fanica, compleja y sin pelos en la lengua. <\/p>\n<p>El m\u00fasico Manolo Garc\u00eda es un enigma. Un criptograma, Un se\u00f1or sin canas, salvo para unos breves pelos blancos en las patillas. Sin reloj. Sin direcci\u00f3n de correo electr\u00f3nico. Sin conexi\u00f3n a Internet. Sin pareja o hitos conocidos. Sin costumbres conocidas m\u00e1s all\u00e1 de la m\u00fasica. S in domicilio conocido. Y sin ganas de resolver del todo la mayor parte de estas cuestiones. Cuando se le pregunta qu\u00e9 a\u00f1os tiene, por ejemplo, responde en espirales! \u00abNo digo la edad, nunca. El tiempo es otra forma de esclavitud. Me gusta moverme al hilo de las estaciones\u00bb. <\/p>\n<p><a href=\"http:\/\/www.manologarciaycia.com\/wp-content\/uploads\/2014\/12\/MG_EPS_1.jpg\"><img loading=\"lazy\" decoding=\"async\" src=\"http:\/\/www.manologarciaycia.com\/wp-content\/uploads\/2014\/12\/MG_EPS_1.jpg\" alt=\"MG_EPS_1\" width=\"524\" height=\"672\" class=\"aligncenter size-full wp-image-11341\" srcset=\"https:\/\/www.manologarciaycia.com\/wp-content\/uploads\/2014\/12\/MG_EPS_1.jpg 524w, https:\/\/www.manologarciaycia.com\/wp-content\/uploads\/2014\/12\/MG_EPS_1-389x500.jpg 389w\" sizes=\"auto, (max-width: 524px) 100vw, 524px\" \/><\/a><br \/>\n<center><i>Manolo Garc\u00eda, junto a un muro tipico del Poblenou.<\/center><\/i><\/p>\n<p>Y tambi\u00e9n: \u00abEs una putada para las personas tener una edad. O un DNI. Para m\u00ed lo importante son las canciones, no el hom\u00ednido. Mientras haga canciones no estar\u00e9 mayor, y a tomar por culo; cuando est\u00e9 en el sof\u00e1 tirado viendo la tele ya estar\u00e9 viejo\u00bb. Acaba de publicar nuevo disco titulado Todo es ahora (Sony M\u00fasica), y la entrada dedicada a \u00e9l en Wikipedia le adjudica 59 a\u00f1os; Garc\u00eda gru\u00f1e y confirma todos ellos. El cielo se muestra despejado sobre nosotros. Es uno de esos d\u00edas c\u00e1lidos del oto\u00f1o y desde la azotea en la que nos encontramos se ve el barrio donde naci\u00f3 y creci\u00f3, el Poblenou de Barcelona. Hasta aqu\u00ed quiere mostrar. Sus calles, pero no su casa, a la que considera, en sus palabras: \u00abEl \u00faltimo basti\u00f3n de mi fortaleza, el torre\u00f3n central\u00bb. Territorio vedado. Dice que no le gusta desvelar el misterio. Su misterio. Defiende \u00ablas lagunas\u00bb y \u00abel fulgor\u00bb. Apoyado en la baranda, mirando hacia las hileras de viviendas obreras, pregunta si hay forma de borrar la referencia a su fecha de nacimiento. No sabe c\u00f3mo ha acabado en la Red. No le gusta que haya acabado all\u00ed. Y tampoco le gusta Wikipedia, al menos no en lo que tiene que ver con el hecho de que cualquiera pueda publicar informaci\u00f3n sin consultar al afectado. Luego a\u00f1ade que su madre suele decir de \u00e9l que siempre anda \u00abrenegando\u00bb. En parte es verdad. Reniega de los m\u00f3viles. Lleva uno viejo en el bolsillo. A ojo, podr\u00eda tener unos diez a\u00f1os. Y, si es posible conocer a una persona seg\u00fan c\u00f3mo reacciona cuando recibe una llamada ofreciendo un cambio de compa\u00f1\u00eda, o un terminal nuevo, \u00e9l suele responder: \u00abMire, yo es que detesto los m\u00f3viles. Este al que llama es de mi abuela. Yo ya he roto varios a martillazos. Porque tengo un martillo y cojo el puto tel\u00e9fono y&#8230;\u00bb. Se detiene, \u00abLo digo con todo el respeto: a m\u00ed los m\u00f3viles me la traen floja\u00bb. No lo usa demasiado, pero de vez en cuando apunta graba en \u00e9l alguna idea para sus canciones si le pilla caminando. La m\u00fasica. De esto, no reniega. \u00abEs plenitud de vida\u00bb, repite en varias ocasiones. Y tambi\u00e9n le gusta caminar. La primera canci\u00f3n de su \u00faltimo disco se titula Caminar\u00e9, Unos d\u00edas antes de visitarle en Barcelona, la escuchamos junto a \u00e9l en una sala en la sede de su discogr\u00e1fica, en Madrid. Las paredes est\u00e1n decoradas con im\u00e1genes plateadas de Michael Jackson, los cojines del sof\u00e1 son de lentejuelas y cuelga una bola de espejos del techo. Garc\u00eda contrasta con el entorno, vestido con pantalones de pana y tina camiseta avejentada metida por dentro. Mueve uno de sus pies al comp\u00e1s del tema. Calza botas gastadas. Mira al suelo mientras se oye el estribillo del tema. \u00ab\u00a1Caminar\u00e9! \/ Si mi tiempo se me escapa \/ por las rendijas de la soledad. De cerca. el rostro de Garc\u00eda tiene algo de m\u00e1scara; como si fuera un atributo exterior de su personalidad laber\u00edntica; resulta grande, m\u00e1s bien cuadrado, de barbilla prominente; y lo atraviesa una nariz afilada y levemente torcida, Como las cejas est\u00e1n disparadas hacia lo alto y se mueven a su aire, a veces parece que toda la cara est\u00e9 hecha un l\u00edo. Pero enseguida vuelve a su sitio. Cuando deja de sonar el primer tema, Garc\u00eda pulsa el bot\u00f3n de pausa y dice; \u00abEsta letra es mi filosof\u00eda de bolsillo: yo lo espero todo de la vida, pero en realidad no espero nada, porque es un ejercicio in\u00fatil\u00bb. <\/p>\n<p>A veces cuesta seguir su discurso. Hay que ir poco a poco. Calentando motores. En el segundo tema, Campanas de Mimad, tambi\u00e9n camina, pero esta vez \u00abhacia atr\u00e1s\u00bb y \u00abde Bombay a Ramala\u00bb. Tras escucharla, explica: \u00abA esto lo llamo canci\u00f3n de refrito emocional. Echo en la olla lo que se me ocurre. Caminar hacia atr\u00e1s es hacer una promesa. Est\u00e1 relacionado con el gur\u00fa, y el cham\u00e1n, con la persona que vive bajo tierra 10 d\u00edas sin comer ni beber: y hay algo de ese misticismo alejado del mundo actual, donde todo es una lucha perpetua por tener unos bienes materiales que ni necesitas ni te van a dar alegr\u00edas, m\u00e1s bien te dan por saco. &#8216;Como vara de fresno viejo&#8217;, dice la letra. Austeridad. La vida de los santos en la escuela me marc\u00f3 mucho; la idea de que en la pobreza puede haber un \u00e9xtasis; y, sin embargo, este camino nuestro de burro detr\u00e1s de la zanahoria es un sinvivir que te lleva a la decrepitud&#8230;. En la canci\u00f3n aparece Nueva York, donde ha grabado el disco. A\u00f1ade al hilo: \u00abA veces uno busca en los centros mundiales, donde est\u00e1 lo m\u00e1s fashion, lo m\u00e1s moderno, el paradigma de la felicidad material; y llegas all\u00ed y ves que no eres nadie, un milindungui. Y mejor, porque te puedes volver a tu pueblo y vivir con poco, y ser mucho m\u00e1s libre, no un esclavo de esa necesidad de ostentaci\u00f3n. Es una b\u00fasqueda con muchos pedruscos. Yo, personalmente, vivo como un burgu\u00e9s, aunque hay una contradicci\u00f3n: lo detesto, no lo disfruto\u2014 Soy imperfecto. Pero veo la luz. La veo y la canto y la escribo. E intento compartirla para no sentirme solo. Para que haya gente que me diga: &#8216;T\u00edo, pienso lo mismo&#8217;. Entonces digo: &#8216;pf!, menos mal, no estoy como una regadera&#8217;. S\u00e9 que no estoy pirado. S\u00e9 que la luz est\u00e1 ah\u00ed\u00bb. Poco despu\u00e9s, tras degustar una canci\u00f3n de tem\u00e1tica amorosa, se pone en guardia ante la pregunta de si vive solo o en pareja. Si ha tenido hijos: \u00abYo soy un ser asexuado\u00bb, balbucea. \u00abComo un angelus sin sexo. Una persona muy estramb\u00f3tica. El tema personal&#8230; Estoy contando cosas que no hab\u00eda contado nunca. Yo ando por el inundo. Hago canciones y en ellas dejo ir mis disparates. Todos. Es una mezcolanza, una pelota. Igual que hace el novelista de ficci\u00f3n. Hoy se lleva mucho: la autoficci\u00f3n. Es decir: te estoy contando cosas, pero no soy yo, aunque bueno, un poco; nada es cierto. Todo es mentira, pero hay algo de verdad porque al final todos somos iguales. Quiero decir, los par\u00e1metros son parecidos. No hablo nunca de cosas personales. Me gusta pensar que el mundo es enorme, un sitio magn\u00edfico y ampuloso y grande.<\/p>\n<p>Dice Garc\u00eda que es feliz dando un paseo por el monte. Compartiendo un pedazo de queso con un pastor, \u00absentado en un ribazo\u00bb, charlando con \u00e9l de las inclemencias del tiempo. Uno de sus primeros recuerdos es la luz de la llama en el interior del fanal que sol\u00eda llevar su abuelo en la mano, de noche, de camino a la acequia para regar sus tierras en P\u00e9rez. En esta localidad rural en la sierra del Segura (Albacete) nacieron sus padres; emigraron de ah\u00ed a Catalu\u00f1a poco antes de nacer \u00e9l. Mano de obra para la industria textil y metal\u00fargica. Esos dos mundos, el Poblenou obrero y sucio, pero vivo como un hormiguero, y la serran\u00eda donde los cr\u00edos se mov\u00edan asilvestrados y &#8216;a pedradas\u00bb, forjaron su personalidad ambivalente. Sus gustos a dos o tres aguas. Sus ra\u00edces \u00e1rabes y aflamencadas, con cuerpo de rock and rol A \u00e9l le gusta resumirlo en un recuerdo. Se ve a s\u00ed mismo de adolescente, a la puerta del bar de un primo, en Poblenou. En un altavoz suena Gris Redding o James Brown. \u00abTa-ca-ta-ca-t\u00e1\u00bb, marca Garc\u00eda. \u00abLe pon\u00edamos palmas, le d\u00e1bamos ritmo de rumba. Era esa mezcla\u00bb. Pasaba los veranos en el pueblo, donde confluyen las provincias de Albacete, Murcia, Ja\u00e9n y Granada. \u00abEra completamente Al Andalus&#8217;, rememora. \u00abY regresaba a la ciudad y a la escuela, y volv\u00eda a o\u00edr a Otis Redding. Pillaba unas empanadas mentales de cojones\u00bb. Deambulamos con Garc\u00eda por el Poblenou y, al pasar junto a su colegio, cuenta que fue mal estudiante, Con 13 a\u00f1os dej\u00f3 la escuela. Se define como \u00abun golfete\u00bb en esa \u00e9poca. Aunque hab\u00eda sido buen monaguillo. En el barrio sol\u00edan llamarle \u00abel canal\u00bb por unas camisetas blancas que compraba baratas, pintaba con TU11.1flux y luego vend\u00eda por un duro: \u00abMi peque\u00f1a econom\u00eda\u00bb. A los 14 a\u00f1os, comenz\u00f3 corno aprendiz de carpintero. Llevaba el pelo largo. Aterrizaba el rock and roll en esas calles sin asfaltar, de tierra negra por el holl\u00edn de las factor\u00edas. Era finales de los sesenta. A este lugar lo llamaban el \u00abManchester catal\u00e1n\u00bb. Florecieron grupos de m\u00fasica en cada portal. Garc\u00eda hab\u00eda visto la pel\u00edcula Los chicos con las chicas, que protagoniz\u00f3 la banda Los Bravos, y dijo: \u00abYo voy a ser esto\u00bb. Compr\u00f3 un bombo y un tambor a un gitano \u00abde la cabra\u00bb. Lo limpi\u00f3 y lo lij\u00f3 y lo barniz\u00f3. Se hizo con un platillo. Su primera bater\u00eda. Su madre lo animaba. Su padre no. \u00abMe dec\u00eda: &#8216;C\u00f3rtate ese pelo: te voy a dar dos hostias&#8217;. No me toc\u00f3 en la vida, era muy bonach\u00f3n, pero tambi\u00e9n era obrero, ten\u00eda su mala hostia, su punto de \u00ab\u00bfque no quieres estudiar? Aqu\u00ed a la Fundici\u00f3n con nosotros&#8217;. Yo iba a llevarle la comida, Trabajaban 12 horas. Recuerda verlos levantar ra\u00edles al rojo vivo entre cinco t\u00edos, con unas tenazas. \u00a1Un calor! &#8216;T\u00fa aqu\u00ed&#8217;, me dec\u00eda. &#8216;y si no tienes cojones, pues a la oficina, ya hablar\u00e9 con el encargado. Pero de m\u00fasica olv\u00eddate, Es una cosa de drogatas y maricones&#8217;, era otra \u00e9poca. Pero yo iba a lo m\u00edo. me escapaba, y aqu\u00ed en el barrio, hab\u00eda un grupo en el que estaba Santos, que tocaba Samba pa ti igual que Santana; y estaba Joaqu\u00edn, un bater\u00eda al que le ped\u00eda: &#8216;T\u00edo, ens\u00e9\u00f1ame a tocar\u00bb. Le ense\u00f1\u00f3. No lo hac\u00eda mal. Pronto se dieron cuenta de que cantaba a\u00fan mejor. <\/p>\n<p><a href=\"http:\/\/www.manologarciaycia.com\/wp-content\/uploads\/2014\/12\/MG_EPS_2.jpg\"><img loading=\"lazy\" decoding=\"async\" src=\"http:\/\/www.manologarciaycia.com\/wp-content\/uploads\/2014\/12\/MG_EPS_2.jpg\" alt=\"MG_EPS_2\" width=\"534\" height=\"351\" class=\"aligncenter size-full wp-image-11342\" srcset=\"https:\/\/www.manologarciaycia.com\/wp-content\/uploads\/2014\/12\/MG_EPS_2.jpg 534w, https:\/\/www.manologarciaycia.com\/wp-content\/uploads\/2014\/12\/MG_EPS_2-500x328.jpg 500w\" sizes=\"auto, (max-width: 534px) 100vw, 534px\" \/><\/a><br \/>\n<center><i>Creaci\u00f3n. Apuntes y esbozos de sus canciones.<\/center><\/i><\/p>\n<p>En los setenta, Garc\u00eda combin\u00f3 formaciones rockeras y orquestas populares. Ganaba poco y todo la reinvert\u00eda en la m\u00fasica. A los 18, se matricul\u00f3 en dise\u00f1o y artes gr\u00e1ficas. Consigui\u00f3 un trabajo como portadista para la industria musical. Dibuj\u00f3, seg\u00fan sus c\u00e1lculos, unas 700 car\u00e1tulas de casetes de gasolinera, de aquellas en las que pon\u00eda en grande \u00ablo mejor de Julio Iglesias\u00bb y en chiquitito se aclaraba que eran versiones tocadas por un desconocido. Le dejaron participar en alguna grabaci\u00f3n. Lo rememora mientras camina por el paseo mar\u00edtimo. Hay ni\u00f1os montando en monopat\u00edn. Unas extranjeras juegan al voleibol en biquini sobre la arena. \u00abEste no es mi barrio\u00bb, dice cuando ve cosas as\u00ed. Y luego canta al modo en que lo hac\u00eda en aquella \u00e9poca, imitando a Victor Manuel o a Miguel R\u00edos cantando Luc\u00eda para aquellos elep\u00e9s de estaci\u00f3n de servicio. Su primera letra la escribi\u00f3 en su \u00e9poca de \u00aborquestero\u00bb. Quer\u00edan tocar versiones extranjeras, pero no cantaban en ingl\u00e9s, Improvis\u00f3 unas estrofas sobre el terna Just The Way you are, de Billy Joel: \u00abTras las nubes \/ una tarde \/ vi surgir entre rayos de luz\u00bb, entona junto a la playa. Desde entonces, ha escrito o coescrito cerca de trescientas canciones. Con Los R\u00e1pidos, Los Burros, El \u00daltimo de la Fila y, finalmente, en solitario, cuando se disolvi\u00f3 a mediados de los noventa del grupo que capitaneaba junto a Quimi Portet. Sobre aquella ruptura de El \u00daltimo de la Fila, en 1998, dice: \u00abEl discurso se hab\u00eda agotado\u00bb. Juntos tocaron el cielo, Hac\u00edan pop Rock en espa\u00f1ol. Desde Catalu\u00f1a. Hay quien a\u00fan ve en aquella m\u00fasica una reivindicaci\u00f3n del orgullo charnego. En 1988, el grupo comenz\u00f3 a sonar en todas partes. A llenar estadios y plazas de toros. Organizaron una gira extenuante de m\u00e1s de cien conciertos. Tras el pelotazo, a Garc\u00eda le diagnosticaron depresi\u00f3n. Se recluy\u00f3 en casa. No sali\u00f3 en tres meses. \u00abNo estaba preparado\u00bb. La fama siempre ha sido el precio por hacer lo que le gusta. Componer. Grabar. Salir de gira. \u00abLa m\u00fasica es plenitud de vida\u00bb, suele decir. La fama, al parecer, no. <\/p>\n<p><a href=\"http:\/\/www.manologarciaycia.com\/wp-content\/uploads\/2014\/12\/MG_EPS_4.jpg\"><img loading=\"lazy\" decoding=\"async\" src=\"http:\/\/www.manologarciaycia.com\/wp-content\/uploads\/2014\/12\/MG_EPS_4.jpg\" alt=\"MG_EPS_4\" width=\"164\" height=\"250\" class=\"alignright size-full wp-image-11344\" \/><\/a>Durante el paseo, se detiene una decena de veces para hacerse fotos con los transe\u00fantes. Va desgranando su m\u00e9todo para escribir canciones. No hay regla fila. En su casa tiene un peque\u00f1o estudio de grabaci\u00f3n. Dice que sabe lo justo de tecnolog\u00eda para poder abrir una pista y grabarse. Lanza un ritmo. A\u00f1ade guitarras. Un teclado. Y coloca encima una melod\u00eda de voz. \u00abUn vikingo\u00bb, lo llama. Porque la canta en un ingl\u00e9s falso. Pone un ejemplo: \u00abUen shei van doma ni criyar\u00bb, canta en la calle. \u00abQue no significa nada. Y luego toca hacer el crucigrama, ir rellenando s\u00edlabas\u00bb. A menudo, sus letras parecen frases sueltas. \u00abSon flases\u00bb, dice. \u00abYo vivo. Y mientras, voy apuntando cosas, reflexiones, peque\u00f1as tontonas. Voy al cine, por ejemplo, con mis palomitas, y flipo, me impacta, y salgo y digo &#8216;taxi!&#8217;, y me vengo corriendo a casa y me sale la canci\u00f3n entera. Entro en un bucle raro. Es una necesidad. Hablar con el mundo y vomitar mis pedradas\u00bb. Una de estas pedradas son los indios de Norteam\u00e9rica. Es capaz de hablar de ellos durante casi quince minutos sin tornar aire. \u00abHay algo en su b\u00fasqueda sencilla\u00bb, dice en un momento dado, \u00abde un mundo m\u00e1s natural y salvaje, mis duro en el sentido f\u00edsico, pero emocionalmente m\u00e1s pleno. Y con una informaci\u00f3n limitada, de 40 kil\u00f3metros a la redonda. Lo otro. Son rumores, acontecimientos que llegan cuando ya han pasado. Otra de las cosas que me atruena es la cantidad de informaci\u00f3n a la que me veo sometido. Por voluntad propia. Soy el primero que abro un diario, Quiero ver las noticias, sus mentiras, d\u00f3nde hay un atisbo de verdad, quiero juzgar a mi manera el mundo&#8230; Pero la informaci\u00f3n es brutal. Est\u00e1s enter\u00e1ndote de cosas que suceden en Alaska. Turqu\u00eda. Albacete. Es i n abarcable. Y mi cerebro de peque\u00f1a hormiga, acaba estallando. Entonces me refugio en mi guitarra, mis canciones, mis cuadros. \u00a1Por favor, dejadme tranquilo! Y tengo que participaren esta cacofon\u00eda intergal\u00e1ctica a mi manera, con cuatro acordes. Yo tambi\u00e9n os dar\u00e9 el ca\u00f1azo a vosotros, cabrones! me quer\u00e9is hundir!\u00bb. Comienza a re\u00edrse de forma nerviosa. \u00abpa la \u00a1al Ay, se\u00f1or\u00bb. Sea como sea, sus pedradas, por lo general, enganchan con el p\u00fablico. Manolo Garc\u00eda ha vendido algo m\u00e1s de cinco millones de discos, repartidos m\u00e1s o menos al SO% entre su carrera como solista y las tres formaciones anteriores. Ha tocado cerca de 1.600 conciertos desde los setenta. Su mayor \u00e9xito, con diferencia, es la canci\u00f3n P\u00e1jaros de barro, contenida en su primer disco en solitario (Arena en los bolsillos. 1998). Podr\u00eda haberse retirado despu\u00e9s de publicarla. Lo que ocurri\u00f3 con aquel tema \u00abes un milagro\u00bb, dice. En ella habla de mapas, del tiempo que se escapa. &#8216;De mi condici\u00f3n de n\u00f3mada\u00bb, resume. Sus temas recurrentes. Garc\u00eda lleva siempre a la espalda una mochila de monta\u00f1ero que le confiere cierto aire vagabundo. Nos muestra el contenido; una linterna, pilas, unas gafas de sol y una gorra para camuflarse, un par de libros siempre dos \u00abpor si llega el fin del mundo\u00bb, un l\u00e1piz, una goma de borrar, y tambi\u00e9n una goma el\u00e1stica como las que anudan los practicantes alrededor del brazo. Se explica: es para el tirachinas. La acaba de comprar en la farmacia. La anterior se le ha secado. Suele usar el artefacto cuando visita el pueblo. Una cuerda extendida y 10platos de caf\u00e9 colgados con pinzas. Su padre romp\u00eda 10 de 10. \u00c9I no es tan preciso. Pero necesita este tipo de refugios para sobrevivir. \u00abLa patria es la infancia\u00bb, es una de sus frases. La patria. Solo volver\u00e1 a hablar de ella durante el almuerzo en un restaurante de men\u00fa adosado al Centro Moral y Cultural del Poblenou, en cuyo teatro dio el primer concierto de su vida cantando con un coro (se desmay\u00f3 en la actuaci\u00f3n). Ir\u00e1 entrando en materia pol\u00edtica, primero hablando en general, m\u00e1s adelante de Catalu\u00f1a. Se muestra furioso. Menciona la prepotencia y la chuler\u00eda, incluso la megaloman\u00eda de muchos representantes publicas acomodados en su \u00abpoltrona\u00bb. Y hasta tal punto se indigna y lanza improperios, que unos d\u00edas despu\u00e9s quiso matizar sus palabras a trav\u00e9s de un correo electr\u00f3nico, tambi\u00e9n reivindicativo, pero mucho m\u00e1s suave y formal: \u00abSe les llena la boca con la palabra democracia, pero una vez conseguido el poder no hay responsabilidad hacia lo prometido. En sus respuestas se ve que nos tratan como chusma. (&#8230;) No se les puede dejar solos: hay que leerles la cartilla constantemente. C\u00f3mo no va a haber indignaci\u00f3n. Lo que es un milagro es que la gente no haya salido en masa a la calle\u00bb. Y sobre Catalu\u00f1a, cuesti\u00f3n en cuyo fango se mete de lleno en el almuerzo, hablando en primera persona como charnego, tambi\u00e9n quiso atenuar d\u00edas despu\u00e9s: \u00abCuando oigo a Aznar asegurando que habla catal\u00e1n en la intimidad o a Jordi Pujol, delante de 40.000 personas en Santa Colonia, diciendo: &#8216;A m\u00ed tambi\u00e9n me gustan los Chunguitos, los oigo en mi casa&#8217;, siento verg\u00fcenza ajena. Me asombra el cinismo que puede tener un pol\u00edtico con tal de aferrarse al poder. (&#8230;) La gente tiene derecho a opinar. En Suiza no se mueve una piedra sin que el pueblo opine y nadie se rasga las vestiduras. (&#8230;) Entiendo que el Gobierno se horrorice ante la idea de perder una de las vacas que dan m\u00e1s leche. A la vez, respeto que una cantidad importante de personas sue\u00f1en con un Estado independiente. (&#8230;) He nacido en Catalu\u00f1a y me siento catal\u00e1n. Pero tambi\u00e9n me siento de Albacete\u00bb. <\/p>\n<p><a href=\"http:\/\/www.manologarciaycia.com\/wp-content\/uploads\/2014\/12\/MG_EPS_3.jpg\"><img loading=\"lazy\" decoding=\"async\" src=\"http:\/\/www.manologarciaycia.com\/wp-content\/uploads\/2014\/12\/MG_EPS_3.jpg\" alt=\"MG_EPS_3\" width=\"352\" height=\"457\" class=\"alignleft size-full wp-image-11343\" \/><\/a> Tras la disertaci\u00f3n pol\u00edtica, con los caf\u00e9s, regresa a la mesa la cuesti\u00f3n de la fama y el anonimato. Manolo Garc\u00eda bebe una manzanilla. Dice: \u00abNo tengo ning\u00fan poder medi\u00e1tico, no muevo programas del coraz\u00f3n. Mi objetivo lo he dejado claro siempre: no quer\u00eda ser famoso, quer\u00eda ser m\u00fasico y estoy enrocado en eso. Llevo una vida normal, busco reductos para huir un poco. Mi padre era labrador, luego obrero, gente normal. El mundo est\u00e1 hecho de gente normal. Y a m\u00ed me da verg\u00fcenza ser un poquito diferente. En los conciertos, me bajo y me meto entre el p\u00fablico. No quiero tener Wikipedia. Y en varias canciones digo: &#8216;Nadie es mejor que nadie. \u00bfArtur Mas es mejor que t\u00fa y yo? \u00bfEl rey? \u00bfObama? \u00bfEl Papa? No. Probablemente tienen aerofagia, caries y halitosis, como todo hijo de vecino\u00bb. Al levantarse, dice que si prohibieran la m\u00fasica, seria pintor de brocha gorda. En ese momento, su camiseta exhibe un lampar\u00f3n de pintura blanca. Se quita las gafas de ver, con un toque de coqueter\u00eda, y posa en el interior del restaurante para una foto.<\/p>\n<p>Fuente: El Pa\u00eds Semanal  GUILLERMO ABRIL  FOTOGRAFIA: GREGORI CIMERA<\/p>\n","protected":false},"excerpt":{"rendered":"<p>Ha compuesto cerca de 300 canciones. Ha vendido m\u00e1s de cinco millones de discos. Ha dado cerca de 1.600 conciertos. El cantante catal\u00e1n Manolo Garc\u00eda es un t\u00f3tem de la m\u00fasica espa\u00f1ola. Lleva desde los setenta sobre los escenarios. Pero sigue siendo un tipo indescifrable y del que se sabe muy poco. Con motivo de<a class=\"moretag\" href=\"https:\/\/www.manologarciaycia.com\/?p=11339\" title=\"Manolo Garc\u00eda: Un m\u00fasico de barrio. Las Calles de Manolo Garc\u00eda.\" target=\"_self\" rel=\"follow\"> <font face=arial size=2>[Leer m\u00e1s]<\/font> <\/a><\/p>\n","protected":false},"author":2,"featured_media":11340,"comment_status":"closed","ping_status":"closed","sticky":false,"template":"","format":"standard","meta":{"footnotes":""},"categories":[1],"tags":[],"class_list":["post-11339","post","type-post","status-publish","format-standard","has-post-thumbnail","hentry","category-manolo-garcia"],"_links":{"self":[{"href":"https:\/\/www.manologarciaycia.com\/index.php?rest_route=\/wp\/v2\/posts\/11339","targetHints":{"allow":["GET"]}}],"collection":[{"href":"https:\/\/www.manologarciaycia.com\/index.php?rest_route=\/wp\/v2\/posts"}],"about":[{"href":"https:\/\/www.manologarciaycia.com\/index.php?rest_route=\/wp\/v2\/types\/post"}],"author":[{"embeddable":true,"href":"https:\/\/www.manologarciaycia.com\/index.php?rest_route=\/wp\/v2\/users\/2"}],"replies":[{"embeddable":true,"href":"https:\/\/www.manologarciaycia.com\/index.php?rest_route=%2Fwp%2Fv2%2Fcomments&post=11339"}],"version-history":[{"count":1,"href":"https:\/\/www.manologarciaycia.com\/index.php?rest_route=\/wp\/v2\/posts\/11339\/revisions"}],"predecessor-version":[{"id":11345,"href":"https:\/\/www.manologarciaycia.com\/index.php?rest_route=\/wp\/v2\/posts\/11339\/revisions\/11345"}],"wp:featuredmedia":[{"embeddable":true,"href":"https:\/\/www.manologarciaycia.com\/index.php?rest_route=\/wp\/v2\/media\/11340"}],"wp:attachment":[{"href":"https:\/\/www.manologarciaycia.com\/index.php?rest_route=%2Fwp%2Fv2%2Fmedia&parent=11339"}],"wp:term":[{"taxonomy":"category","embeddable":true,"href":"https:\/\/www.manologarciaycia.com\/index.php?rest_route=%2Fwp%2Fv2%2Fcategories&post=11339"},{"taxonomy":"post_tag","embeddable":true,"href":"https:\/\/www.manologarciaycia.com\/index.php?rest_route=%2Fwp%2Fv2%2Ftags&post=11339"}],"curies":[{"name":"wp","href":"https:\/\/api.w.org\/{rel}","templated":true}]}}