{"id":11327,"date":"2014-12-07T10:08:21","date_gmt":"2014-12-07T09:08:21","guid":{"rendered":"http:\/\/www.manologarciaycia.com\/?p=11327"},"modified":"2014-12-07T10:13:41","modified_gmt":"2014-12-07T09:13:41","slug":"manolo-garcia-la-musica-para-mi-es-libertad-me-transporta-a-un-mundo-de-pelicula","status":"publish","type":"post","link":"https:\/\/www.manologarciaycia.com\/?p=11327","title":{"rendered":"Manolo Garc\u00eda: \u00abLa m\u00fasica para m\u00ed es libertad; me transporta a un mundo de pel\u00edcula\u00bb"},"content":{"rendered":"<p>Esta semana la revista Rolling Stones lo premi\u00f3 por haber dedicado su vida al rock. Los R\u00e1pidos, Los Burros, El \u00daltimo de la Fila forman parte del ADN musical de un catal\u00e1n que dice tener el dep\u00f3sito de la ilusi\u00f3n a rebosar. \u00abEl d\u00eda que no me sienta c\u00f3modo me pensar\u00e9 lo de irme, pero de momento eso no entra en mis planes\u00bb, asegura el compositor y cantante Manolo Garc\u00eda (1955), quien con disco reci\u00e9n estrenado (\u00abTodo es ahora\u00bb) se hace la promesa de estar pronto por estas coordenadas atl\u00e1nticas. \u00abEstoy en deuda con Tenerife. Mi otra gira acab\u00f3 antes de que pudiera ir a una tierra en la que me siento muy bien recibido. Ahora hay que reparar esa situaci\u00f3n y buscar una fecha\u00bb, declara un artista que acumula tres d\u00e9cadas y medias de experiencias musicales.<\/p>\n<p><b>\u00bfEn \u00abTodo es ahora\u00bb, sin que se pierda la esencia Manolo Garc\u00eda, se percibe con claridad una renovaci\u00f3n sonora?<\/b><\/p>\n<p>Para m\u00ed ser\u00eda una perdida de tiempo no perseguir esa renovaci\u00f3n. Da igual que grabes en Nueva York, en Tenerife o en Berl\u00edn porque buenos estudios de grabaci\u00f3n hay en muchas partes. Lo importante es crear un equipo y cuando ese est\u00e1 en otro lado en el que t\u00fa no est\u00e1s no queda m\u00e1s remedio que viajar.<\/p>\n<p><b>A d\u00eda de hoy existe casi un empate t\u00e9cnico entre lo que hizo cuando formaba parte de alg\u00fan grupo y lo que est\u00e1 realizando ahora como solista.<\/b><\/p>\n<p>S\u00ed (sonr\u00ede), aunque eso tiene una explicaci\u00f3n bastante sencilla. Mi situaci\u00f3n actual es la misma a la que ya exist\u00eda cuando era un adolescente, es decir, sigo teniendo cari\u00f1o a una profesi\u00f3n que no me ha tratado demasiado mal. En mi entorno no hab\u00eda ejemplos musicales, pero alguien me toc\u00f3 con una varita y me dio aptitudes para la m\u00fasica, un o\u00eddo, un sentido musical y, sobre todo, mi gran objetivo era ser m\u00fasico. Lo vi claro. Este disco me hace la misma ilusi\u00f3n que el de 1981 con Los R\u00e1pidos, pero ahora lo disfruto m\u00e1s porque hay ganas y dinero.<\/p>\n<p><b>\u00bfManolo Garc\u00eda es uno de esos m\u00fasicos que prefieren emprender una huida hacia delante en lugar de analizar si la m\u00fasica ya los ha retirado?<\/b><\/p>\n<p>Yo no siento que tengan una pistola apuntando a mi cabeza&#8230; Si ese momento llega sabr\u00e9 medir esa amenaza. Cuando mi pozo creativo se seque me marchar\u00e9, no quiero perder el tiempo viviendo de las rentas. La m\u00fasica para m\u00ed es libertad; me transporta a un mundo de pel\u00edcula. Este es un oficio que nunca terminas de aprender, siempre hay algo nuevo.<\/p>\n<p><b>\u00bfQu\u00e9 piensa un artesano de la composici\u00f3n del ciclo que vive la creaci\u00f3n musical en Espa\u00f1a?<\/b><\/p>\n<p>Al final es el p\u00fablico el que elige una cosa u otra. Es cierto que en muchas ocasiones puede estar m\u00e1s o menos dirigido, pero la \u00faltima palabra es suya. Este no es un mal momento para la creaci\u00f3n, pero comercialmente hablando s\u00ed que vivimos un ciclo disparatado y lo peor es que vamos a continuar as\u00ed un tiempo. La parte industrial me aburre porque creo que ah\u00ed no se ha trabajado bien durante muchos a\u00f1os, pero en lo musical s\u00ed que hay cosas que valen la pena. Un cantante no impone ser escuchado, hace lo imposible para ser o\u00eddo y que el p\u00fablico tome decisiones con una referencia.<\/p>\n<p><b>No se lo digo solo por la cantidad de a\u00f1os que lleva en esto, sino por lo r\u00e1pido que est\u00e1n cambiado las cosas. \u00bfSe imaginaba un panorama como el actuar all\u00e1 por los a\u00f1os ochenta?<\/b><\/p>\n<p>Cuando empec\u00e9 esto funcionaba a trav\u00e9s de vinilos que se mov\u00edan a 33 revoluciones. A la t\u00e9cnica hay que darle la importancia que se merece, pero no supeditarlo todo a un gran ordenador que es capaz de convertir en buenas una mala canci\u00f3n. Para m\u00ed el formato es algo anecd\u00f3tico, lo que yo quiero es o\u00edr a Pink Floyd o King Crimson&#8230; Me sigo fiando del talento. Soy de la vieja escuela: si no tienes una buena canci\u00f3n no tienes nada. Lo que no es capaz de fabricar la tecnolog\u00eda son historias con emoci\u00f3n. Que la gente se olvide de que en la Universidad de Barcelona se vayan a inventar un robot capaz de reproducir la emotividad de un m\u00fasico. Eso no pasar\u00e1 jam\u00e1s. Puede que copien al mejor cantante del mundo, pero ah\u00ed van a seguir faltando los sentimientos.<\/p>\n<p><b>\u00bfNo cree que esa amenaza de la que hablaba antes vaya a llegar desde el campo de la rob\u00f3tica?<\/b><\/p>\n<p>Caetano Veloso, Bruce Springsteen, Serrat, Queen, Silvio Rodr\u00edguez, Sabina&#8230; Hay una cosa que se tiene o no y que est\u00e1 conectada con el latido de sus corazones. No importa que me nombren al grupo m\u00e1s raro y desconocido del mundo, lo aut\u00e9ntico no puede ser copiado por una m\u00e1quina.<\/p>\n<p><b>Hace tiempo que no se deja caer por las Islas; \u00bfvendr\u00e1 con este disco?<\/b><\/p>\n<p>Estoy en deuda con Tenerife. Mi otra gira acab\u00f3 antes de que pudiera ir a una tierra en la que me siento muy bien recibido. Ahora hay que reparar esa situaci\u00f3n y buscar una fecha. Tambi\u00e9n me qued\u00e9 a las puertas de Galicia. En cuanto me tire a la carretera prometo hacer lo imposible para que esas dos comunidades puedan escuchar en directo las canciones de \u00abTodo es ahora\u00bb. Tengo un deber \u00e9tico con los lugares en los que me han tratado bien y en Canarias, repito, hay gente que ha demostrado tener un cari\u00f1o por mi m\u00fasica.<\/p>\n<p><b>No le puedo dejar marchar sin preguntarle por sus latidos culturales. \u00bfEstamos tan mal como todo parece indicar?<\/b><\/p>\n<p>Hay una clase pol\u00edtica a la que le ha venido bien este oscurantismo intelectual, pero eso est\u00e1 en proceso de cambio. Hay maneras de entender la pol\u00edtica que van a desaparecer en poco tiempo. A nivel cultural nos han querido matar, pero hasta aqu\u00ed han llegado&#8230; Un IVA al 21% es una cagada como un piano. Nada es eterno en esta vida y esa coyuntura la van a tener que arreglar por el bien de todos.<\/p>\n<p><a href=\"http:\/\/www.manologarciaycia.com\/wp-content\/uploads\/2014\/12\/MG_Eldia.jpg\"><img loading=\"lazy\" decoding=\"async\" src=\"http:\/\/www.manologarciaycia.com\/wp-content\/uploads\/2014\/12\/MG_Eldia.jpg\" alt=\"MG_Eldia\" width=\"1000\" height=\"772\" class=\"aligncenter size-full wp-image-11331\" srcset=\"https:\/\/www.manologarciaycia.com\/wp-content\/uploads\/2014\/12\/MG_Eldia.jpg 1000w, https:\/\/www.manologarciaycia.com\/wp-content\/uploads\/2014\/12\/MG_Eldia-500x386.jpg 500w, https:\/\/www.manologarciaycia.com\/wp-content\/uploads\/2014\/12\/MG_Eldia-695x536.jpg 695w, https:\/\/www.manologarciaycia.com\/wp-content\/uploads\/2014\/12\/MG_Eldia-930x717.jpg 930w\" sizes=\"auto, (max-width: 1000px) 100vw, 1000px\" \/><\/a><\/p>\n<p>Fuente: El Dia.es &#8211; <a href=\"http:\/\/eldia.es\/2014-12-07\/cultura\/20--musica-es-libertad-transporta-mundo-pelicula.htm\" target=\"_blank\">ENLACE<\/a><\/p>\n","protected":false},"excerpt":{"rendered":"<p>Esta semana la revista Rolling Stones lo premi\u00f3 por haber dedicado su vida al rock. Los R\u00e1pidos, Los Burros, El \u00daltimo de la Fila forman parte del ADN musical de un catal\u00e1n que dice tener el dep\u00f3sito de la ilusi\u00f3n a rebosar. \u00abEl d\u00eda que no me sienta c\u00f3modo me pensar\u00e9 lo de irme, pero<a class=\"moretag\" href=\"https:\/\/www.manologarciaycia.com\/?p=11327\" title=\"Manolo Garc\u00eda: \u00abLa m\u00fasica para m\u00ed es libertad; me transporta a un mundo de pel\u00edcula\u00bb\" target=\"_self\" rel=\"follow\"> <font face=arial size=2>[Leer m\u00e1s]<\/font> <\/a><\/p>\n","protected":false},"author":2,"featured_media":11330,"comment_status":"closed","ping_status":"closed","sticky":false,"template":"","format":"standard","meta":{"footnotes":""},"categories":[1],"tags":[],"class_list":["post-11327","post","type-post","status-publish","format-standard","has-post-thumbnail","hentry","category-manolo-garcia"],"_links":{"self":[{"href":"https:\/\/www.manologarciaycia.com\/index.php?rest_route=\/wp\/v2\/posts\/11327","targetHints":{"allow":["GET"]}}],"collection":[{"href":"https:\/\/www.manologarciaycia.com\/index.php?rest_route=\/wp\/v2\/posts"}],"about":[{"href":"https:\/\/www.manologarciaycia.com\/index.php?rest_route=\/wp\/v2\/types\/post"}],"author":[{"embeddable":true,"href":"https:\/\/www.manologarciaycia.com\/index.php?rest_route=\/wp\/v2\/users\/2"}],"replies":[{"embeddable":true,"href":"https:\/\/www.manologarciaycia.com\/index.php?rest_route=%2Fwp%2Fv2%2Fcomments&post=11327"}],"version-history":[{"count":3,"href":"https:\/\/www.manologarciaycia.com\/index.php?rest_route=\/wp\/v2\/posts\/11327\/revisions"}],"predecessor-version":[{"id":11332,"href":"https:\/\/www.manologarciaycia.com\/index.php?rest_route=\/wp\/v2\/posts\/11327\/revisions\/11332"}],"wp:featuredmedia":[{"embeddable":true,"href":"https:\/\/www.manologarciaycia.com\/index.php?rest_route=\/wp\/v2\/media\/11330"}],"wp:attachment":[{"href":"https:\/\/www.manologarciaycia.com\/index.php?rest_route=%2Fwp%2Fv2%2Fmedia&parent=11327"}],"wp:term":[{"taxonomy":"category","embeddable":true,"href":"https:\/\/www.manologarciaycia.com\/index.php?rest_route=%2Fwp%2Fv2%2Fcategories&post=11327"},{"taxonomy":"post_tag","embeddable":true,"href":"https:\/\/www.manologarciaycia.com\/index.php?rest_route=%2Fwp%2Fv2%2Ftags&post=11327"}],"curies":[{"name":"wp","href":"https:\/\/api.w.org\/{rel}","templated":true}]}}