{"id":1126,"date":"2010-11-09T08:23:16","date_gmt":"2010-11-09T07:23:16","guid":{"rendered":"http:\/\/petaos.net\/?p=1126"},"modified":"2010-11-09T08:23:59","modified_gmt":"2010-11-09T07:23:59","slug":"mg-manolo-garcia-presenta-de-mares-y-visiones-con-un-exitoso-concierto","status":"publish","type":"post","link":"https:\/\/www.manologarciaycia.com\/?p=1126","title":{"rendered":"MG: Manolo Garc\u00eda presenta \u00abDe Mares y Visiones\u00bb con un exitoso concierto"},"content":{"rendered":"<p><img loading=\"lazy\" decoding=\"async\" class=\"alignleft\" src=\"http:\/\/img.terra.com.mx\/galeria_de_fotos\/images\/434\/867960.jpg\" alt=\"\" width=\"181\" height=\"278\" \/>Declarado no como espa\u00f1ol, sino como mexicano, el cantante Manolo Garc\u00eda\u00a0ofreci\u00f3 un animado concierto en el Teatro Metrop\u00f3litan, donde present\u00f3 su disco &#8216;De mares y visiones&#8217; y cant\u00f3 algunas rancheras acompa\u00f1ado de mariachi.<\/p>\n<p>El ex integrante del grupo El \u00daltimo de la Fila, se mostr\u00f3 sencillo en el escenario y derroch\u00f3 energ\u00eda, no s\u00f3lo con sus temas, sino tambi\u00e9n en sus bailes, que le valieron la ovaci\u00f3n del p\u00fablico.<\/p>\n<p>Las primera canciones que ofreci\u00f3 fueron: &#8216;Provincia de r\u00edo negro&#8217;, &#8216;Sobre el oscuro abismo en que te meces&#8217;, &#8216;Carb\u00f3n y ramas secas&#8217; y &#8216;Una tarde de sol&#8217;, que poco a poco prendieron los \u00e1nimos de casi tres mil personas que acudieron al lugar.<\/p>\n<p> Fuente: Terra.mx<\/p>\n<p>&#8216;No crean que no hab\u00eda querido venir por falta de inter\u00e9s, la verdad es que M\u00e9xico es un pa\u00eds que me encanta, pero no hab\u00eda tiempo para hacer el concierto, hoy todos somos mexicanos&#8217;, dijo el artista.<\/p>\n<p>Luego cant\u00f3: &#8216;Con los hombres azules&#8217; y al pasar al tema &#8216;Para que no se duerman mis sentidos&#8217;, Garc\u00eda baj\u00f3 del escenario y recorri\u00f3 gran parte del Metrop\u00f3litan, por lo que algunos fans lo abrazaron y lo llenaron de muestras de cari\u00f1o.<\/p>\n<p>Prosigui\u00f3 con &#8216;Rosa de Alejandr\u00eda&#8217; y explic\u00f3: &#8216;En este mundo los oficios se est\u00e1n perdiendo porque ya todo es m\u00e1s global, pero esperemos que al menos se queden m\u00e1s hijos&#8217;, para despu\u00e9s interpretar &#8216;Zapatero&#8217;.<\/p>\n<p>La escenograf\u00eda luci\u00f3 un estilo urbano, con micr\u00f3fonos en tonos fosforescentes y p\u00e1ginas de peri\u00f3dicos en las plataformas de los m\u00fasicos, adem\u00e1s de que colgaron unas l\u00e1mparas azules, as\u00ed como unos pedazos de mayas y alambre.<\/p>\n<p>Tambi\u00e9n hubo un bailar\u00edn y tuvo como invitado a Arturo L\u00f3pez Vela, m\u00fasico de la cantante Natalia Lafourcade, quien no pudo acompa\u00f1ar a Garc\u00eda porque se encuentra en el extranjero.<\/p>\n<p>&#8216;Como quien da un refresco&#8217;, &#8216;S\u00f3lo un poco&#8217;, &#8216;Saldremos a la lluvia&#8217;, &#8216;Sabr\u00e1s que andar es un sencillo vaiv\u00e9n&#8217;, &#8216;No est\u00e9s triste&#8217;, &#8216;P\u00e1jaros de barro&#8217;, &#8216;L\u00e1piz y tinta&#8217; y &#8216;Levedad&#8217; fueron las canciones que siguieron en la velada.<\/p>\n<p>&#8216;Hay poes\u00eda, esa es la buena noticia, hay poes\u00eda con ustedes aqu\u00ed presentes, hay poes\u00eda, con Frida Kahlo, con Francisco Villa, hay poes\u00eda&#8217;, indic\u00f3 el espa\u00f1ol.<\/p>\n<p>El concierto continu\u00f3 con &#8216;Somos levedad&#8217; y &#8216;Viernes&#8217;, con la cual su banda y \u00e9l se despidieron. Pero ante la insistencia del p\u00fablico, Manolo Garc\u00eda regres\u00f3 para cantar &#8216;Vendr\u00e1n d\u00edas&#8217;, &#8216;A lo lejos el r\u00edo&#8217;, &#8216;S\u00f3lo amar&#8217;, &#8216;Insurrecci\u00f3n&#8217;, &#8216;San Fernando&#8217; y &#8216;Como un burro&#8217;.<\/p>\n<p>Acto seguido, dirigi\u00e9ndose al p\u00fablico de manera respetuosa, pidi\u00f3 permiso para cantar dos canciones rancheras, &#8216;Cuando quiera has de volver&#8217; y &#8216;Luz de Luna&#8217;, lo cual hizo acompa\u00f1ado de un mariachi, al tiempo que port\u00f3 un sombrero charro.<\/p>\n<p>Sin embargo, nuevamente los presentes no se conformaron con eso y le pidieron una \u00faltima canci\u00f3n a Manolo Garc\u00eda, quien los complaci\u00f3 gustosos con &#8216;Malva&#8217;.<\/p>\n<p>El espa\u00f1ol ha estado dentro de la escena musical por m\u00e1s de 30 a\u00f1os. Ha destacado su trabajo en agrupaciones como El \u00daltimo de la Fila, Los Burros, Los R\u00e1pidos y cuenta con ocho producciones en solitario, las cuales han alcanzado Discos de Oro y Platino.<\/p>\n<p>Fuente: Terra.MX &#8211; <a href=\"http:\/\/www.terra.com.mx\/musica\/articulo\/990876\/Manolo+Garcia+presenta+CD+De+mares+y+visiones+en+exitoso+concierto.htm\" target=\"_blank\">ENLACE<\/a><\/p>\n","protected":false},"excerpt":{"rendered":"<p>Declarado no como espa\u00f1ol, sino como mexicano, el cantante Manolo Garc\u00eda\u00a0ofreci\u00f3 un animado concierto en el Teatro Metrop\u00f3litan, donde present\u00f3 su disco &#8216;De mares y visiones&#8217; y cant\u00f3 algunas rancheras acompa\u00f1ado de mariachi. El ex integrante del grupo El \u00daltimo de la Fila, se mostr\u00f3 sencillo en el escenario y derroch\u00f3 energ\u00eda, no s\u00f3lo con<a class=\"moretag\" href=\"https:\/\/www.manologarciaycia.com\/?p=1126\" title=\"MG: Manolo Garc\u00eda presenta \u00abDe Mares y Visiones\u00bb con un exitoso concierto\" target=\"_self\" rel=\"follow\"> <font face=arial size=2>[Leer m\u00e1s]<\/font> <\/a><\/p>\n","protected":false},"author":2,"featured_media":0,"comment_status":"closed","ping_status":"closed","sticky":false,"template":"","format":"standard","meta":{"footnotes":""},"categories":[1],"tags":[175],"class_list":["post-1126","post","type-post","status-publish","format-standard","hentry","category-manolo-garcia","tag-manolo-garcia-concierto-mexico-metropolitan-cronica-2010"],"_links":{"self":[{"href":"https:\/\/www.manologarciaycia.com\/index.php?rest_route=\/wp\/v2\/posts\/1126","targetHints":{"allow":["GET"]}}],"collection":[{"href":"https:\/\/www.manologarciaycia.com\/index.php?rest_route=\/wp\/v2\/posts"}],"about":[{"href":"https:\/\/www.manologarciaycia.com\/index.php?rest_route=\/wp\/v2\/types\/post"}],"author":[{"embeddable":true,"href":"https:\/\/www.manologarciaycia.com\/index.php?rest_route=\/wp\/v2\/users\/2"}],"replies":[{"embeddable":true,"href":"https:\/\/www.manologarciaycia.com\/index.php?rest_route=%2Fwp%2Fv2%2Fcomments&post=1126"}],"version-history":[{"count":2,"href":"https:\/\/www.manologarciaycia.com\/index.php?rest_route=\/wp\/v2\/posts\/1126\/revisions"}],"predecessor-version":[{"id":1128,"href":"https:\/\/www.manologarciaycia.com\/index.php?rest_route=\/wp\/v2\/posts\/1126\/revisions\/1128"}],"wp:attachment":[{"href":"https:\/\/www.manologarciaycia.com\/index.php?rest_route=%2Fwp%2Fv2%2Fmedia&parent=1126"}],"wp:term":[{"taxonomy":"category","embeddable":true,"href":"https:\/\/www.manologarciaycia.com\/index.php?rest_route=%2Fwp%2Fv2%2Fcategories&post=1126"},{"taxonomy":"post_tag","embeddable":true,"href":"https:\/\/www.manologarciaycia.com\/index.php?rest_route=%2Fwp%2Fv2%2Ftags&post=1126"}],"curies":[{"name":"wp","href":"https:\/\/api.w.org\/{rel}","templated":true}]}}