{"id":1114,"date":"2010-11-05T20:37:55","date_gmt":"2010-11-05T19:37:55","guid":{"rendered":"http:\/\/petaos.net\/?p=1114"},"modified":"2010-11-05T20:37:55","modified_gmt":"2010-11-05T19:37:55","slug":"mg-w-radio-te-obsequia-un-disco-de-mares-y-visiones","status":"publish","type":"post","link":"https:\/\/www.manologarciaycia.com\/?p=1114","title":{"rendered":"MG: W Radio te obsequia un disco &#8216;De mares y visiones&#8217;"},"content":{"rendered":"<p><img loading=\"lazy\" decoding=\"async\" class=\"alignright\" src=\"http:\/\/www.wradio.com.mx\/images\/1381074_N_IMGG.JPG\" alt=\"\" width=\"160\" height=\"120\" \/>El cantante espa\u00f1ol Manolo Garc\u00eda, se presentar\u00e1\u00a0este 7 de noviembre en el teatro Metrop\u00f3litan. El \u00e1lbum, del ex integrante del grupo El Ultimo de la Fila, titulado\u00a0 \u00abDe mares y visiones\u00bb, est\u00e1 dedicado a M\u00e9xico, consta de una recopilaci\u00f3n de 18 canciones ordenadas de manera cronol\u00f3gica de sus discos como solista.<\/p>\n<p>\u00bfQuieres tener \u00e9sta excelente producci\u00f3n discogr\u00e1fica en tus manos? <strong>W Radio <\/strong>tiene un disco &#8216;De mares y visiones&#8217; para ti, s\u00f3lo manda un correo a wradio.internet@gmail.com y menciona de que nacionalidad es Manolo Garc\u00eda. Fuente: W Radio.<\/p>\n","protected":false},"excerpt":{"rendered":"<p>El cantante espa\u00f1ol Manolo Garc\u00eda, se presentar\u00e1\u00a0este 7 de noviembre en el teatro Metrop\u00f3litan. El \u00e1lbum, del ex integrante del grupo El Ultimo de la Fila, titulado\u00a0 \u00abDe mares y visiones\u00bb, est\u00e1 dedicado a M\u00e9xico, consta de una recopilaci\u00f3n de 18 canciones ordenadas de manera cronol\u00f3gica de sus discos como solista. \u00bfQuieres tener \u00e9sta excelente<a class=\"moretag\" href=\"https:\/\/www.manologarciaycia.com\/?p=1114\" title=\"MG: W Radio te obsequia un disco &#8216;De mares y visiones&#8217;\" target=\"_self\" rel=\"follow\"> <font face=arial size=2>[Leer m\u00e1s]<\/font> <\/a><\/p>\n","protected":false},"author":2,"featured_media":0,"comment_status":"closed","ping_status":"closed","sticky":false,"template":"","format":"standard","meta":{"footnotes":""},"categories":[1],"tags":[171],"class_list":["post-1114","post","type-post","status-publish","format-standard","hentry","category-manolo-garcia","tag-manolo-garcia-radio-mares-visiones-mexico"],"_links":{"self":[{"href":"https:\/\/www.manologarciaycia.com\/index.php?rest_route=\/wp\/v2\/posts\/1114","targetHints":{"allow":["GET"]}}],"collection":[{"href":"https:\/\/www.manologarciaycia.com\/index.php?rest_route=\/wp\/v2\/posts"}],"about":[{"href":"https:\/\/www.manologarciaycia.com\/index.php?rest_route=\/wp\/v2\/types\/post"}],"author":[{"embeddable":true,"href":"https:\/\/www.manologarciaycia.com\/index.php?rest_route=\/wp\/v2\/users\/2"}],"replies":[{"embeddable":true,"href":"https:\/\/www.manologarciaycia.com\/index.php?rest_route=%2Fwp%2Fv2%2Fcomments&post=1114"}],"version-history":[{"count":1,"href":"https:\/\/www.manologarciaycia.com\/index.php?rest_route=\/wp\/v2\/posts\/1114\/revisions"}],"predecessor-version":[{"id":1115,"href":"https:\/\/www.manologarciaycia.com\/index.php?rest_route=\/wp\/v2\/posts\/1114\/revisions\/1115"}],"wp:attachment":[{"href":"https:\/\/www.manologarciaycia.com\/index.php?rest_route=%2Fwp%2Fv2%2Fmedia&parent=1114"}],"wp:term":[{"taxonomy":"category","embeddable":true,"href":"https:\/\/www.manologarciaycia.com\/index.php?rest_route=%2Fwp%2Fv2%2Fcategories&post=1114"},{"taxonomy":"post_tag","embeddable":true,"href":"https:\/\/www.manologarciaycia.com\/index.php?rest_route=%2Fwp%2Fv2%2Ftags&post=1114"}],"curies":[{"name":"wp","href":"https:\/\/api.w.org\/{rel}","templated":true}]}}