{"id":1112,"date":"2010-11-05T09:49:00","date_gmt":"2010-11-05T08:49:00","guid":{"rendered":"http:\/\/petaos.net\/?p=1112"},"modified":"2010-11-05T09:49:00","modified_gmt":"2010-11-05T08:49:00","slug":"mg-entrevistas-radio-en-mexico","status":"publish","type":"post","link":"https:\/\/www.manologarciaycia.com\/?p=1112","title":{"rendered":"MG: Entrevistas Radio en M\u00e9xico"},"content":{"rendered":"<p>Seg\u00fan la p\u00e1gina &#8216;Oficial&#8217; de Sony BMG de Manolo Garc\u00eda, est\u00e1n programadas estas entrevistas, aunque no dicen el d\u00eda &#8230;<\/p>\n<p>&#8211; Sergio Sarmiento \u2013 Noticiero. Entrevista en Vivo (Gpo. Radio Centro) 88.1 FM<\/p>\n<p>&#8211; Susana Moscatel \u2013 Noticiero. Entrevista en Vivo (MVS Radio) 102.5 FM<\/p>\n<p>&#8211; I\u00f1aki Manero \u2013 Noticiero. Entrevista en Vivo (Grupo Acir) 88.9 FM<\/p>\n<p>&#8211; Rodrigo Glez. \u2013 Estaci\u00f3n Musical (Radio Ciudadana IMER) 660 AM<\/p>\n<p>&#8211; Los 40 principales con Alejandro Franco y Bazooka \u2013 Estaci\u00f3n Musical (Radiopolis) 101.7 FM<\/p>\n","protected":false},"excerpt":{"rendered":"<p>Seg\u00fan la p\u00e1gina &#8216;Oficial&#8217; de Sony BMG de Manolo Garc\u00eda, est\u00e1n programadas estas entrevistas, aunque no dicen el d\u00eda &#8230; &#8211; Sergio Sarmiento \u2013 Noticiero. Entrevista en Vivo (Gpo. Radio Centro) 88.1 FM &#8211; Susana Moscatel \u2013 Noticiero. Entrevista en Vivo (MVS Radio) 102.5 FM &#8211; I\u00f1aki Manero \u2013 Noticiero. Entrevista en Vivo (Grupo Acir)<a class=\"moretag\" href=\"https:\/\/www.manologarciaycia.com\/?p=1112\" title=\"MG: Entrevistas Radio en M\u00e9xico\" target=\"_self\" rel=\"follow\"> <font face=arial size=2>[Leer m\u00e1s]<\/font> <\/a><\/p>\n","protected":false},"author":2,"featured_media":0,"comment_status":"closed","ping_status":"closed","sticky":false,"template":"","format":"standard","meta":{"footnotes":""},"categories":[1],"tags":[170],"class_list":["post-1112","post","type-post","status-publish","format-standard","hentry","category-manolo-garcia","tag-manolo-garcia-entrevistas-radio-mexico"],"_links":{"self":[{"href":"https:\/\/www.manologarciaycia.com\/index.php?rest_route=\/wp\/v2\/posts\/1112","targetHints":{"allow":["GET"]}}],"collection":[{"href":"https:\/\/www.manologarciaycia.com\/index.php?rest_route=\/wp\/v2\/posts"}],"about":[{"href":"https:\/\/www.manologarciaycia.com\/index.php?rest_route=\/wp\/v2\/types\/post"}],"author":[{"embeddable":true,"href":"https:\/\/www.manologarciaycia.com\/index.php?rest_route=\/wp\/v2\/users\/2"}],"replies":[{"embeddable":true,"href":"https:\/\/www.manologarciaycia.com\/index.php?rest_route=%2Fwp%2Fv2%2Fcomments&post=1112"}],"version-history":[{"count":1,"href":"https:\/\/www.manologarciaycia.com\/index.php?rest_route=\/wp\/v2\/posts\/1112\/revisions"}],"predecessor-version":[{"id":1113,"href":"https:\/\/www.manologarciaycia.com\/index.php?rest_route=\/wp\/v2\/posts\/1112\/revisions\/1113"}],"wp:attachment":[{"href":"https:\/\/www.manologarciaycia.com\/index.php?rest_route=%2Fwp%2Fv2%2Fmedia&parent=1112"}],"wp:term":[{"taxonomy":"category","embeddable":true,"href":"https:\/\/www.manologarciaycia.com\/index.php?rest_route=%2Fwp%2Fv2%2Fcategories&post=1112"},{"taxonomy":"post_tag","embeddable":true,"href":"https:\/\/www.manologarciaycia.com\/index.php?rest_route=%2Fwp%2Fv2%2Ftags&post=1112"}],"curies":[{"name":"wp","href":"https:\/\/api.w.org\/{rel}","templated":true}]}}