{"id":1101,"date":"2010-11-02T09:09:23","date_gmt":"2010-11-02T08:09:23","guid":{"rendered":"http:\/\/petaos.net\/?p=1101"},"modified":"2010-11-02T09:10:24","modified_gmt":"2010-11-02T08:10:24","slug":"mg-manolo-garcia-dedica-de-mares-y-visiones-a-mexico","status":"publish","type":"post","link":"https:\/\/www.manologarciaycia.com\/?p=1101","title":{"rendered":"MG: Manolo Garc\u00eda dedica &#8216;De mares y visiones&#8217; a M\u00e9xico"},"content":{"rendered":"<p><img loading=\"lazy\" decoding=\"async\" class=\"alignright\" style=\"border: 2px solid black;\" src=\"http:\/\/img.informador.com.mx\/biblioteca\/imagen\/266x200\/482\/481178.jpg\" alt=\"\" width=\"266\" height=\"200\" \/>Esta es una recopilaci\u00f3n de todos sus discos que ha hecho como solista.<\/p>\n<p><strong><\/strong>El cantante espa\u00f1ol Manolo Garc\u00eda, quien se presentar\u00e1 el pr\u00f3ximo 7 de noviembre en el teatro Metrop\u00f3litan, indic\u00f3 que su \u00e1lbum\u00a0 \u00abDe mares y visiones\u00bb est\u00e1 dedicado a M\u00e9xico, por lo que s\u00f3lo saldr\u00e1 a la venta en este pa\u00eds.<\/p>\n<p>El  ex integrante del grupo El Ultimo de la Fila dijo que es la primera vez  que hace un \u00e1lbum recopilado, con 18 canciones ordenadas de manera  cronol\u00f3gica de sus discos como solista y que s\u00f3lo saldr\u00e1 a la venta en  este pa\u00eds, puesto que en su naci\u00f3n ya conocen su trabajo.<\/p>\n<p>\u00abMe  cost\u00f3 trabajo escoger el material para este disco, porque a m\u00ed me gustan  todas mis canciones, obviamente hay una, dos o tres que tienen algo  diferente, todas son lindas para m\u00ed, este disco lo hice por gusto  solamente\u00bb, subray\u00f3 el cantante.<\/p>\n<p> Fuente: Informador MX<br \/>\nIndic\u00f3 que para su concierto  cantar\u00e1 casi todos los temas de su nueva placa, adem\u00e1s de algunas de su  anterior agrupaci\u00f3n, y algunas rancheras, de las cuales se dijo  admirador.<\/p>\n<p>\u00abSi me lo permiten, cantar\u00e9 algunas rancheras,  porque me siento un poco mexicano, no quiero que suene mal, pero cuando  conoc\u00ed a Roc\u00edo D\u00farcal y escuch\u00e9 en ella las rancheras, qued\u00e9 fascinado,  sobre todo los corridos revolucionarios, son muy desgarrados y los canto  por mi gusto, por mi complacencia\u00bb, indic\u00f3.<\/p>\n<p>Sobre ese mismo g\u00e9nero musical, indic\u00f3 que le gusta mucho lo que hace Juan Gabriel, de quien dijo es un gran compositor.<\/p>\n<p>\u00abDesde  que estoy en Espa\u00f1a, en cada uno de mis conciertos interpreto una o dos  rancheras, entre mi repertorio tengo \u00abEl rey\u00bb, \u00abLuz de Luna\u00bb, \u00abCuando  yo tenga que volver\u00bb, tengo algo m\u00e1s o menos variado\u00bb, extern\u00f3.<\/p>\n<p>Adem\u00e1s,  dijo que no s\u00f3lo conoce la m\u00fasica del cantautor mexicano, sino tambi\u00e9n  lo que hacen Alejandro Fern\u00e1ndez, Vicente Fern\u00e1ndez y los nuevos  exponentes que comienzan a refrescar la escena ranchera.<\/p>\n<p>\u00abTengo  la fortuna de que por medio de mi compa\u00f1\u00eda disquera me dan discos de lo  que se hace en M\u00e9xico y no s\u00f3lo de mi disquera, sino tambi\u00e9n de otros  m\u00fasicos que se acercan y me dan \u00e1lbumes, es de esa manera que yo tengo  un acercamiento con lo nuevo\u00bb, asever\u00f3.<\/p>\n<p>\u00abDe mares y visiones\u00bb,  adem\u00e1s de ser el nombre de la placa, lo es de una de sus pinturas, la  cual cre\u00f3 en una visita a la Ciudad de M\u00e9xico en 1992, al quedar  impactado por el lugar.<\/p>\n<p>Asimismo, reconoci\u00f3 sentir una pasi\u00f3n por la cultura mexicana y su historia desde \u00e9pocas prehisp\u00e1nicas.<\/p>\n<p>Por  otro lado, el artista expres\u00f3 el gusto por hacer mancuerna con Natalia  Lafourcade dentro de una presentaci\u00f3n en el Auditorio Nacional el pasado  mi\u00e9rcoles y de volverse a presentar en dicho recinto, pero asegur\u00f3  estar feliz por cantar en el Metrop\u00f3litan.<\/p>\n<p>Por lo pronto,  Manolo Garc\u00eda s\u00f3lo har\u00e1 una presentaci\u00f3n en M\u00e9xico, y posteriormente  ver\u00e1 la posibilidad de hacer una gira por otras ciudades.<\/p>\n<p>Asimismo,  extern\u00f3 que le gustar\u00eda hacer algo con Molotov, grupo que tuvo la  oportunidad de escuchar en Sevilla, Espa\u00f1a: \u00abEs como muy rebelde, eso me  gusta, hoy despert\u00e9 con ganas de decir que con Molotov, no s\u00e9, tal vez  ma\u00f1ana cambie de opini\u00f3n, por lo pronto, es lo que me gustar\u00eda hacer\u00bb.<\/p>\n<p>Manolo  Garc\u00eda ha estado dentro de la escena musical por m\u00e1s de 30 a\u00f1os. Ha  destacado su trabajo en agrupaciones como El Ultimo de la Fila, Los  Burros, Los R\u00e1pidos y cuenta con ocho producciones en solitario, las  cuales han alcanzado Discos de Oro y Platino.<\/p>\n<p>Fuente: Informador MX &#8211; <a href=\"http:\/\/www.informador.com.mx\/entretenimiento\/2010\/245243\/6\/manolo-garcia-dedica-de-mares-y-visiones-a-mexico.htm\" target=\"_blank\">ENLACE<\/a><\/p>\n","protected":false},"excerpt":{"rendered":"<p>Esta es una recopilaci\u00f3n de todos sus discos que ha hecho como solista. El cantante espa\u00f1ol Manolo Garc\u00eda, quien se presentar\u00e1 el pr\u00f3ximo 7 de noviembre en el teatro Metrop\u00f3litan, indic\u00f3 que su \u00e1lbum\u00a0 \u00abDe mares y visiones\u00bb est\u00e1 dedicado a M\u00e9xico, por lo que s\u00f3lo saldr\u00e1 a la venta en este pa\u00eds. El ex<a class=\"moretag\" href=\"https:\/\/www.manologarciaycia.com\/?p=1101\" title=\"MG: Manolo Garc\u00eda dedica &#8216;De mares y visiones&#8217; a M\u00e9xico\" target=\"_self\" rel=\"follow\"> <font face=arial size=2>[Leer m\u00e1s]<\/font> <\/a><\/p>\n","protected":false},"author":2,"featured_media":0,"comment_status":"closed","ping_status":"closed","sticky":false,"template":"","format":"standard","meta":{"footnotes":""},"categories":[1],"tags":[168],"class_list":["post-1101","post","type-post","status-publish","format-standard","hentry","category-manolo-garcia","tag-manolo-garcia-mares-visiones-mexico-informador"],"_links":{"self":[{"href":"https:\/\/www.manologarciaycia.com\/index.php?rest_route=\/wp\/v2\/posts\/1101","targetHints":{"allow":["GET"]}}],"collection":[{"href":"https:\/\/www.manologarciaycia.com\/index.php?rest_route=\/wp\/v2\/posts"}],"about":[{"href":"https:\/\/www.manologarciaycia.com\/index.php?rest_route=\/wp\/v2\/types\/post"}],"author":[{"embeddable":true,"href":"https:\/\/www.manologarciaycia.com\/index.php?rest_route=\/wp\/v2\/users\/2"}],"replies":[{"embeddable":true,"href":"https:\/\/www.manologarciaycia.com\/index.php?rest_route=%2Fwp%2Fv2%2Fcomments&post=1101"}],"version-history":[{"count":2,"href":"https:\/\/www.manologarciaycia.com\/index.php?rest_route=\/wp\/v2\/posts\/1101\/revisions"}],"predecessor-version":[{"id":1103,"href":"https:\/\/www.manologarciaycia.com\/index.php?rest_route=\/wp\/v2\/posts\/1101\/revisions\/1103"}],"wp:attachment":[{"href":"https:\/\/www.manologarciaycia.com\/index.php?rest_route=%2Fwp%2Fv2%2Fmedia&parent=1101"}],"wp:term":[{"taxonomy":"category","embeddable":true,"href":"https:\/\/www.manologarciaycia.com\/index.php?rest_route=%2Fwp%2Fv2%2Fcategories&post=1101"},{"taxonomy":"post_tag","embeddable":true,"href":"https:\/\/www.manologarciaycia.com\/index.php?rest_route=%2Fwp%2Fv2%2Ftags&post=1101"}],"curies":[{"name":"wp","href":"https:\/\/api.w.org\/{rel}","templated":true}]}}