{"id":1084,"date":"2010-10-30T09:13:01","date_gmt":"2010-10-30T08:13:01","guid":{"rendered":"http:\/\/petaos.net\/?p=1084"},"modified":"2010-10-30T09:13:01","modified_gmt":"2010-10-30T08:13:01","slug":"mg-cantar-con-molotov-el-pecado-musical-de-manolo","status":"publish","type":"post","link":"https:\/\/www.manologarciaycia.com\/?p=1084","title":{"rendered":"MG: Cantar con Molotov, el \u00abpecado musical\u00bb de Manolo"},"content":{"rendered":"<p><img loading=\"lazy\" decoding=\"async\" class=\"alignleft size-full wp-image-1085\" title=\"Manolo_Mexico_Molotov\" src=\"http:\/\/petaos.net\/wp-content\/uploads\/2010\/10\/Manolo_Mexico_Molotov.jpg\" alt=\"Manolo_Mexico_Molotov\" width=\"270\" height=\"406\" srcset=\"https:\/\/www.manologarciaycia.com\/wp-content\/uploads\/2010\/10\/Manolo_Mexico_Molotov.jpg 450w, https:\/\/www.manologarciaycia.com\/wp-content\/uploads\/2010\/10\/Manolo_Mexico_Molotov-199x300.jpg 199w\" sizes=\"auto, (max-width: 270px) 100vw, 270px\" \/><\/p>\n<p>Aunque a priori son artistas de g\u00e9neros distintos, el \u00abturbio pasado en el punk\u00bb del cantautor espa\u00f1ol Manolo Garc\u00eda le lleva a desear una colaboraci\u00f3n con el grupo Molotov, uno de los adalides del rock mexicano m\u00e1s gamberro.<\/p>\n<p>\u00abTienen un punto de dar coces que a veces es muy necesario\u00bb, refiri\u00f3 en una charla con medios el artista, que retoma estos d\u00edas su relaci\u00f3n con M\u00e9xico con la promoci\u00f3n de un recopilatorio -exclusivo para Latinoam\u00e9rica- y un concierto en la capital.<\/p>\n<p>Fuente: EFE.<\/p>\n<p>\u00abQue no te haga bobo Jacobo\u00bb, \u00abFrijolero\u00bb y \u00abGimme the power\u00bb son algunos de los temas que el cuarteto Molotov ha popularizado en su carrera, tirando contra la discriminaci\u00f3n de los inmigrantes en EE.UU, el periodismo vendido al poder y la corrupci\u00f3n.<\/p>\n<p>La carrera de Garc\u00eda -con \u00abEl \u00faltimo de la fila\u00bb y en solitario, principalmente- ha discurrido por terrenos m\u00e1s cercanos a la poes\u00eda y la melancol\u00eda, con el rock y los sonidos \u00e9tnicos como camino.<\/p>\n<p>Para Garc\u00eda, el rock es \u00abla cremallera entre m\u00fasicas\u00bb con la que creci\u00f3 y que le permite hacer m\u00fasica. \u00abMe gusta el guitarreo duro, como Nirvana\u00bb, indic\u00f3 para sorpresa de quienes le consideraban de gustos m\u00e1s calmados.<\/p>\n<p>Como reconociendo un pecado, Garc\u00eda se re\u00eda y confesaba: \u00abHoy me he levantado con onda Molotov\u00bb. Su principal amor en la m\u00fasica mexicana no obstante, con el que siempre acaba sus conciertos, son las rancheras.<\/p>\n<p>El cantante comparti\u00f3 escenario el mi\u00e9rcoles con otra artista mexicana, Natalia Lafourcade; ambos cantaron \u00abP\u00e1jaros de barro\u00bb -del espa\u00f1ol- y \u00abCursis melod\u00edas\u00bb -de la mexicana- ante 10.000 personas en el Auditorio Nacional, durante una entrega de premios.<\/p>\n<p>Lafourcade es una de las voces j\u00f3venes m\u00e1s destacadas e inclasificables del pa\u00eds, con una mezcla de pop, rock y surrealismo a lo Bjork pero c\u00e1lido y feliz, y autora de sus propios temas.<\/p>\n<p>\u00abNatalia y yo somos parecidos a la hora de trabajar, alegres y disciplinados\u00bb, expres\u00f3 Garc\u00eda. Sus tonos de voz, a\u00f1adi\u00f3, se complementan: grave el de \u00e9l, agudo el de ella.<\/p>\n<p>Ambos se conocieron s\u00f3lo unos d\u00edas antes de la actuaci\u00f3n -comparten discogr\u00e1fica-, pero fueron a cenar juntos y conectaron musicalmente.<\/p>\n<p>El cantautor espa\u00f1ol abri\u00f3 la puerta a futuras colaboraciones discogr\u00e1ficas e invit\u00f3 a Lafourcade a que cante en algunos de sus conciertos por Espa\u00f1a, si coincide que est\u00e1 all\u00ed.<\/p>\n<p>Garc\u00eda revel\u00f3 tambi\u00e9n que el t\u00edtulo de su recopilatorio, \u00abDe mares y visiones\u00bb, proviene de un dibujo que hizo la primera vez que vino a M\u00e9xico a cantar, en los a\u00f1os noventa. La impresi\u00f3n de una ciudad de casi 20 millones de personas se la quit\u00f3 dibujando desde el piso 27 de su hotel, apunt\u00f3.<\/p>\n<p>Tras la disoluci\u00f3n de El \u00faltimo de la fila -que lleg\u00f3 a actuar en el Auditorio Nacional- Garc\u00eda se concentr\u00f3 en consolidar su carrera en Espa\u00f1a y no regres\u00f3 a M\u00e9xico hasta 2007. Entonces, ofreci\u00f3 un concierto en el Lunario, una prestigiosa sala adjunta al Auditorio con capacidad para unas 800 personas.<\/p>\n<p>En esta ocasi\u00f3n, actuar\u00e1 el 7 de noviembre en el capitalino Teatro Metropolitan, con capacidad para unas 3.000 personas. El cantautor no descarta, si el p\u00fablico mexicano as\u00ed lo pide, ampliar su presencia a otras ciudades en futuras visitas.<\/p>\n<p>Garc\u00eda -que tambi\u00e9n es pintor- declar\u00f3 su admiraci\u00f3n por artistas mexicanos como Frida Kahlo, Diego Rivera y Jos\u00e9 Clemente Orozco y dijo que parte de su estilo \u00abguerrero\u00bb y colorista est\u00e1 presente en su propia obra.<\/p>\n<p>Finalmente, apunt\u00f3 que le gustar\u00eda venir a M\u00e9xico m\u00e1s a menudo y como viajero, para poder empaparse de los olores, sabores e impresiones con los que compone sus canciones, ya que siempre viaja con agenda musical.<\/p>\n","protected":false},"excerpt":{"rendered":"<p>Aunque a priori son artistas de g\u00e9neros distintos, el \u00abturbio pasado en el punk\u00bb del cantautor espa\u00f1ol Manolo Garc\u00eda le lleva a desear una colaboraci\u00f3n con el grupo Molotov, uno de los adalides del rock mexicano m\u00e1s gamberro. \u00abTienen un punto de dar coces que a veces es muy necesario\u00bb, refiri\u00f3 en una charla con<a class=\"moretag\" href=\"https:\/\/www.manologarciaycia.com\/?p=1084\" title=\"MG: Cantar con Molotov, el \u00abpecado musical\u00bb de Manolo\" target=\"_self\" rel=\"follow\"> <font face=arial size=2>[Leer m\u00e1s]<\/font> <\/a><\/p>\n","protected":false},"author":2,"featured_media":0,"comment_status":"closed","ping_status":"closed","sticky":false,"template":"","format":"standard","meta":{"footnotes":""},"categories":[1],"tags":[165],"class_list":["post-1084","post","type-post","status-publish","format-standard","hentry","category-manolo-garcia","tag-manolo-garcia-mexico-entrevista-molotov"],"_links":{"self":[{"href":"https:\/\/www.manologarciaycia.com\/index.php?rest_route=\/wp\/v2\/posts\/1084","targetHints":{"allow":["GET"]}}],"collection":[{"href":"https:\/\/www.manologarciaycia.com\/index.php?rest_route=\/wp\/v2\/posts"}],"about":[{"href":"https:\/\/www.manologarciaycia.com\/index.php?rest_route=\/wp\/v2\/types\/post"}],"author":[{"embeddable":true,"href":"https:\/\/www.manologarciaycia.com\/index.php?rest_route=\/wp\/v2\/users\/2"}],"replies":[{"embeddable":true,"href":"https:\/\/www.manologarciaycia.com\/index.php?rest_route=%2Fwp%2Fv2%2Fcomments&post=1084"}],"version-history":[{"count":1,"href":"https:\/\/www.manologarciaycia.com\/index.php?rest_route=\/wp\/v2\/posts\/1084\/revisions"}],"predecessor-version":[{"id":1086,"href":"https:\/\/www.manologarciaycia.com\/index.php?rest_route=\/wp\/v2\/posts\/1084\/revisions\/1086"}],"wp:attachment":[{"href":"https:\/\/www.manologarciaycia.com\/index.php?rest_route=%2Fwp%2Fv2%2Fmedia&parent=1084"}],"wp:term":[{"taxonomy":"category","embeddable":true,"href":"https:\/\/www.manologarciaycia.com\/index.php?rest_route=%2Fwp%2Fv2%2Fcategories&post=1084"},{"taxonomy":"post_tag","embeddable":true,"href":"https:\/\/www.manologarciaycia.com\/index.php?rest_route=%2Fwp%2Fv2%2Ftags&post=1084"}],"curies":[{"name":"wp","href":"https:\/\/api.w.org\/{rel}","templated":true}]}}