{"id":10813,"date":"2014-11-16T07:40:14","date_gmt":"2014-11-16T06:40:14","guid":{"rendered":"http:\/\/www.manologarciaycia.com\/?p=10813"},"modified":"2014-11-17T07:34:22","modified_gmt":"2014-11-17T06:34:22","slug":"quimi-portet-traslada-su-estudio-a-musiclan-con-visita-de-manolo-garcia","status":"publish","type":"post","link":"https:\/\/www.manologarciaycia.com\/?p=10813","title":{"rendered":"Quimi Portet traslada su estudio a MusicLan, con visita de Manolo Garc\u00eda"},"content":{"rendered":"<p>Encuentro de Manolo Garc\u00eda con Quimi Portet del Viernes en MusicLan- Con motivo del traslado del estudio de Quimi Portet a los estudios de Music Lan.<\/p>\n<p>Los estudios Music Lan de Avinyonet de Puigvent\u00f3s complementan su segunda sala con los equipos de grabaci\u00f3n de Quimi Portet. Su compa\u00f1ero de El \u00daltimo de la Fila, Manolo Garc\u00eda, ha asistido a la inauguraci\u00f3n. <\/p>\n<p>Fuente: Tramuntana TV. #QuimiPortet #MusicLan #ManoloGarcia<\/p>\n","protected":false},"excerpt":{"rendered":"<p>Encuentro de Manolo Garc\u00eda con Quimi Portet del Viernes en MusicLan- Con motivo del traslado del estudio de Quimi Portet a los estudios de Music Lan. Los estudios Music Lan de Avinyonet de Puigvent\u00f3s complementan su segunda sala con los equipos de grabaci\u00f3n de Quimi Portet. Su compa\u00f1ero de El \u00daltimo de la Fila, Manolo<a class=\"moretag\" href=\"https:\/\/www.manologarciaycia.com\/?p=10813\" title=\"Quimi Portet traslada su estudio a MusicLan, con visita de Manolo Garc\u00eda\" target=\"_self\" rel=\"follow\"> <font face=arial size=2>[Leer m\u00e1s]<\/font> <\/a><\/p>\n","protected":false},"author":2,"featured_media":0,"comment_status":"closed","ping_status":"closed","sticky":false,"template":"","format":"video","meta":{"footnotes":""},"categories":[1],"tags":[],"class_list":["post-10813","post","type-post","status-publish","format-video","hentry","category-manolo-garcia","post_format-post-format-video"],"_links":{"self":[{"href":"https:\/\/www.manologarciaycia.com\/index.php?rest_route=\/wp\/v2\/posts\/10813","targetHints":{"allow":["GET"]}}],"collection":[{"href":"https:\/\/www.manologarciaycia.com\/index.php?rest_route=\/wp\/v2\/posts"}],"about":[{"href":"https:\/\/www.manologarciaycia.com\/index.php?rest_route=\/wp\/v2\/types\/post"}],"author":[{"embeddable":true,"href":"https:\/\/www.manologarciaycia.com\/index.php?rest_route=\/wp\/v2\/users\/2"}],"replies":[{"embeddable":true,"href":"https:\/\/www.manologarciaycia.com\/index.php?rest_route=%2Fwp%2Fv2%2Fcomments&post=10813"}],"version-history":[{"count":1,"href":"https:\/\/www.manologarciaycia.com\/index.php?rest_route=\/wp\/v2\/posts\/10813\/revisions"}],"predecessor-version":[{"id":10814,"href":"https:\/\/www.manologarciaycia.com\/index.php?rest_route=\/wp\/v2\/posts\/10813\/revisions\/10814"}],"wp:attachment":[{"href":"https:\/\/www.manologarciaycia.com\/index.php?rest_route=%2Fwp%2Fv2%2Fmedia&parent=10813"}],"wp:term":[{"taxonomy":"category","embeddable":true,"href":"https:\/\/www.manologarciaycia.com\/index.php?rest_route=%2Fwp%2Fv2%2Fcategories&post=10813"},{"taxonomy":"post_tag","embeddable":true,"href":"https:\/\/www.manologarciaycia.com\/index.php?rest_route=%2Fwp%2Fv2%2Ftags&post=10813"}],"curies":[{"name":"wp","href":"https:\/\/api.w.org\/{rel}","templated":true}]}}