{"id":108,"date":"2009-11-16T11:26:38","date_gmt":"2009-11-16T10:26:38","guid":{"rendered":"http:\/\/petaos.net\/?p=108"},"modified":"2009-11-16T11:35:06","modified_gmt":"2009-11-16T10:35:06","slug":"concierto-homenaje-enrique-urquijo","status":"publish","type":"post","link":"https:\/\/www.manologarciaycia.com\/?p=108","title":{"rendered":"Concierto Homenaje Enrique Urquijo"},"content":{"rendered":"<div style=\"width: 210px\" class=\"wp-caption alignright\"><img loading=\"lazy\" decoding=\"async\" title=\"Enrique Urquiko\" src=\"http:\/\/profile.ak.fbcdn.net\/object2\/942\/54\/n197151231290_1137.jpg\" alt=\"Enrique Urquiko\" width=\"200\" height=\"328\" \/><p class=\"wp-caption-text\">Enrique Urquijo<\/p><\/div>\n<p><strong>Tipo: <\/strong>M\u00fasica\/Arte &#8211; Actuaci\u00f3n<br \/>\n<strong>Fecha\/Hora:<\/strong> Mi\u00e9rcoles 18\/11\/09 &#8211; 23:00<br \/>\n<strong>Lugar:<\/strong> MARMARA (Padre Dami\u00e1n, 23 Edif. Eurobuilding MADRID)<br \/>\n<strong>Descripci\u00f3n:<\/strong> <em>HOMENAJE A ENRIQUE URQUIJO AL CUMPLIRSE 10 A\u00d1OS DE SU FALLECIMIENTO.<\/em><\/p>\n<p style=\"text-align: center;\"><em><strong>\u00ab10 A\u00d1OS CONTIGO\u00bb<\/strong><\/em><\/p>\n<p style=\"text-align: center;\"><em><strong>ACTUACION DE: ESTUDIO 80<\/strong><\/em><\/p>\n<p>Con la participaci\u00f3n, entre otros, de grandes artistas de la Edad de Oro del Pop Espa\u00f1ol:<\/p>\n<p>&#8211; CADILLAC (Jos\u00e9 M\u00aa Guzm\u00e1n, Pedro S\u00e1nchez y Eduardo Ram\u00edrez)<br \/>\n&#8211; Alex de la Nuez (LOS ZOMBIES)<br \/>\n&#8211; Nacho Campillo (TAM TAM GO)<br \/>\n&#8211; <em><strong>Ricardo Mar\u00edn (EL ULTIMO DE LA FILA)&#8230; <\/strong><\/em><em><strong><br \/>\n<\/strong><\/em><\/p>\n<p>ENTRADA LIBRE HASTA CUBRIR AFORO. LAS PUERTAS SE ABRIR\u00c1N A LAS 23 HORAS.<\/p>\n<p>Fuente: Facebook &#8211; <a href=\"http:\/\/www.facebook.com\/event.php?eid=197151231290&amp;ref=nf\" target=\"_blank\">ENLACE<\/a><\/p>\n","protected":false},"excerpt":{"rendered":"<p>Tipo: M\u00fasica\/Arte &#8211; Actuaci\u00f3n Fecha\/Hora: Mi\u00e9rcoles 18\/11\/09 &#8211; 23:00 Lugar: MARMARA (Padre Dami\u00e1n, 23 Edif. Eurobuilding MADRID) Descripci\u00f3n: HOMENAJE A ENRIQUE URQUIJO AL CUMPLIRSE 10 A\u00d1OS DE SU FALLECIMIENTO. \u00ab10 A\u00d1OS CONTIGO\u00bb ACTUACION DE: ESTUDIO 80 Con la participaci\u00f3n, entre otros, de grandes artistas de la Edad de Oro del Pop Espa\u00f1ol: &#8211; CADILLAC (Jos\u00e9<a class=\"moretag\" href=\"https:\/\/www.manologarciaycia.com\/?p=108\" title=\"Concierto Homenaje Enrique Urquijo\" target=\"_self\" rel=\"follow\"> <font face=arial size=2>[Leer m\u00e1s]<\/font> <\/a><\/p>\n","protected":false},"author":2,"featured_media":0,"comment_status":"closed","ping_status":"open","sticky":false,"template":"","format":"standard","meta":{"footnotes":""},"categories":[3,23],"tags":[32],"class_list":["post-108","post","type-post","status-publish","format-standard","hentry","category-el-ultimo-de-la-fila","category-otros","tag-concierto-enrique-urquijo-ricardo-marin-ultimo-fila"],"_links":{"self":[{"href":"https:\/\/www.manologarciaycia.com\/index.php?rest_route=\/wp\/v2\/posts\/108","targetHints":{"allow":["GET"]}}],"collection":[{"href":"https:\/\/www.manologarciaycia.com\/index.php?rest_route=\/wp\/v2\/posts"}],"about":[{"href":"https:\/\/www.manologarciaycia.com\/index.php?rest_route=\/wp\/v2\/types\/post"}],"author":[{"embeddable":true,"href":"https:\/\/www.manologarciaycia.com\/index.php?rest_route=\/wp\/v2\/users\/2"}],"replies":[{"embeddable":true,"href":"https:\/\/www.manologarciaycia.com\/index.php?rest_route=%2Fwp%2Fv2%2Fcomments&post=108"}],"version-history":[{"count":6,"href":"https:\/\/www.manologarciaycia.com\/index.php?rest_route=\/wp\/v2\/posts\/108\/revisions"}],"predecessor-version":[{"id":115,"href":"https:\/\/www.manologarciaycia.com\/index.php?rest_route=\/wp\/v2\/posts\/108\/revisions\/115"}],"wp:attachment":[{"href":"https:\/\/www.manologarciaycia.com\/index.php?rest_route=%2Fwp%2Fv2%2Fmedia&parent=108"}],"wp:term":[{"taxonomy":"category","embeddable":true,"href":"https:\/\/www.manologarciaycia.com\/index.php?rest_route=%2Fwp%2Fv2%2Fcategories&post=108"},{"taxonomy":"post_tag","embeddable":true,"href":"https:\/\/www.manologarciaycia.com\/index.php?rest_route=%2Fwp%2Fv2%2Ftags&post=108"}],"curies":[{"name":"wp","href":"https:\/\/api.w.org\/{rel}","templated":true}]}}