{"id":10787,"date":"2014-11-14T08:04:25","date_gmt":"2014-11-14T07:04:25","guid":{"rendered":"http:\/\/www.manologarciaycia.com\/?p=10787"},"modified":"2014-11-14T08:04:25","modified_gmt":"2014-11-14T07:04:25","slug":"miercoles-19-amics-del-cabaret-electric-con-manolo-garcia","status":"publish","type":"post","link":"https:\/\/www.manologarciaycia.com\/?p=10787","title":{"rendered":"Mi\u00e9rcoles 19 Amics del Cabaret El\u00e8ctric con Manolo Garc\u00eda"},"content":{"rendered":"<p>El mi\u00e9rcoles 19 de noviembre programa especial de Amics del Cabaret El\u00e8ctric d&#8217;iCat FM en la Llibreria Laietana con invitados de lujo como Manolo Garc\u00eda que vendr\u00e1 a contarnos sus lecturas favoritas; y habr\u00e1 vermut!  <\/p>\n<p>Si desea compartir con nosotros esta experiencia, de 21 a 22h, en la librer\u00eda de la Calle Pau Claris, 85 escr\u00edbenos a cabaretelectric@icat.cat<\/p>\n<p>Fuente: Facebook de Amics del Cabaret El\u00e8ctric d&#8217;iCat FM &#8211; <a href=\"https:\/\/www.facebook.com\/cabaretelectric\" target=\"_blank\">ENLACE<\/a><\/p>\n","protected":false},"excerpt":{"rendered":"<p>El mi\u00e9rcoles 19 de noviembre programa especial de Amics del Cabaret El\u00e8ctric d&#8217;iCat FM en la Llibreria Laietana con invitados de lujo como Manolo Garc\u00eda que vendr\u00e1 a contarnos sus lecturas favoritas; y habr\u00e1 vermut! Si desea compartir con nosotros esta experiencia, de 21 a 22h, en la librer\u00eda de la Calle Pau Claris, 85<a class=\"moretag\" href=\"https:\/\/www.manologarciaycia.com\/?p=10787\" title=\"Mi\u00e9rcoles 19 Amics del Cabaret El\u00e8ctric con Manolo Garc\u00eda\" target=\"_self\" rel=\"follow\"> <font face=arial size=2>[Leer m\u00e1s]<\/font> <\/a><\/p>\n","protected":false},"author":2,"featured_media":10788,"comment_status":"closed","ping_status":"closed","sticky":false,"template":"","format":"standard","meta":{"footnotes":""},"categories":[1],"tags":[],"class_list":["post-10787","post","type-post","status-publish","format-standard","has-post-thumbnail","hentry","category-manolo-garcia"],"_links":{"self":[{"href":"https:\/\/www.manologarciaycia.com\/index.php?rest_route=\/wp\/v2\/posts\/10787","targetHints":{"allow":["GET"]}}],"collection":[{"href":"https:\/\/www.manologarciaycia.com\/index.php?rest_route=\/wp\/v2\/posts"}],"about":[{"href":"https:\/\/www.manologarciaycia.com\/index.php?rest_route=\/wp\/v2\/types\/post"}],"author":[{"embeddable":true,"href":"https:\/\/www.manologarciaycia.com\/index.php?rest_route=\/wp\/v2\/users\/2"}],"replies":[{"embeddable":true,"href":"https:\/\/www.manologarciaycia.com\/index.php?rest_route=%2Fwp%2Fv2%2Fcomments&post=10787"}],"version-history":[{"count":1,"href":"https:\/\/www.manologarciaycia.com\/index.php?rest_route=\/wp\/v2\/posts\/10787\/revisions"}],"predecessor-version":[{"id":10789,"href":"https:\/\/www.manologarciaycia.com\/index.php?rest_route=\/wp\/v2\/posts\/10787\/revisions\/10789"}],"wp:featuredmedia":[{"embeddable":true,"href":"https:\/\/www.manologarciaycia.com\/index.php?rest_route=\/wp\/v2\/media\/10788"}],"wp:attachment":[{"href":"https:\/\/www.manologarciaycia.com\/index.php?rest_route=%2Fwp%2Fv2%2Fmedia&parent=10787"}],"wp:term":[{"taxonomy":"category","embeddable":true,"href":"https:\/\/www.manologarciaycia.com\/index.php?rest_route=%2Fwp%2Fv2%2Fcategories&post=10787"},{"taxonomy":"post_tag","embeddable":true,"href":"https:\/\/www.manologarciaycia.com\/index.php?rest_route=%2Fwp%2Fv2%2Ftags&post=10787"}],"curies":[{"name":"wp","href":"https:\/\/api.w.org\/{rel}","templated":true}]}}