{"id":10783,"date":"2014-11-14T07:55:09","date_gmt":"2014-11-14T06:55:09","guid":{"rendered":"http:\/\/www.manologarciaycia.com\/?p=10783"},"modified":"2014-11-18T14:52:52","modified_gmt":"2014-11-18T13:52:52","slug":"manolo-garcia-adria-punti-e-ivette-nadal-en-la-gran-evasio-cadenaser","status":"publish","type":"post","link":"https:\/\/www.manologarciaycia.com\/?p=10783","title":{"rendered":"Manolo Garc\u00eda, Adri\u00e0 Punt\u00ed e Ivette Nadal en \u00abLa Gran Evasi\u00f3\u00bb CadenaSer"},"content":{"rendered":"<p>Vuelve \u00abLa Gran Evasi\u00f3\u00bb! Ven al programa que grabaremos en el estudi Toreski de R\u00e0dio Barcelona el jueves 27 de noviembre a las 18:00. <\/p>\n<p>Entrevistaremos a Manolo Garc\u00eda, que nos presentara su nuevo disco \u00abTodo es ahora\u00bb.<\/p>\n<p>Invitaciones AGOTADAS <a href=\"https:\/\/www.ticketea.com\/la-gran-evasio-en-directe-a-radio-barcelona\/\" target=\"_blank\">ENLACE<\/a><\/p>\n<p>Fuente: Cadena Ser &#8211; Radio Barcelona &#8211; <a href=\"http:\/\/cadenaser.com\/emisora\/2014\/11\/12\/radio_barcelona\/1415810406_733272.html\" target=\"_blank\">ENLACE<\/a><\/p>\n","protected":false},"excerpt":{"rendered":"<p>Vuelve \u00abLa Gran Evasi\u00f3\u00bb! Ven al programa que grabaremos en el estudi Toreski de R\u00e0dio Barcelona el jueves 27 de noviembre a las 18:00. Entrevistaremos a Manolo Garc\u00eda, que nos presentara su nuevo disco \u00abTodo es ahora\u00bb. Invitaciones AGOTADAS ENLACE Fuente: Cadena Ser &#8211; Radio Barcelona &#8211; ENLACE<a class=\"moretag\" href=\"https:\/\/www.manologarciaycia.com\/?p=10783\" title=\"Manolo Garc\u00eda, Adri\u00e0 Punt\u00ed e Ivette Nadal en \u00abLa Gran Evasi\u00f3\u00bb CadenaSer\" target=\"_self\" rel=\"follow\"> <font face=arial size=2>[Leer m\u00e1s]<\/font> <\/a><\/p>\n","protected":false},"author":2,"featured_media":10786,"comment_status":"closed","ping_status":"closed","sticky":false,"template":"","format":"standard","meta":{"footnotes":""},"categories":[1],"tags":[],"class_list":["post-10783","post","type-post","status-publish","format-standard","has-post-thumbnail","hentry","category-manolo-garcia"],"_links":{"self":[{"href":"https:\/\/www.manologarciaycia.com\/index.php?rest_route=\/wp\/v2\/posts\/10783","targetHints":{"allow":["GET"]}}],"collection":[{"href":"https:\/\/www.manologarciaycia.com\/index.php?rest_route=\/wp\/v2\/posts"}],"about":[{"href":"https:\/\/www.manologarciaycia.com\/index.php?rest_route=\/wp\/v2\/types\/post"}],"author":[{"embeddable":true,"href":"https:\/\/www.manologarciaycia.com\/index.php?rest_route=\/wp\/v2\/users\/2"}],"replies":[{"embeddable":true,"href":"https:\/\/www.manologarciaycia.com\/index.php?rest_route=%2Fwp%2Fv2%2Fcomments&post=10783"}],"version-history":[{"count":3,"href":"https:\/\/www.manologarciaycia.com\/index.php?rest_route=\/wp\/v2\/posts\/10783\/revisions"}],"predecessor-version":[{"id":10853,"href":"https:\/\/www.manologarciaycia.com\/index.php?rest_route=\/wp\/v2\/posts\/10783\/revisions\/10853"}],"wp:featuredmedia":[{"embeddable":true,"href":"https:\/\/www.manologarciaycia.com\/index.php?rest_route=\/wp\/v2\/media\/10786"}],"wp:attachment":[{"href":"https:\/\/www.manologarciaycia.com\/index.php?rest_route=%2Fwp%2Fv2%2Fmedia&parent=10783"}],"wp:term":[{"taxonomy":"category","embeddable":true,"href":"https:\/\/www.manologarciaycia.com\/index.php?rest_route=%2Fwp%2Fv2%2Fcategories&post=10783"},{"taxonomy":"post_tag","embeddable":true,"href":"https:\/\/www.manologarciaycia.com\/index.php?rest_route=%2Fwp%2Fv2%2Ftags&post=10783"}],"curies":[{"name":"wp","href":"https:\/\/api.w.org\/{rel}","templated":true}]}}