{"id":10723,"date":"2014-11-06T19:22:29","date_gmt":"2014-11-06T18:22:29","guid":{"rendered":"http:\/\/www.manologarciaycia.com\/?p=10723"},"modified":"2014-11-06T19:24:28","modified_gmt":"2014-11-06T18:24:28","slug":"carpe-diem-manolo-garcia-en-cadena-dial","status":"publish","type":"post","link":"https:\/\/www.manologarciaycia.com\/?p=10723","title":{"rendered":"Carpe Diem! Manolo Garc\u00eda, en Cadena Dial"},"content":{"rendered":"<p>Charlamos con Manolo Garc\u00eda con motivo de la publicaci\u00f3n de su \u00faltimo \u00e1lbum, el n\u00famero 6 de Manolo en solitario, al margen de su actividad con El \u00faltimo de la fila. Todo es ahora es, seg\u00fan su autor, una aut\u00e9ntica declaraci\u00f3n de principios.<\/p>\n<p>Charlamos con Manolo Garc\u00eda con motivo de la publicaci\u00f3n de su \u00faltimo \u00e1lbum, el n\u00famero 6 de Manolo en solitario, al margen de su actividad con El \u00faltimo de la fila. Todo es ahora es, seg\u00fan su autor, una aut\u00e9ntica declaraci\u00f3n de principios.<\/p>\n<p>El autor ha elegido para la trabajar en este  proyecto dos ambientes bien distintos, antag\u00f3nicos:  el estudio Music Lan (Avinyonet de Puigvent\u00f3s, Girona) y  Nueva York.<\/p>\n<p>Desde el pasado oto\u00f1o 2013, Manolo Garc\u00eda trabaj\u00f3 intermitentemente en nuevas canciones en el estudio Music Lan (Avinyonet de Puigvent\u00f3s, Girona). Despu\u00e9s march\u00f3 a un estudio del estado de Nueva York. Grabado a la antigua usanza, tocando toda la banda a la vez, en el Clubhouse Studio, en Rhinebeck, Manolo Garc\u00eda ha trabajado con dos grupos diferentes formados por m\u00fasicos veteranos de la escena local, entre los que se encuentra la banda habitual de David Bowie y tambi\u00e9n de grabaciones de artistas de la talla de Lenny Kravitz, Patti Smith, B-52\u2019s o John Lennon. Un resultado que convierte al nuevo trabajo del barcelon\u00e9s en uno de sus discos m\u00e1s consistentes y roqueros.<\/p>\n<p>En su p\u00e1gina web hay colgada una fotogaler\u00eda con algunas instant\u00e1neas del m\u00fasico en el estudio de grabaci\u00f3n. Un lugar buc\u00f3lico donde se respira tranquilidad y calma, ideales para la creaci\u00f3n de su sexto disco.<\/p>\n<p>Entre las colaboraciones de lujo de su futuro \u00e1lbum se encuentran la de la guitarra de Juan Manuel Ca\u00f1izares, quien ya colaborase con \u00abEl \u00daltimo de la Fila\u00bb en los inicios de la banda, o los teclados de Mike Garson, otro m\u00fasico de la tribu de Bowie.<\/p>\n<p>Manolo sigue compaginando la m\u00fasica con la pintura. Su \u00faltima exposici\u00f3n la acogi\u00f3 la  Galer\u00eda Aritza de Bilbao bajo el t\u00edtulo \u201cMiscel\u00e1nea\u201d.<\/p>\n<div id='gallery-1' class='gallery galleryid-10723 gallery-columns-3 gallery-size-thumbnail'><dl class='gallery-item'>\n\t\t\t<dt class='gallery-icon landscape'>\n\t\t\t\t<a class='swipebox' href='https:\/\/www.manologarciaycia.com\/wp-content\/uploads\/2014\/11\/MG_CD_1.jpg'><img loading=\"lazy\" decoding=\"async\" width=\"150\" height=\"150\" src=\"https:\/\/www.manologarciaycia.com\/wp-content\/uploads\/2014\/11\/MG_CD_1-150x150.jpg\" class=\"attachment-thumbnail size-thumbnail\" alt=\"\" \/><\/a>\n\t\t\t<\/dt><\/dl><dl class='gallery-item'>\n\t\t\t<dt class='gallery-icon landscape'>\n\t\t\t\t<a class='swipebox' href='https:\/\/www.manologarciaycia.com\/wp-content\/uploads\/2014\/11\/MG_CD_2.jpg'><img loading=\"lazy\" decoding=\"async\" width=\"150\" height=\"150\" src=\"https:\/\/www.manologarciaycia.com\/wp-content\/uploads\/2014\/11\/MG_CD_2-150x150.jpg\" class=\"attachment-thumbnail size-thumbnail\" alt=\"\" \/><\/a>\n\t\t\t<\/dt><\/dl><dl class='gallery-item'>\n\t\t\t<dt class='gallery-icon landscape'>\n\t\t\t\t<a class='swipebox' href='https:\/\/www.manologarciaycia.com\/wp-content\/uploads\/2014\/11\/MG_CD_3.jpg'><img loading=\"lazy\" decoding=\"async\" width=\"150\" height=\"150\" src=\"https:\/\/www.manologarciaycia.com\/wp-content\/uploads\/2014\/11\/MG_CD_3-150x150.jpg\" class=\"attachment-thumbnail size-thumbnail\" alt=\"\" \/><\/a>\n\t\t\t<\/dt><\/dl><br style=\"clear: both\" \/><dl class='gallery-item'>\n\t\t\t<dt class='gallery-icon landscape'>\n\t\t\t\t<a class='swipebox' href='https:\/\/www.manologarciaycia.com\/wp-content\/uploads\/2014\/11\/MG_CD_4.jpg'><img loading=\"lazy\" decoding=\"async\" width=\"150\" height=\"150\" src=\"https:\/\/www.manologarciaycia.com\/wp-content\/uploads\/2014\/11\/MG_CD_4-150x150.jpg\" class=\"attachment-thumbnail size-thumbnail\" alt=\"\" \/><\/a>\n\t\t\t<\/dt><\/dl><dl class='gallery-item'>\n\t\t\t<dt class='gallery-icon landscape'>\n\t\t\t\t<a class='swipebox' href='https:\/\/www.manologarciaycia.com\/wp-content\/uploads\/2014\/11\/MG_CD_5.jpg'><img loading=\"lazy\" decoding=\"async\" width=\"150\" height=\"150\" src=\"https:\/\/www.manologarciaycia.com\/wp-content\/uploads\/2014\/11\/MG_CD_5-150x150.jpg\" class=\"attachment-thumbnail size-thumbnail\" alt=\"\" \/><\/a>\n\t\t\t<\/dt><\/dl>\n\t\t\t<br style='clear: both' \/>\n\t\t<\/div>\n\n<p>Fuente: Cadena Dial &#8211; N\u00faria Serena &#8211; <a href=\"http:\/\/www.cadenadial.com\/2014\/carpe-diem-manolo-garcia-35415.html\" target=\"_blank\">ENLACE<\/a> (ver\u00e1s un v\u00eddeo con mini-entrevista)<\/p>\n","protected":false},"excerpt":{"rendered":"<p>Charlamos con Manolo Garc\u00eda con motivo de la publicaci\u00f3n de su \u00faltimo \u00e1lbum, el n\u00famero 6 de Manolo en solitario, al margen de su actividad con El \u00faltimo de la fila. Todo es ahora es, seg\u00fan su autor, una aut\u00e9ntica declaraci\u00f3n de principios. Charlamos con Manolo Garc\u00eda con motivo de la publicaci\u00f3n de su \u00faltimo<a class=\"moretag\" href=\"https:\/\/www.manologarciaycia.com\/?p=10723\" title=\"Carpe Diem! Manolo Garc\u00eda, en Cadena Dial\" target=\"_self\" rel=\"follow\"> <font face=arial size=2>[Leer m\u00e1s]<\/font> <\/a><\/p>\n","protected":false},"author":2,"featured_media":0,"comment_status":"closed","ping_status":"closed","sticky":false,"template":"","format":"gallery","meta":{"footnotes":""},"categories":[1],"tags":[],"class_list":["post-10723","post","type-post","status-publish","format-gallery","hentry","category-manolo-garcia","post_format-post-format-gallery"],"_links":{"self":[{"href":"https:\/\/www.manologarciaycia.com\/index.php?rest_route=\/wp\/v2\/posts\/10723","targetHints":{"allow":["GET"]}}],"collection":[{"href":"https:\/\/www.manologarciaycia.com\/index.php?rest_route=\/wp\/v2\/posts"}],"about":[{"href":"https:\/\/www.manologarciaycia.com\/index.php?rest_route=\/wp\/v2\/types\/post"}],"author":[{"embeddable":true,"href":"https:\/\/www.manologarciaycia.com\/index.php?rest_route=\/wp\/v2\/users\/2"}],"replies":[{"embeddable":true,"href":"https:\/\/www.manologarciaycia.com\/index.php?rest_route=%2Fwp%2Fv2%2Fcomments&post=10723"}],"version-history":[{"count":3,"href":"https:\/\/www.manologarciaycia.com\/index.php?rest_route=\/wp\/v2\/posts\/10723\/revisions"}],"predecessor-version":[{"id":10732,"href":"https:\/\/www.manologarciaycia.com\/index.php?rest_route=\/wp\/v2\/posts\/10723\/revisions\/10732"}],"wp:attachment":[{"href":"https:\/\/www.manologarciaycia.com\/index.php?rest_route=%2Fwp%2Fv2%2Fmedia&parent=10723"}],"wp:term":[{"taxonomy":"category","embeddable":true,"href":"https:\/\/www.manologarciaycia.com\/index.php?rest_route=%2Fwp%2Fv2%2Fcategories&post=10723"},{"taxonomy":"post_tag","embeddable":true,"href":"https:\/\/www.manologarciaycia.com\/index.php?rest_route=%2Fwp%2Fv2%2Ftags&post=10723"}],"curies":[{"name":"wp","href":"https:\/\/api.w.org\/{rel}","templated":true}]}}