{"id":1071,"date":"2010-10-28T13:45:37","date_gmt":"2010-10-28T12:45:37","guid":{"rendered":"http:\/\/petaos.net\/?p=1071"},"modified":"2010-10-28T13:45:37","modified_gmt":"2010-10-28T12:45:37","slug":"mg-duetos-memorables-en-las-lunas-del-auditorio","status":"publish","type":"post","link":"https:\/\/www.manologarciaycia.com\/?p=1071","title":{"rendered":"MG: Duetos memorables en las lunas del Auditorio"},"content":{"rendered":"<p>En una noche llena de luminarias, la gran triunfadora fue la m\u00fasica en sus diversos g\u00e9neros y estilos.<\/p>\n<p>La noche fue plet\u00f3rica para que las Lunas del Auditorio 2010 tuvieran, como platillo principal, tres duetos de alto calibre: Diego Torres con Reyli, Natalia Lafourcade haciendo los honores al espa\u00f1ol Manolo Garc\u00eda, y la inconfundible voz de la tijuanense Julieta Venegas con el rockero argentino Fito P\u00e1ez.<\/p>\n<p>La velada inici\u00f3 a las 20:45 horas con la presencia de Andr\u00e9s Calamaro, quien siempre rockero y complaciente agasaj\u00f3, como s\u00f3lo \u00e9l sabe hacerlo, a su p\u00fablico azteca. \u201cSin el \u00e1nimo de interrumpir y quitar las palabras de los colegas ganadores, quiero decirles que hoy cant\u00e9 \u2018El Salm\u00f3n\u2019, rola de hace m\u00e1s de 10 a\u00f1os y que va contra la corriente. Tambi\u00e9n cant\u00e9 un cover de los Rolling Stones y al fi nal, \u2018Digan lo que Digan\u2019, de Raphael\u201d, expres\u00f3 el argentino.<\/p>\n<p> Fuente: Record.com.mx<\/p>\n<p>Minutos despu\u00e9s surgi\u00f3 la presencia de Raphael, con su sonido vern\u00e1culo en la interpretaci\u00f3n de \u2018La Jaula de Oro\u2019, para momentos m\u00e1s tarde dar paso a la lucidora presentaci\u00f3n de La Arrolladora Banda El Lim\u00f3n, ganadores en la categor\u00eda de M\u00fasica Grupera.<\/p>\n<p>COLABORACIONES IN\u00c9DITAS<\/p>\n<p>Cuando lleg\u00f3 el turno de Diego Torres, cant\u00f3 su nuevo sencillo \u2018Mi Coraz\u00f3n se fue\u2019, quien agradeci\u00f3 el estar en este evento y compartir con todo el p\u00fablico. Seguido de esto, interpret\u00f3 con Reyli su tema \u2018La Descarada\u2019, y apunt\u00f3: \u201cSiempre tuve el sue\u00f1o de cantar con Reyli, y esta noche lo cumplimos. Estar\u00e9 en su nuevo disco de duetos, cantando esta canci\u00f3n\u201d, indic\u00f3 Torres.<\/p>\n<p>Minutos m\u00e1s tarde, Natalia Lafourcade y Manolo Garc\u00eda salieron al escenario para presentar \u2018Pajaros de Barro\u2019, original de Garc\u00eda, para luego dar paso a \u2018Dulces Melod\u00edas\u2019, original de Lafourcade, en la cual fueron acompa\u00f1ados por un guitarrista, d\u00e1ndole el toque rom\u00e1ntico a la noche.<\/p>\n<p>Finalmente, en lo que fue el esperado regreso de Julieta Venegas a los escenarios, luego de ser madre, la cantante prest\u00f3 su tema \u2018Bien o Mal\u2019 para que, con acorde\u00f3n en mano y Fito P\u00e1ez al piano, dieran una nueva versi\u00f3n a este sencillo de su m\u00e1s reciente disco.<\/p>\n<p>As\u00ed, estos tres duetos in\u00e9ditos hicieron lucir el talento de los artistas en una noche que destac\u00f3 por la presencia de luminarias y el triunfo del lenguaje universal: la m\u00fasica.<\/p>\n<p><strong>Noche de Lunas y estrellas en el Auditorio<\/strong><\/p>\n<p>Joaqu\u00edn Cort\u00e9s, Ely Guerra y A Chorus Line desfilaron antes de la ceremonia de premiaci\u00f3n<\/p>\n<p>Con una inmensa alfombra roja de casi 100 metros de largo y diversas luminarias deambulando por ella, se vivieron las horas previas a la premiaci\u00f3n a las Lunas del Auditorio 2010.<\/p>\n<p>Natalia Lafourcade y Manolo Garc\u00eda, m\u00fasicos que esta noche participaron con un dueto, explicaron su actuaci\u00f3n y la cantautora adelant\u00f3 que cerrar\u00e1 el a\u00f1o tocando un set de jazz.<\/p>\n<p>\u201cEsta noche vamos a hacer un set ac\u00fastico muy especial, la banda de Manolo y un integrante de la m\u00eda van a estar con nosotros\u201d, expres\u00f3 Natalia Lafourcade, y Manolo Garc\u00eda agreg\u00f3: \u201cEs un honor para m\u00ed, a Natalia la quiere todo mundo, en Espa\u00f1a yo no soy mucho de hacer duetos, realic\u00e9 pocos y no por falta de ganas, sino porque la cosa vino as\u00ed. Esta noche vamos a tocar \u2018Dulces Melod\u00edas\u2019, que es de ella, y \u2018Pajaros de Barro\u2019 que es m\u00edo. Ojal\u00e1 ella pueda estar conmigo en el Metrop\u00f3litan\u201d, invit\u00f3 el compositor.<\/p>\n<p>Por su parte, la cantante mexicana adelant\u00f3 ayer por la noche que cerrar\u00e1 el a\u00f1o cumpliendo un gran sue\u00f1o.<\/p>\n<p>\u201cVoy a hacer una corta temporada en \u2018El 5\u2019, ser\u00e1 con un set de jazz; estar\u00e9 tocando la \u00faltima semana de noviembre y las tres primeras de diciembre, todos los martes. Ser\u00e1 un show de jazz con un concepto distinto a lo que siempre hago, al que tocar\u00e9 algunas reversiones m\u00edas, otros temas conocidos y tendr\u00e9 invitados\u201d, se\u00f1al\u00f3 la cantante.<\/p>\n<p>Durante la alfombra roja se vivieron las presencias de la cantante Ely Guerra, la actriz Cecilia Su\u00e1rez, el productor Pedro Dami\u00e1n y la cantautora Julieta Venegas, as\u00ed como otras personalidades del mundo del espect\u00e1culo.<\/p>\n","protected":false},"excerpt":{"rendered":"<p>En una noche llena de luminarias, la gran triunfadora fue la m\u00fasica en sus diversos g\u00e9neros y estilos. La noche fue plet\u00f3rica para que las Lunas del Auditorio 2010 tuvieran, como platillo principal, tres duetos de alto calibre: Diego Torres con Reyli, Natalia Lafourcade haciendo los honores al espa\u00f1ol Manolo Garc\u00eda, y la inconfundible voz<a class=\"moretag\" href=\"https:\/\/www.manologarciaycia.com\/?p=1071\" title=\"MG: Duetos memorables en las lunas del Auditorio\" target=\"_self\" rel=\"follow\"> <font face=arial size=2>[Leer m\u00e1s]<\/font> <\/a><\/p>\n","protected":false},"author":2,"featured_media":0,"comment_status":"closed","ping_status":"closed","sticky":false,"template":"","format":"standard","meta":{"footnotes":""},"categories":[1],"tags":[161],"class_list":["post-1071","post","type-post","status-publish","format-standard","hentry","category-manolo-garcia","tag-manolo-garcia-lunas-auditorio-mexico"],"_links":{"self":[{"href":"https:\/\/www.manologarciaycia.com\/index.php?rest_route=\/wp\/v2\/posts\/1071","targetHints":{"allow":["GET"]}}],"collection":[{"href":"https:\/\/www.manologarciaycia.com\/index.php?rest_route=\/wp\/v2\/posts"}],"about":[{"href":"https:\/\/www.manologarciaycia.com\/index.php?rest_route=\/wp\/v2\/types\/post"}],"author":[{"embeddable":true,"href":"https:\/\/www.manologarciaycia.com\/index.php?rest_route=\/wp\/v2\/users\/2"}],"replies":[{"embeddable":true,"href":"https:\/\/www.manologarciaycia.com\/index.php?rest_route=%2Fwp%2Fv2%2Fcomments&post=1071"}],"version-history":[{"count":3,"href":"https:\/\/www.manologarciaycia.com\/index.php?rest_route=\/wp\/v2\/posts\/1071\/revisions"}],"predecessor-version":[{"id":1074,"href":"https:\/\/www.manologarciaycia.com\/index.php?rest_route=\/wp\/v2\/posts\/1071\/revisions\/1074"}],"wp:attachment":[{"href":"https:\/\/www.manologarciaycia.com\/index.php?rest_route=%2Fwp%2Fv2%2Fmedia&parent=1071"}],"wp:term":[{"taxonomy":"category","embeddable":true,"href":"https:\/\/www.manologarciaycia.com\/index.php?rest_route=%2Fwp%2Fv2%2Fcategories&post=1071"},{"taxonomy":"post_tag","embeddable":true,"href":"https:\/\/www.manologarciaycia.com\/index.php?rest_route=%2Fwp%2Fv2%2Ftags&post=1071"}],"curies":[{"name":"wp","href":"https:\/\/api.w.org\/{rel}","templated":true}]}}