{"id":10689,"date":"2014-10-30T11:53:50","date_gmt":"2014-10-30T10:53:50","guid":{"rendered":"http:\/\/www.manologarciaycia.com\/?p=10689"},"modified":"2014-10-30T16:39:08","modified_gmt":"2014-10-30T15:39:08","slug":"un-ciudadano-llamado-manolo-garcia","status":"publish","type":"post","link":"https:\/\/www.manologarciaycia.com\/?p=10689","title":{"rendered":"Un ciudadano llamado Manolo Garc\u00eda. Esquire (Carlos H. V\u00e1zquez)"},"content":{"rendered":"<p>Manolo Garc\u00eda (Barcelona, 1955) lleva, literalmente, toda una vida siendo m\u00fasico de oficio, y eso es algo que le ha aportado la pasi\u00f3n necesaria para saber cu\u00e1ndo y c\u00f3mo ponerse a trabajar en algo que le gusta y que le llena pero que no quiere aborrecer. Si la m\u00fasica le empieza a empachar, escribe, y si la escritura le satura, pinta. As\u00ed hasta que decide volver a la m\u00fasica.<\/p>\n<p>Aunque las suelas de sus zapatos ya hab\u00edan pisado tarima, fue con Los R\u00e1pidos cuando Manolo empez\u00f3 a desgastar un poco m\u00e1s su calzado. Despu\u00e9s, con Los Burros, comenz\u00f3 a indagar en nuevas formas de caminar, dando lugar, tiempo m\u00e1s tarde, a El \u00daltimo de la Fila, una de las bandas m\u00e1s ic\u00f3nicas de la historia de la m\u00fasica espa\u00f1ola. Junto a Quimi Portet, se enfund\u00f3 unas botas nuevas que vieron mundo y otros escenarios distintos a los ya conocidos, logrando la grandeza dentro de la tregua que da la anestesia del recuerdo, tal y como cantaba en L\u00e1piz y tinta. Pero todo eso pas\u00f3. Fue otro tiempo. Tocaba establecer novedosas hojas de ruta y calcular sobre el mapa los itinerarios que recorrieran oc\u00e9anos de sal en busca del reconocimiento a una labor que alegrara la existencia del resto de los humanos. Y as\u00ed, hasta el d\u00eda de hoy, Manolo Garc\u00eda ha ido atracando su barco en dispares puertos que han satisfecho singulares inquietudes art\u00edsticas, dando lugar a Todo es ahora (Sony, 2014), un LP grabado en Nueva York con los m\u00fasicos que acompa\u00f1aron a David Bowie en The next day (Columbia, 2013). \u00abEs gente veterana\u00bb, dice Manolo Garc\u00eda de Zachary Alford, Earl Slick y Gerry Leonard (entre otros). \u00abMe encanta Bowie, pero un d\u00eda me puse \u2018The next day\u2019 y pens\u00e9 que ten\u00eda que tocar con esos t\u00edos\u00bb. De ese modo, el m\u00fasico barcelon\u00e9s registr\u00f3 en The Clubhouse Studio un \u00e1lbum distinto que enlazaba con algunos detalles de Los d\u00edas intactos (Sony, 2011), alargando la curiosidad eterna, labrada, como \u00e9l dice, junto \u00aba unos amigos que ya son para toda la vida\u00bb. En una coqueta sala de su discogr\u00e1fica, y bajo la mirada de un retrato de Mar\u00eda Dolores Pradera, m\u00fasico y entrevistador se olvidan de los guiones y de la grabadora durante un momento. <\/p>\n<p><b>Encuentro en Un giro teatral [canci\u00f3n perteneciente a Los d\u00edas intactos] una conexi\u00f3n directa con Todo es ahora, sobre todo por el tratamiento de las guitarras.<\/b><br \/>\n<i>Hay una cosa curiosa respecto a lo que acabas de decir que yo no atino a explicarme pero que sucede siempre, y es que en cada disco doy un paso respecto al anterior y doy un pasito respecto al siguiente. Es algo instintivo que yo no controlo. En cada disco me pasa. Si alguien se fija y es observador, se encontrar\u00e1 con un poquito del anterior, un n\u00facleo central, que es el mayor, por suerte y para m\u00ed, del actual y de lo que es el disco. Tambi\u00e9n se dan coincidencias t\u00e9cnicas. Por ejemplo, Un giro teatral est\u00e1 mezclada por Michael Brauer, que es la persona que ha mezclado este disco tambi\u00e9n. La canci\u00f3n, de hecho, est\u00e1 grabada con m\u00fasicos americanos, aunque en ese caso no son los mismos que han tocado en Todo es ahora. Es un tratamiento de guitarras que se da mucho all\u00ed y que a m\u00ed me gusta, entonces puede recordar en algo. <\/i><\/p>\n<p><b>Pero recordar, nada m\u00e1s. <\/b><br \/>\n<i>El disco, en general, es diferente al anterior, como todos los que he ido haciendo. Es un esfuerzo, un reto y una lucha que me propongo en cada ocasi\u00f3n. Si tengo canciones nuevas hago un nuevo disco, pero nunca miro hacia atr\u00e1s para repetir f\u00f3rmula. Me alegro de que tal canci\u00f3n gustara mucho, pero yo soy otro, el mundo es diferente, todo evoluciona, todo se mueve, han pasado dos a\u00f1os o tres\u2026 Soy incapaz de aburrirme. \u00a1No puedo aburrirme! Y si me aburro yo, voy a acabar aburriendo a los dem\u00e1s. Podr\u00eda matar el becerro de oro, pero es que para m\u00ed el becerro es la m\u00fasica; la posibilidad de seguir haciendo canciones, la posibilidad de seguir grabando discos, de seguir tocando. Es algo vital para m\u00ed, algo importante. Lo que eleg\u00ed hacer cuando era adolescente, que era ser m\u00fasico, y sigo pensando lo mismo. Quiero ser m\u00fasico y quiero ser muchas cosas en la vida, pero una de ellas, muy importante, es la m\u00fasica. Con lo cual, en cada disco tengo que ir en otra direcci\u00f3n. Quiero tratar de sorprender para que la gente siga pidi\u00e9ndome m\u00e1s canciones. <\/i><\/p>\n<p><b>Resulta interesante que lo diga una persona que empez\u00f3 como bater\u00eda. <\/b><br \/>\n<i>(Risas) Exacto, fui bater\u00eda durante diez a\u00f1os en grupos de baile, en orquestas, en bandas de orquesta mayor\u2026 Era un trabajo dign\u00edsimo que me dio un aprendizaje magn\u00edfico en cuanto a coger tablas y a coger oficio se refiere. Y luego ya, una vez pasaron esos diez a\u00f1os y volv\u00ed del servicio militar, pens\u00e9 que me daba el aprobado, una nota correcta, a pesar de lo que significa ser m\u00fasico: muchas noches sin dormir, muchas horas de viaje, muchos hoteles\u2026 Cosas que yo ya hab\u00eda comprobado durante diez a\u00f1os y que me gustaban. Pretend\u00eda seguir dedic\u00e1ndome a ese oficio y a esa cuesti\u00f3n, a ser posible, toda mi vida. Y en eso sigo. Han pasado treinta y tantos a\u00f1os de eso y sigo igual. <\/i><\/p>\n<p><b>Tu padre, si no me equivoco, no estaba de acuerdo con que te dedicaras a la m\u00fasica. Supongo que es por la sensaci\u00f3n de inestabilidad que da este oficio. Por el contrario, tu madre s\u00ed te apoy\u00f3. <\/b><br \/>\n<i>Mi madre siempre me estuvo apoyando, s\u00ed. En ese sentido, fue una persona muy alegre y muy vitalista. La m\u00fasica y el baile eran cosas que le parec\u00edan bien. Mi padre, el hombre, quer\u00eda un oficio que diera de comer, algo seguro. Ya sabes, \u00bfno?, esa cosa que hab\u00eda en los a\u00f1os 70, pero ahora ya\u2026 ni eso, lamentablemente. Por desgracia, ahora, hagas lo que hagas, hay un mercado laboral incierto. \u00a1Dios sabe qu\u00e9 ser\u00e1 lo mejor para nadie! Estudiar o no estudiar, aprender un oficio o no\u2026 \u00a1Vaya l\u00edo! Y estando la cosa como est\u00e1\u2026 En aquella \u00e9poca hab\u00eda trabajo, pero a pesar de eso, yo no ten\u00eda inter\u00e9s en trabajar en un trabajo al uso; digno y correcto, pero que no me interesaba. Y sin despreciar a nadie, claro, porque es tan necesario un tornero como un pintor de brocha gorda o como un conductor de autobuses. Todo es necesario en esta sociedad, pero empec\u00e9 a pensar que los m\u00fasicos, los poetas o los fil\u00f3sofos eran tambi\u00e9n tan necesarios o tan importantes como un mec\u00e1nico. <\/i><\/p>\n<p><b>\u00bfNadie es por lo que fue, sino por lo que es? <\/b><br \/>\n<i>Todos somos por lo que fuimos y por lo que hemos ido construyendo a lo largo de nuestra vida. Todos somos lo que fuimos construyendo. En cuanto a nuestra persona me refiero. <\/i><\/p>\n<p><b>\u00bfUno puede decir que ha vivido lo suficiente cuando tiene la edad o la perspectiva suficiente como para mirarse las muescas que ha ido adquiriendo durante su existencia? Por ejemplo, en tu caso, \u00bfel mejor disco es el que est\u00e1 por venir? <\/b><br \/>\n<i>No, no. Esa es una idea prefabricada en el sentido de que hay que estar siempre ilusionado en lo que vamos a hacer, pero no podemos decir que estamos de vuelta de todo. Ser\u00eda horrible. O sea, Picasso, con ochenta a\u00f1os, segu\u00eda enloquecido por la pintura y por las mujeres. Esa es una actitud genial y vital que a m\u00ed me maravilla y que, incluso, me parece la adecuada. De todas formas, el mejor disco no est\u00e1 por hacer. He hecho discos que me gustan, claro, pero es que me gustan todos los que he hecho, si no, no los habr\u00eda publicado. Ser\u00eda una torpeza por mi parte decir que un disco es una mierda y que lo publico porque no hay otra cosa que hacer. Si estoy convencido de un disco, lo publico, y para eso hay un trabajo previo de maquetas con el que se va conformando un proyecto que me complace, me gusta y luego publico. Pero ya te digo que nunca queda exactamente como uno quiere porque siempre es m\u00e1xima la expectativa. Es como esa vieja frase que dice que los discos, los cuadros o los libros nunca se acaban, sino que se abandonan. El mejor disco est\u00e1 siempre en la mente, en la ilusi\u00f3n y en las ganas del creador. \u00a1Ah\u00ed se va creando el mejor disco! A lo largo de la carrera musical, si ha sido larga \u2013porque has ido complaciendo a un p\u00fablico-, se encuentran hitos o marcas que, en realidad, son canciones y discos disfrutados por el propio creador y por la gente. <\/i><\/p>\n<p><b>Esas muescas de las que habl\u00e1bamos. <\/b><br \/>\n<i>Claro. Es que estamos ah\u00ed, en el tiempo, y no tenemos m\u00e1s tiempo que el presente. Piensa que tocas una canci\u00f3n y que es disfrutada por ti y por el p\u00fablico en ese instante, \u00bfvale? Eso est\u00e1 muy bien, pero una vez pasado ese momento, al siguiente a\u00f1o o al siguiente mes, tu vista ya est\u00e1 puesta en lo que hay delante para intentar hacer canciones nuevas. \u00bfSon mejores las primeras canciones de Dylan en comparaci\u00f3n con las \u00faltimas? No. Son para cada cual. Hay gente que me para por la calle para felicitarme por el concierto de El \u00daltimo de la Fila en Las Ventas y tambi\u00e9n para preguntarme si volver\u00edamos a juntarnos, pero lo que quiere en realidad esa gente es que vuelvan sus veinticinco a\u00f1os, y eso no va a volver; somos otros. Y aquello, esa energ\u00eda y aquel tiempo, es irrepetible. Ahora tenemos la energ\u00eda que nos toca, pero si queremos desenfreno bastar\u00eda con mirar a la gente joven. Y en cambio, si queremos mesura, no hay m\u00e1s que mirar hacia la gente m\u00e1s mayor. Debemos situarnos donde nosotros m\u00e1s queramos, pero hay que ser realista con lo que se tiene. <\/i><\/p>\n<p><a href=\"http:\/\/www.manologarciaycia.com\/wp-content\/uploads\/2014\/10\/MG_E_2.jpg\"><img loading=\"lazy\" decoding=\"async\" src=\"http:\/\/www.manologarciaycia.com\/wp-content\/uploads\/2014\/10\/MG_E_2-782x1024.jpg\" alt=\"MG_E_2\" width=\"615\" height=\"805\" class=\"aligncenter size-large wp-image-10691\" srcset=\"https:\/\/www.manologarciaycia.com\/wp-content\/uploads\/2014\/10\/MG_E_2-782x1024.jpg 782w, https:\/\/www.manologarciaycia.com\/wp-content\/uploads\/2014\/10\/MG_E_2-382x500.jpg 382w, https:\/\/www.manologarciaycia.com\/wp-content\/uploads\/2014\/10\/MG_E_2-695x909.jpg 695w, https:\/\/www.manologarciaycia.com\/wp-content\/uploads\/2014\/10\/MG_E_2.jpg 870w\" sizes=\"auto, (max-width: 615px) 100vw, 615px\" \/><\/a><\/p>\n<p><b>\u00bfHaces, entonces, m\u00fasica que se corresponde con tu edad? <\/b><br \/>\n<i>Absolutamente. A mi sentir, a mis ganas, a mi energ\u00eda,\u2026 Yo siempre he tenido un punto muy rockero a tenor de que mi voz es melodiosa y muy limpia. Afino bien, pero no tengo una voz dura de Rock, aunque la instrumentaci\u00f3n siempre me gusta cruda, como tambi\u00e9n me gustan mucho las guitarras el\u00e9ctricas. Bueno, me gustan las guitarras. Cualquier tipo de guitarra me encanta, pero lo que es la instrumentaci\u00f3n Pop-Rock me gusta, igual que el Rock duro, pero en el sentido ca\u00f1ero. Es decir: me gusta Nirvana, ese algo tan adusto, tan austero pero a la vez tan contundente; un bajo, una bater\u00eda, una guitarra y una voz. Es algo que me parece muy bien, como el primer disco de The Police [Outlandos d\u2019amour], que me parece muy bonito. El London calling de The Clash, por ejemplo, me parece el disco. The River, de Springsteen, me parece tambi\u00e9n un gran disco. Incluso hay unos cuantos discos de Neil Young que me parecen geniales. De Led Zeppelin hay una gran cantidad de obra impresionante, como toda la obra de Hendrix, que me parece desmesuradamente buena, vital, brutal y sincera. <\/i><\/p>\n<p><b>Se podr\u00eda decir que menos es m\u00e1s\u2026 <\/b><br \/>\n<i>S\u00ed, pero muy contundentes y con un mensaje muy claro, sobre todo si nos referimos a todas estas bandas. Hay ah\u00ed una energ\u00eda y una vitalidad sin ning\u00fan tipo de mesura o cortapisa. Nadie los encaminaba o los dirig\u00eda o los marketizaba. No. Han sido vidas de tipos muy libres y libertarios, musicalmente hablando. \u00a1Mira Triana! No me los imagino en una reuni\u00f3n de marketing decidiendo el single o la ropa que se van a poner en el videoclip para que guste m\u00e1s y venda m\u00e1s. Me los imagino pensando en canciones y tocando, lo dem\u00e1s les importaba un bledo. En ese momento, pienso, porque supongo que despu\u00e9s la vida les cambiar\u00eda. <\/i><\/p>\n<p><b>Triana era una banda que tardaba bastante en sacar disco. <\/b><br \/>\n<i>Claro, pero porque era una gente que estaba viviendo y eran, tambi\u00e9n, personas con una capacidad musical y con una necesidad de vida. No estaban absortos o engatusados por el anzuelo del dinero, de la fama o de la importancia. No. Es un error. Ellos quer\u00edan m\u00fasica. <\/i><\/p>\n<p><b>\u00bfPensabas en ello cuando eras m\u00e1s joven? <\/b><br \/>\n<i>Cuando yo era jovencito nunca pensaba en querer ser millonario, en querer ser famoso o en tener mejor coche que mi vecino. Jam\u00e1s. Pensaba en querer ser m\u00fasico y en querer ser libre con la m\u00fasica. Vivir una vida plena en cuanto al d\u00eda a d\u00eda, en tener esa libertad y en hacer algo que me gustara. Quer\u00eda levantarme cada d\u00eda y que el plan fuese hacer canciones y cosas que estaban alrededor de algo que me apasionara, como era la m\u00fasica. Eso es lo que entiendo yo con llevar una vida plena. A veces, como todo el mundo, pasas temporadas en las que tienes que hacer cosas que no te complacen tanto, pero tambi\u00e9n lo haces con toda la dignidad posible y con todo el talante posible. Recuerdo que, cuando iba al colegio, un profesor nos dijo una frase que nos hac\u00eda mucha gracia pero que en realidad era muy sencilla: \u00abSiempre hay una m\u00e1xima filos\u00f3fica muy b\u00e1sica y muy simple: Siempre alegres para hacer felices a los dem\u00e1s\u00bb. En aquella \u00e9poca nos daba mucha risa, pero en el fondo estaba muy bien. La frase en s\u00ed es c\u00f3mica, pero luego, en la realidad, es muy sana. Si tu talante es saludable y tranquilo y adem\u00e1s eres una persona que cuida su cuerpo y su mente \u2013mens sana in corpore sano-, acabar\u00e1s por tener un rollo m\u00e1s positivo y, probablemente, vas a estar mejor con la gente. Pero por el contrario, una persona malhumorada y quemada, la gente que lo rodea, o le teme o le odia. Es lo mismo si te juntas con personas agradables, pues tu vida pasar\u00eda a ser mucho m\u00e1s pl\u00e1cida. Son cosas muy b\u00e1sicas y muy simples pero que, en la pr\u00e1ctica, funcionan y ayudan. <\/i><\/p>\n<p><b>Algo similar a lo que cantas en Es mejor sentir. Cosa que, adem\u00e1s, me ha recordado a lo que Chaplin dec\u00eda en su discurso en El gran dictador: \u00abPensamos demasiado y sentimos muy poco\u00bb. <\/b><br \/>\n<i>Lo m\u00edo es una percepci\u00f3n personal, como cuando de repente le doy muchas vueltas a algo, pero paro y me pregunto para qu\u00e9 le doy tantas vueltas si as\u00ed s\u00f3lo consigo marearme a m\u00ed mismo. Hay que tener calma, porque lo suyo es reflexionar puntualmente, algo normal, y tomar una decisi\u00f3n para hacer lo que vas a hacer. Pero a veces \u2013y es una reflexi\u00f3n m\u00eda, propia- me dejo llevar por el instinto, por mi olfato, por mi percepci\u00f3n, por mi instinto animal. En la vida siempre hay disyuntivas y cruces de caminos, pero hay que hacerle caso al instinto o al coraz\u00f3n. <\/i><\/p>\n<p><b>\u00bfY qu\u00e9 suceder\u00eda con la cabeza? <\/b><br \/>\n<i>La cabeza, a veces, tortura un poco, por lo que esa peque\u00f1a idea b\u00e1sica m\u00eda acabo convirti\u00e9ndola en una canci\u00f3n. Quiero sentir m\u00e1s y pensar menos, que es lo que digo en la canci\u00f3n, y vivir mi d\u00eda de ahora. No de ma\u00f1ana o de la semana que viene, sino de hoy. Esta ma\u00f1ana he hecho varias entrevistas y ahora estoy haciendo esta entrevista contigo y luego har\u00e9 otra, pero procuro que sea una ma\u00f1ana agradable. Ahora mismo estoy aqu\u00ed contigo, relajado, hablando, tranquilo, y no pensando en terminar para irme a comer, porque para m\u00ed no est\u00e1 siendo un co\u00f1azo. Me levanto pensando en que tengo que hacer tres entrevistas y en que las voy a hacer muy contento y no muy cabreado, porque si voy cabreado, voy mal. Voy a intentar sentirme bien y no voy a pensar demasiado. Sentir\u00e9 la placidez del d\u00eda. No tengo otro. Ayer ya pas\u00f3 y el ma\u00f1ana a\u00fan no ha llegado. Es algo tan tonto como eso. Ahora estoy hablando de mi trabajo y de mi disco; sentir. Y el ahora est\u00e1 claro. Por supuesto que es l\u00edcito y es conveniente planear, tener proyectos, ilusiones&#8230; \u00a1L\u00f3gicamente!, pero hay que disfrutar el camino puesto nadie sabe hasta d\u00f3nde va a llegar. Puedes mirar muy lejos y pretender llegar, es l\u00edcito, pero pobre de ti si no has disfrutado el camino y adem\u00e1s no llegas. Por lo menos, cada paso que vas dando en el d\u00eda a d\u00eda, tiene que estar bien. El hoy. <\/i><\/p>\n<p><b>Como en Caminar\u00e9 cuando dices eso de \u00abhoy, mejor no esperar, que la vida se me escora con la espera\u00bb. De todas formas, me pregunto si la creatividad puede convertirse en una dictadura. <\/b><br \/>\n<i>No, no, yo me muevo en zigzag, como las liebres. Mi condici\u00f3n de m\u00fasico no me aplatana y tampoco me machaca. No es un peso que yo tenga encima y que sienta que me oprime, porque yo, durante muchos meses al a\u00f1o, no soy m\u00fasico, sino que soy un ciudadano civil que va al cine, al bar de la esquina para tomarse una cerveza con un amigo para hablar&#8230; Pero no, no soy m\u00fasico durante ese tiempo y ni toco la guitarra. Es m\u00e1s, cierro la regleta donde tengo enchufado el ordenador, la guitarra, el amplificador, el teclado&#8230; \u00a1No toco esa regleta en meses! Me olvido de que soy m\u00fasico y nadie me dice que haga una canci\u00f3n, porque no tengo que hacer canciones: ni nadie me obliga ni lo necesito. Vivo mi d\u00eda a d\u00eda. En ese tiempo, en el que hago otras cosas, un d\u00eda me levanto, cojo la guitarra y la toco, la hago sonar [Manolo hace ruidos con la boca simulando el rasgueo y punteo de una guitarra], entonces pienso: \u00ab\u00a1C\u00f3mo mola, t\u00edo! \u00a1Qu\u00e9 bien me lo estoy pasando!\u00bb (Risas). Claro, \u00a1si hac\u00eda seis meses que no tocaba la guitarra! O sea, quiero decir que no estoy enfermo por tener que tocar, por vender m\u00e1s o por ser el mejor, no, sino que en realidad yo estoy enfermo, ansioso y deseoso por vivir. El triunfo no es vender discos, vender coches, ser el ejecutivo que m\u00e1s ventas tiene en la empresa o ser el reportero que mejores cr\u00edticas hace, sino que el premio de la vida es vivir y estar contento. Hay que manejar el ego y la vanidad, no podemos dejar que esas cosas nos lleven a una carrera descontrolada. Yo me curo en salud con eso en el sentido de que paro de tocar una vez he terminado la gira porque, simplemente, me siento cansado. \u00bfA ti te gusta escribir? <\/i><\/p>\n<p><b>Claro, me encanta. \u00bfPor? <\/b><br \/>\n<i>Imagina que te pido que hagas, en este a\u00f1o, cuatrocientos cincuenta art\u00edculos. Seguramente te volver\u00eda loco. Ahora, si a ti te gusta escribir, te pedir\u00e9 que hagas los que te apetezca; los ver\u00e9, y si me gustan, los publicar\u00e9. A lo mejor me traes quince art\u00edculos magn\u00edficos en un a\u00f1o debido a que llevas un ritmo natural, pero si te presiono y t\u00fa, por dinero o por necesidad, tienes que hacerlos, tus art\u00edculos ir\u00e1n a menos, cada vez ser\u00e1n peores, m\u00e1s apretados y parecer\u00e1n m\u00e1s desesperados. Es como un pozo del que vas sacando agua, pues si no paras, terminar\u00e1 por agotarse el agua y sacar\u00e1s barro. Hay que dejar que, otra vez, vuelva el agua limpia. A lo mejor, al cabo de un tiempo, vuelves a tirar el cubo y sacas agua limpia otra vez. Todo tiene un l\u00edmite. Yo, con la m\u00fasica, me lo paso muy bien, pero si despu\u00e9s de tres meses grabando un disco me piden que grabe otro, dir\u00e9 que lo mejor es que no me obliguen, porque si lo hacen, empezar\u00e9 a sufrir, y sufriendo no puedo dar lo mejor de m\u00ed. Por eso me olvido cuando acabo una gira. Tengo esa capacidad. Ni soy famoso y tampoco soy m\u00fasico en ese tiempo, no soy nada, simplemente una persona que se llama Manuel y que vive sus d\u00edas haciendo otras cosas, como ir al cine o ver el concierto de otro m\u00fasico que toca en su ciudad y disfruta como uno m\u00e1s. <\/i><\/p>\n<p><b>Hasta que pasa el tiempo. <\/b><br \/>\n<i>S\u00ed, claro. Al cabo de unos meses, esa persona llamada Manuel tiene ganas de nuevo y coge una guitarra. Es as\u00ed de sencillo. <\/i><\/p>\n<p><b>Tengo una duda respecto a Te vener\u00e9 cuando dices \u00abpor ti arrastr\u00e9 cadenas que no merec\u00eda\u00bb. \u00bfEso es porque amamos nuestras cadenas? Te lo pregunto para saber tu punto de vista como ciudadano, no como m\u00fasico. <\/b><br \/>\n<i>Bueno, hay de todo. Hay personas que tienen el famoso s\u00edndrome de Estocolmo, se acostumbran y son conscientes, pero hay de todo. Creo que esta sociedad es una sociedad que camina en una direcci\u00f3n err\u00f3nea. Nos lleva a todos en una direcci\u00f3n err\u00f3nea, y a las pruebas me remito. No creo que estemos castigados por un pecado original que nos obligue a estar todos, toda la vida, arrastrando cadenas y trabajando. Es correcto lo de ganarse el pan con el sudor de nuestra frente, s\u00ed, pero no tanto. Quiero decir que estamos inmersos en un sistema social haciendo, continuamente, trabajos que a veces no nos gustan para comprar objetos que a veces no nos sirven para nada y que encima no nos hacen felices. Es absurdo. Ah\u00ed hay un error grand\u00edsimo. Luego, dejamos que unos poderes pol\u00edticos, econ\u00f3micos y financieros marquen nuestras vidas y las dirijan. Todo para que nos obliguen. Hay unos mercados econ\u00f3micos brutales que nos aplastan y nos obligan. \u00bfPor qu\u00e9 todo tiene que ser m\u00e1s caro cada vez? \u00bfPor qu\u00e9 hemos de estar en el euro? \u00bfPor qu\u00e9 hemos de tener monedas? Hay personas que ganan mil euros, si es que llegan, y tienen que vivir una vida que les cuesta tres mil. \u00bfPor qu\u00e9 dejamos que pase eso? Eso significa que todo el mundo va a estar estrangulado siempre. O sea, que unos pocos acaba estrangulando al resto. Yo creo que hay que luchar para que eso no suceda y, tambi\u00e9n, hay que luchar para intentar liberarnos de esas cadenas que nos machacan y nos atan a todos. El m\u00fasico o la persona que busca un oficio que le guste para poder desarrollarlo y vivir de ello, lo que est\u00e1 haciendo, es hacerse un peque\u00f1o hueco donde esta presi\u00f3n de la que hablamos sea menor. Alguna presi\u00f3n tenemos todos, obviamente, incluso el que se gana la vida con un oficio que le complace, pero a\u00fan as\u00ed hay cosas ajenas que nos oprimen cada d\u00eda. La cosa es muy complicada, y el momento actual, como todos los momentos de la historia, es un momento que es la leche. \u00a1Manda cojones! Nadie dijo que la vida en este planeta fuera f\u00e1cil, pero ya que se supone que hemos avanzado y hemos progresado, sobre todo en temas de tecnolog\u00eda, tendr\u00eda que ir la cosa para bien y no para mal. Habr\u00eda que orquestar todo esto para que todo el mundo viviera dignamente. \u00bfPor qu\u00e9 no todo el mundo come? Aqu\u00ed algo falla. <\/i><\/p>\n<p><b>La desigualdad. <\/b><br \/>\n<i>Y eso es violencia y terrorismo en s\u00ed, porque tienen aterrorizada a una parte de la poblaci\u00f3n que no come, que no vive, que no tiene una vida m\u00ednimamente digna\u2026 Eso es terrible. Entonces, algo falla en este sistema. <\/i><\/p>\n<p><a href=\"http:\/\/www.manologarciaycia.com\/wp-content\/uploads\/2014\/10\/MG_E_3.jpg\"><img loading=\"lazy\" decoding=\"async\" src=\"http:\/\/www.manologarciaycia.com\/wp-content\/uploads\/2014\/10\/MG_E_3-717x1024.jpg\" alt=\"MG_E_3\" width=\"615\" height=\"878\" class=\"aligncenter size-large wp-image-10690\" srcset=\"https:\/\/www.manologarciaycia.com\/wp-content\/uploads\/2014\/10\/MG_E_3-717x1024.jpg 717w, https:\/\/www.manologarciaycia.com\/wp-content\/uploads\/2014\/10\/MG_E_3-350x500.jpg 350w, https:\/\/www.manologarciaycia.com\/wp-content\/uploads\/2014\/10\/MG_E_3-695x992.jpg 695w, https:\/\/www.manologarciaycia.com\/wp-content\/uploads\/2014\/10\/MG_E_3.jpg 870w\" sizes=\"auto, (max-width: 615px) 100vw, 615px\" \/><\/a><\/p>\n<p><b>\u00bfVivir sin responsabilidades es un tesoro que debemos aprovechar? Te lo pregunto por el mensaje que tiene la canci\u00f3n Exprimir la vida. Adem\u00e1s, a\u00fan estando dentro de ese peque\u00f1o hueco en el que la opresi\u00f3n no es tanta, siempre quedar\u00e1 espacio para ciertas responsabilidades. <\/b><br \/>\n<i>Hombre, yo creo que lo b\u00e1sico es ser responsable de uno mismo y tener una \u00e9tica. En las escuelas tendr\u00edan que ense\u00f1ar a vivir. A m\u00ed, que un gobierno como el que ahora tenemos eche a un lado las asignaturas de humanidades o de filosof\u00eda, me parece una salvajada muy grande. \u00bf\u00bfC\u00f3mo pueden echar fuera tambi\u00e9n la ciencia?? Me parece que es un golpe de mano muy duro contra la ciudadan\u00eda y contra el derecho de tener una vida, an\u00edmica y materialmente, mejor, porque esas humanidades o esas filosof\u00edas nos ense\u00f1an a vivir mejor como seres humanos. Marcan unos caminos \u00e9ticos y morales absolutamente necesarios para la convivencia entre todos en esta sociedad, en el mismo barco. Uno tiene que aprender a respetarse a s\u00ed mismo y a respetar a los dem\u00e1s, manejando muy bien la vanidad y el ego, todo con mucho cuidado. No podemos dejar que nos lancen a una v\u00eda donde vamos todos contra todos, que es como estamos ahora. Es algo nefasto. En otros tiempos de la historia del planeta, en lugares, digamos, geopol\u00edticos concretos, el de abajo ha luchado contra el de arriba y el de un lado ha luchado contra el del otro lado, pero es que ahora estamos en un todos contra todos para sobrevivir. <\/i><\/p>\n<p><b>\u00bfOmite eso al enemigo com\u00fan, en caso de haberlo? <\/b><br \/>\n<i>Bueno, hay un enemigo com\u00fan, que es nuestro propio sistema. Somos una gran manada que necesita mucha comida para sobrevivir y mucho espacio, pero tenemos delante una manada, en este caso de b\u00fafalos, que nos dicen que los sigamos, cuando en realidad nos est\u00e1n llevando al precipicio. \u00a1Y nosotros les seguimos en lugar de decirles que no! Si ellos quieren tirarse por el barranco, muy bien, que lo hagan, pero nosotros no queremos. \u00daltimamente, y sobre todo a partir del 15-M, est\u00e1n apareciendo voces ciudadanas y civiles, fuera de la pol\u00edtica, que hablan de cosas relativamente correctas y razonables. Mientras que por el lado de la clase pol\u00edtica lo que est\u00e1 saltando a la palestra \u00faltimamente son cosas brutales de corrupci\u00f3n, robos, estafas\u2026 <\/i><\/p>\n<p><b>Todo para el pueblo, pero sin el pueblo. <\/b><br \/>\n<i>Exactamente. Eso es horrible y es una tomadura de pelo absoluta. O sea, piden que los votemos pero luego quieren que les dejemos hacer lo que les d\u00e9 la gana. Y encima, si protestamos, nos ponen un mult\u00f3n de flipar o nos mandan a la polic\u00eda para darnos cuatro garrotazos o cinco pelotazos. Si replicamos, nos reprimen, y eso no puede ser. No es democracia. <\/i><\/p>\n<p><b>El miedo es la clave\u2026 <\/b><br \/>\n<i>Inocular el miedo en la gente, evidentemente. Un animal herb\u00edvoro, en la selva, sabe que un carn\u00edvoro se lo puede comer en cualquier momento, pero no vive aterrorizado. Cuando tenga que correr, porque el carn\u00edvoro est\u00e1 encima, correr\u00e1 para salvar su vida, pero durante el resto de las horas del d\u00eda se dedicar\u00e1 a pacer, a buscar agua o hierba y no a andar acojonado buscando al le\u00f3n. En cambio, a nosotros nos tienen acojonados todo el d\u00eda, ya sea con el tema laboral o con otras cosas, \u00a1hostias! Por favor, hay que orquestar esto de alguna manera. Todo el mundo tiene derecho a ganarse la vida dignamente, pero no hay derecho a que unos pocos vivan econ\u00f3micamente m\u00e1s y m\u00e1s arriba mientras que cada vez m\u00e1s abajo haya vidas lamentables, indignas, atemorizadas y tristes. Es una situaci\u00f3n peligros\u00edsima y nefasta para todos. Dejen que todo el mundo viva, porque todo el mundo se levanta por la ma\u00f1ana con la mejor intenci\u00f3n de vivir, de trabajar, de ser \u00fatil a los dem\u00e1s e incluso de pagar impuestos. Vale, si hay que pagarlos, los pagar\u00e9, pero por favor, empleen ese dinero adecuadamente y no para sus patra\u00f1as, sus historias y sus mierdas. <\/i><\/p>\n<p><b>\u00a1Que no dejen de sonar campa\u00f1as de libertad! <\/b><br \/>\n<i>Absolutamente. <\/i><\/p>\n<p><b>Para hablar de la farsa utilizas la palabra carnaval en los temas Todo es ahora y Campanas de libertad, pero me ha llamado mucho m\u00e1s la atenci\u00f3n lo que cantas en \u00e9sta \u00faltima: \u00ab\u2018Vete\u2019, dijo ella. \u2018Poeta en Nueva York\u2019, pens\u00e9. Donde Lou Reed a Lorca conoci\u00f3\u2026\u00bb. \u00bfManolo Garc\u00eda ha pasado toda la noche en los andamios de los arrabales?<\/b><br \/>\n<i>\u00abA esa estaci\u00f3n lunar me encamin\u00e9\u00bb. Es que, para m\u00ed, Nueva York es una estaci\u00f3n lunar. Imag\u00ednate, siendo de pueblo\u2026 (Risas) Bueno, en la vida he visto muchas cosas, pero he vivido en el lado sencillo. Soy un chaval de barriada que ha vivido lo que vive un chico de barrio, con lo cual, no tengo ning\u00fan tipo de dato sobre el otro lado de la calle o de la autopista. Ahora me estaba acordando de un viaje que hicimos a Venezuela con El \u00daltimo de la Fila. Estando all\u00ed, me choc\u00f3 mucho una autopista por la que pasamos, en la que a un lado estaban las macrourbanizaciones elitistas de lujo, valladas y con guardias armados, y al otro los ranchitos, las casas peque\u00f1as, donde hab\u00eda pobreza absoluta. M\u00e1s que pobreza, dir\u00eda que hab\u00eda miseria. Para que te hagas una idea, aquello era como las favelas de Brasil. No daba cr\u00e9dito cuando lo vi. No pod\u00eda ser. Si me preguntaran d\u00f3nde me soltar\u00edan, si en un lado o en el otro, por tendencia m\u00eda dir\u00e9 que al lado de los ranchitos porque all\u00ed la vida no es falsa, sino que es m\u00e1s aut\u00e9ntica y real. <\/i><\/p>\n<p><b>Otra vez lo de las m\u00e1scaras del carnaval\u2026 <\/b><br \/>\n<i>Otra vez las m\u00e1scaras, s\u00ed. No voy a despreciar a nadie, porque no soy qui\u00e9n para despreciar a nadie, ni de un lado ni de otro. All\u00e1 cada uno si tiene grandes fortunas y posibles econ\u00f3micos, no lo voy a odiar ni lo voy a detestar, pero, personalmente, no me sentir\u00e9 en ese lado. <\/i><\/p>\n<p><b>\u00bfPor qu\u00e9? <\/b><br \/>\n<i>Porque creo que todo el trabajo de esa gente consiste en amasar m\u00e1s y m\u00e1s dinero y en intentar que no se lo quiten. En el otro lado, aunque tengan poco, comparten lo que atesoran. Veo mucha m\u00e1s solidaridad ah\u00ed. Est\u00e1 demostrad\u00edsimo. No voy a ir ahora de chico bueno o de chico enrollado, porque aunque tengo trabajo, un coche y un piso, voy a tratar de ser razonable con lo que tengo entre manos. Adem\u00e1s, lamentablemente, el que tiene trabajo est\u00e1 visto como por encima del que no tiene trabajo, cuando no deber\u00eda de ser as\u00ed. Tambi\u00e9n hay gente que no quiere trabajar, pero yo lo voy a respetar, porque los que tenemos la suerte de poder trabajar vamos a mantener y a ayudar a esa gente que no tiene. De hecho, y puestos a que la cosa tenga que decantarse, simpatizar\u00eda m\u00e1s con el 15-M y con la gente de la calle, porque es mi gente. Ayudar\u00eda a esas personas, a los que no tienen, pero no a los bancos. Me gustar\u00eda que el dinero de mis impuestos fuese a parar a la gente que no puede pagar impuestos debido a que no tiene trabajo. Sabiendo eso, pagar\u00eda impuestos encantado: el cuarenta, el cincuenta, el sesenta o el ochenta por ciento. Firmar\u00eda ahora mismo si me dicen que lo m\u00edo, lo de Raphael, lo de Serrat, lo de Ana Bot\u00edn, lo del Presidente del Gobierno o lo del mec\u00e1nico de la esquina se destinar\u00e1 a ayudar a los dem\u00e1s para que puedan vivir. Firmar\u00eda ahora mismo. M\u00fajica, el Presidente de Uruguay, vive con el veinte por ciento de su sueldo y dice que le sobra a\u00fan as\u00ed. El resto lo da. Me parece muy plausible. <\/i><\/p>\n<p><b>Como dice el refr\u00e1n: \u00abNo es m\u00e1s rico el que m\u00e1s tiene, sino el que menos necesita\u00bb. <\/b><br \/>\n<i>Obviamente. Es una verdad como un edificio. <\/i><\/p>\n<p>Fuente: Esquire &#8211; <a href=\"http:\/\/www.esquire.es\/actualizacion\/3152\/un-ciudadano-llamado-manolo-garcia\" target=\"_blank\">ENLACE<\/a> &#8211; De Carlos H. V\u00e1zquez &#8211; Fotos: Oscar Carraqu\u00ed<\/p>\n","protected":false},"excerpt":{"rendered":"<p>Manolo Garc\u00eda (Barcelona, 1955) lleva, literalmente, toda una vida siendo m\u00fasico de oficio, y eso es algo que le ha aportado la pasi\u00f3n necesaria para saber cu\u00e1ndo y c\u00f3mo ponerse a trabajar en algo que le gusta y que le llena pero que no quiere aborrecer. Si la m\u00fasica le empieza a empachar, escribe, y<a class=\"moretag\" href=\"https:\/\/www.manologarciaycia.com\/?p=10689\" title=\"Un ciudadano llamado Manolo Garc\u00eda. Esquire (Carlos H. V\u00e1zquez)\" target=\"_self\" rel=\"follow\"> <font face=arial size=2>[Leer m\u00e1s]<\/font> <\/a><\/p>\n","protected":false},"author":2,"featured_media":10692,"comment_status":"closed","ping_status":"closed","sticky":false,"template":"","format":"standard","meta":{"footnotes":""},"categories":[1],"tags":[],"class_list":["post-10689","post","type-post","status-publish","format-standard","has-post-thumbnail","hentry","category-manolo-garcia"],"_links":{"self":[{"href":"https:\/\/www.manologarciaycia.com\/index.php?rest_route=\/wp\/v2\/posts\/10689","targetHints":{"allow":["GET"]}}],"collection":[{"href":"https:\/\/www.manologarciaycia.com\/index.php?rest_route=\/wp\/v2\/posts"}],"about":[{"href":"https:\/\/www.manologarciaycia.com\/index.php?rest_route=\/wp\/v2\/types\/post"}],"author":[{"embeddable":true,"href":"https:\/\/www.manologarciaycia.com\/index.php?rest_route=\/wp\/v2\/users\/2"}],"replies":[{"embeddable":true,"href":"https:\/\/www.manologarciaycia.com\/index.php?rest_route=%2Fwp%2Fv2%2Fcomments&post=10689"}],"version-history":[{"count":2,"href":"https:\/\/www.manologarciaycia.com\/index.php?rest_route=\/wp\/v2\/posts\/10689\/revisions"}],"predecessor-version":[{"id":10694,"href":"https:\/\/www.manologarciaycia.com\/index.php?rest_route=\/wp\/v2\/posts\/10689\/revisions\/10694"}],"wp:featuredmedia":[{"embeddable":true,"href":"https:\/\/www.manologarciaycia.com\/index.php?rest_route=\/wp\/v2\/media\/10692"}],"wp:attachment":[{"href":"https:\/\/www.manologarciaycia.com\/index.php?rest_route=%2Fwp%2Fv2%2Fmedia&parent=10689"}],"wp:term":[{"taxonomy":"category","embeddable":true,"href":"https:\/\/www.manologarciaycia.com\/index.php?rest_route=%2Fwp%2Fv2%2Fcategories&post=10689"},{"taxonomy":"post_tag","embeddable":true,"href":"https:\/\/www.manologarciaycia.com\/index.php?rest_route=%2Fwp%2Fv2%2Ftags&post=10689"}],"curies":[{"name":"wp","href":"https:\/\/api.w.org\/{rel}","templated":true}]}}