{"id":10684,"date":"2014-10-29T18:29:42","date_gmt":"2014-10-29T17:29:42","guid":{"rendered":"http:\/\/www.manologarciaycia.com\/?p=10684"},"modified":"2014-10-29T18:35:02","modified_gmt":"2014-10-29T17:35:02","slug":"manolo-garcia-entrevista-en-tiempo-de-hoy-reunir-a-el-ultimo-de-la-fila-seria-un-conazo","status":"publish","type":"post","link":"https:\/\/www.manologarciaycia.com\/?p=10684","title":{"rendered":"Manolo Garc\u00eda, entrevista en Tiempo de Hoy: \u00abReunir a El \u00faltimo de la fila ser\u00eda un co\u00f1azo\u00bb"},"content":{"rendered":"<p>Manolo Garc\u00eda, m\u00fasico. Tiene disco nuevo, Es mejor sentir, grabado en Nueva York con los m\u00fasicos de David Bowie. Y sabe la edad que tiene, pero tambi\u00e9n d\u00f3nde est\u00e1: donde siempre.<\/p>\n<p><b>\u00bfCu\u00e1l era la m\u00fasica de su infancia?<\/b><br \/>\n<i>Recuerdo la gramola del bar de mi barrio, ah\u00ed sonaba el soul que tra\u00edan los americanos de la Sexta Flota. Tengo la imagen grabada de escuchar a Wilson Pickett mientras los gitanos daban palmas. A\u00fan recuerdo cuando en Radio Juventud comenzaron a emitir en est\u00e9reo. \u00a1Y yo solo ten\u00eda un altavoz!<font color=#ffffff>http:\/\/www.manologarciaycia.com<\/font><\/i><\/p>\n<p><b>Fue dise\u00f1ador de casetes de Belter, \u00bfconserva la colecci\u00f3n?<\/b><br \/>\n<i>S\u00ed de Mazinger Zeta, Parch\u00eds, Manolo Escobar&#8230;<\/i><\/p>\n<p><b>\u00bfLleg\u00f3 a conocer los estudios de Belter? El sonido de los a\u00f1os sesenta que lograba Antonio Gonz\u00e1lez, el Pesca, es fabuloso.<\/b><br \/>\n<i>S\u00ed, grabamos all\u00ed con Los burros [el grupo anterior a El \u00faltimo de la fila, con Quimi Portet]. Eran unos estudios fant\u00e1sticos con un sonido muy c\u00e1lido. Ahora grabar en digital es mucho m\u00e1s fr\u00edo.<font color=#ffffff>http:\/\/www.manologarciaycia.com<\/font><\/i><\/p>\n<p><b>Pas\u00f3 de Los r\u00e1pidos a Los burros y a El \u00faltimo de la fila. <\/b><br \/>\n<i>Fue por temas de contratos, hasta Prince se quit\u00f3 su propio nombre. Pero aprovechamos para cambiar de estilo. Los r\u00e1pidos \u00e9ramos muy viscerales, punk, ca\u00f1eros. Los burros, m\u00e1s c\u00ednicos, humoristas, me encantaba Siniestro total, y en El \u00faltimo de la fila aport\u00e9 mi espuma sure\u00f1a: Triana, Lole y Manuel&#8230; <\/i><\/p>\n<p><b>Y entran guitarristas flamencos.<\/b><br \/>\n<i>Entra Ca\u00f1izares. Era muy jovencito pero ya era un maestro. Se le ve\u00eda lo que iba a ser.<\/i><\/p>\n<p><b>Tras la separaci\u00f3n de El \u00faltimo de la fila usted sale en los telediarios y a Quimi Portet hay que buscarle con ayuda de Google.<font color=#ffffff>http:\/\/www.manologarciaycia.com<\/font><\/b><br \/>\n<i>Cuando nos vemos siempre hay una paella, nos vamos a comer y no hablamos de eso. Nadie puede vivir del pasado. Antes hac\u00edamos las canciones juntos, ahora me emociona seguir, es un reto. Me gusta la gente que hace discos, me gusta hacerlos a m\u00ed.<font color=#ffffff>http:\/\/www.manologarciaycia.com<\/font><\/i><\/p>\n<p><b>Habr\u00e1 escuchado a gente decir: \u00bfY por qu\u00e9 no se re\u00fanen? \u00bfNo ser\u00eda estupendo?<\/b><br \/>\n<i>Ser\u00eda un co\u00f1azo. Lo que quieren es volver a reunirse pero con sus 25 a\u00f1os, no los que tienen ahora.<\/i><\/p>\n<p><b>\u00bfY no es lo mismo que hace usted cuando escucha a Jimi Hendrix o los Beatles?<\/b><br \/>\n<i>Pero escuchando a Hendrix yo no meto a nadie en un embolao.<\/i><\/p>\n<p><b>Quimi, catal\u00e1n hasta la m\u00e9dula; usted, hijo de emigrantes. \u00bfEl \u00faltimo de la Fila no era una met\u00e1fora de Catalu\u00f1a?<\/b><br \/>\n<i>Nooo. \u00c9ramos una banda de rock. Dentro de cincuenta a\u00f1os el rock catal\u00e1n ser\u00e1 un poco chino, porque estar\u00e1 lleno de chinos. Mis padres son de Albacete. Hay que ser naturales. Quimi tocaba como le sal\u00eda de los cojones y yo cantaba como me sal\u00eda de los huevos. Mi lema es: con lo que tengo hago lo que puedo.<font color=#ffffff>http:\/\/www.manologarciaycia.com<\/font><\/i><\/p>\n<p><b>Le tengo que preguntar por la pol\u00edtica.<\/b><br \/>\n<i>\u00a1Hostias! Eso s\u00ed que es un co\u00f1azo.<font color=#ffffff>http:\/\/www.manologarciaycia.com<\/font><\/i><\/p>\n<p><b>\u00bfQu\u00e9 opina de la independencia de Catalu\u00f1a?<\/b><br \/>\n<i>Qu\u00e9 bien vivir\u00edamos sin pol\u00edticos, con unas normas de convivencia morales y \u00e9ticas razonables. Cuando haya un Estado que me jure equidad social, justicia, una vida digna para todos&#8230; cuando se empiece ya a luchar en serio contra el cambio clim\u00e1tico. Cuando lo vea, me apunto.<font color=#ffffff>http:\/\/www.manologarciaycia.com<\/font><\/i><\/p>\n<p><b>Vale, pero&#8230;<\/b><br \/>\n<i>No soy un ap\u00e1trida ni un traidor. No es mi sistema social, bueno para unos pocos y malo para el resto. \u00bfUn pol\u00edtico? Me gusta Mujica, el presidente de Uruguay.<font color=#ffffff>http:\/\/www.manologarciaycia.com<\/font><\/i><\/p>\n<p><b>Para grabar el disco anterior se fue a Los \u00c1ngeles, para este, a Nueva York.<\/b><br \/>\n<i>He grabado con los m\u00fasicos del \u00faltimo disco de David Bowie, me gusta su misterio, su ambig\u00fcedad (la sexual me da igual), me gusta la forma de ser de Bowie, como los gatos. Contact\u00e9 con ellos y se lo propuse y dijeron que s\u00ed. Por la ma\u00f1ana les present\u00e9 las canciones y por la tarde ya sab\u00edan que no les ped\u00eda ninguna marcianada. Ritmos, melod\u00edas. Me he tirado quince d\u00edas m\u00e1s contento que una perdiz.<font color=#ffffff>http:\/\/www.manologarciaycia.com<\/font><\/i><\/p>\n<p><b>\u00bfPor qu\u00e9 se va a grabar fuera?<\/b><br \/>\n<i>No desmerecen los m\u00fasicos de aqu\u00ed, para m\u00ed es un reto tocar con m\u00fasicos a los que admiro. Con mi banda llevo m\u00e1s de 20 a\u00f1os, d\u00e9jame echar una cana al aire.<font color=#ffffff>http:\/\/www.manologarciaycia.com<\/font><\/i><\/p>\n<p>Fuente: Tiempo de Hoy &#8211; Por: Jos\u00e9 Manuel G\u00f3mez &#8211; Foto: Victoria Fernandez<\/p>\n","protected":false},"excerpt":{"rendered":"<p>Manolo Garc\u00eda, m\u00fasico. Tiene disco nuevo, Es mejor sentir, grabado en Nueva York con los m\u00fasicos de David Bowie. Y sabe la edad que tiene, pero tambi\u00e9n d\u00f3nde est\u00e1: donde siempre. \u00bfCu\u00e1l era la m\u00fasica de su infancia? Recuerdo la gramola del bar de mi barrio, ah\u00ed sonaba el soul que tra\u00edan los americanos de<a class=\"moretag\" href=\"https:\/\/www.manologarciaycia.com\/?p=10684\" title=\"Manolo Garc\u00eda, entrevista en Tiempo de Hoy: \u00abReunir a El \u00faltimo de la fila ser\u00eda un co\u00f1azo\u00bb\" target=\"_self\" rel=\"follow\"> <font face=arial size=2>[Leer m\u00e1s]<\/font> <\/a><\/p>\n","protected":false},"author":2,"featured_media":10685,"comment_status":"closed","ping_status":"closed","sticky":false,"template":"","format":"standard","meta":{"footnotes":""},"categories":[1],"tags":[],"class_list":["post-10684","post","type-post","status-publish","format-standard","has-post-thumbnail","hentry","category-manolo-garcia"],"_links":{"self":[{"href":"https:\/\/www.manologarciaycia.com\/index.php?rest_route=\/wp\/v2\/posts\/10684","targetHints":{"allow":["GET"]}}],"collection":[{"href":"https:\/\/www.manologarciaycia.com\/index.php?rest_route=\/wp\/v2\/posts"}],"about":[{"href":"https:\/\/www.manologarciaycia.com\/index.php?rest_route=\/wp\/v2\/types\/post"}],"author":[{"embeddable":true,"href":"https:\/\/www.manologarciaycia.com\/index.php?rest_route=\/wp\/v2\/users\/2"}],"replies":[{"embeddable":true,"href":"https:\/\/www.manologarciaycia.com\/index.php?rest_route=%2Fwp%2Fv2%2Fcomments&post=10684"}],"version-history":[{"count":3,"href":"https:\/\/www.manologarciaycia.com\/index.php?rest_route=\/wp\/v2\/posts\/10684\/revisions"}],"predecessor-version":[{"id":10688,"href":"https:\/\/www.manologarciaycia.com\/index.php?rest_route=\/wp\/v2\/posts\/10684\/revisions\/10688"}],"wp:featuredmedia":[{"embeddable":true,"href":"https:\/\/www.manologarciaycia.com\/index.php?rest_route=\/wp\/v2\/media\/10685"}],"wp:attachment":[{"href":"https:\/\/www.manologarciaycia.com\/index.php?rest_route=%2Fwp%2Fv2%2Fmedia&parent=10684"}],"wp:term":[{"taxonomy":"category","embeddable":true,"href":"https:\/\/www.manologarciaycia.com\/index.php?rest_route=%2Fwp%2Fv2%2Fcategories&post=10684"},{"taxonomy":"post_tag","embeddable":true,"href":"https:\/\/www.manologarciaycia.com\/index.php?rest_route=%2Fwp%2Fv2%2Ftags&post=10684"}],"curies":[{"name":"wp","href":"https:\/\/api.w.org\/{rel}","templated":true}]}}