{"id":1068,"date":"2010-10-27T17:27:19","date_gmt":"2010-10-27T16:27:19","guid":{"rendered":"http:\/\/petaos.net\/?p=1068"},"modified":"2010-10-27T18:27:36","modified_gmt":"2010-10-27T17:27:36","slug":"mg-poder-argentino-en-las-lunas-del-auditorio","status":"publish","type":"post","link":"https:\/\/www.manologarciaycia.com\/?p=1068","title":{"rendered":"MG: Poder argentino en Las Lunas del Auditorio"},"content":{"rendered":"<p><img loading=\"lazy\" decoding=\"async\" class=\"alignright\" src=\"http:\/\/imagenes.record.com.mx\/sites\/default\/files\/imagecache\/400xY\/imgarticulo_t1_4745_201093_113709.jpg\" alt=\"\" width=\"240\" height=\"310\" \/>Los m\u00fasicos argentinos prender\u00e1n el escenario durante la ceremonia de los premios que otorga el Auditorio Nacional.<\/p>\n<p>Hoy por la noche, la novena edici\u00f3n de la entrega de las Lunas del Auditorio tendr\u00e1 como platillo principal la presencia de Fito P\u00e1ez y Andr\u00e9s Calamaro en el escenario del Coloso de Reforma, en un evento que promete sorpresas con duetos entre P\u00e1ez y Julieta Venegas, as\u00ed como el que realizar\u00e1n Manolo Garc\u00eda con Natalia Lafourcade.<\/p>\n<p> Fuente: Record MX. Gracias a Lavris por la noticia.<\/p>\n<p>Son 20 las categor\u00edas para elegir a lo mejor de la m\u00fasica y los espect\u00e1culos en M\u00e9xico, con espacio para el rock, el pop, el ballet, danza moderna y otras muestras art\u00edsticas.<\/p>\n<p>Esta noche tambi\u00e9n se destacar\u00e1 la presencia de la propia Lafourcade, Diego Torres, La Arrolladora Banda El Lim\u00f3n, Pepe Aguilar y Raphael.<\/p>\n<p>La conducci\u00f3n del show estar\u00e1 a cargo de Paola Rojas, Juan Manuel Bernal, Ana La Salvia, Eduardo Videgaray y C\u00e9sar \u00c9vora.<\/p>\n<p>PODER ARGENTINO<br \/>\nFito P\u00e1ez, quien tambi\u00e9n dar\u00e1 su show en el Auditorio el 6 de noviembre, dijo que est\u00e1 ansioso por presentarse en dicho recinto.<\/p>\n<p>\u201cQuiero hacer el Auditorio Nacional, ya me lo merezco. Me voy a juntar con Julieta Venegas para las Lunas, y para mi show quiero invitar a los \u2018Tacvbos\u2019, as\u00ed como al maestro Armando Manzanero\u201d, expres\u00f3 P\u00e1ez.<\/p>\n<p>Por su parte, \u2018El Salm\u00f3n\u2019 Andr\u00e9s Calamaro es otro de los platos fuertes de esta noche, y un par de d\u00edas despu\u00e9s, el 29 de octubre, tocar\u00e1 en el mismo recinto los temas de su placa \u2018On The Rock\u2019.<\/p>\n<p>\u201cVolvemos al Auditorio, donde empezamos nuestra intensa aventura mexicana, y espero que se prolongue para siempre. El Auditorio es un sitio genial para tocar, es un honor poder cantar en semejante evento\u201d, expres\u00f3.<\/p>\n","protected":false},"excerpt":{"rendered":"<p>Los m\u00fasicos argentinos prender\u00e1n el escenario durante la ceremonia de los premios que otorga el Auditorio Nacional. Hoy por la noche, la novena edici\u00f3n de la entrega de las Lunas del Auditorio tendr\u00e1 como platillo principal la presencia de Fito P\u00e1ez y Andr\u00e9s Calamaro en el escenario del Coloso de Reforma, en un evento que<a class=\"moretag\" href=\"https:\/\/www.manologarciaycia.com\/?p=1068\" title=\"MG: Poder argentino en Las Lunas del Auditorio\" target=\"_self\" rel=\"follow\"> <font face=arial size=2>[Leer m\u00e1s]<\/font> <\/a><\/p>\n","protected":false},"author":2,"featured_media":0,"comment_status":"closed","ping_status":"closed","sticky":false,"template":"","format":"standard","meta":{"footnotes":""},"categories":[1],"tags":[],"class_list":["post-1068","post","type-post","status-publish","format-standard","hentry","category-manolo-garcia"],"_links":{"self":[{"href":"https:\/\/www.manologarciaycia.com\/index.php?rest_route=\/wp\/v2\/posts\/1068","targetHints":{"allow":["GET"]}}],"collection":[{"href":"https:\/\/www.manologarciaycia.com\/index.php?rest_route=\/wp\/v2\/posts"}],"about":[{"href":"https:\/\/www.manologarciaycia.com\/index.php?rest_route=\/wp\/v2\/types\/post"}],"author":[{"embeddable":true,"href":"https:\/\/www.manologarciaycia.com\/index.php?rest_route=\/wp\/v2\/users\/2"}],"replies":[{"embeddable":true,"href":"https:\/\/www.manologarciaycia.com\/index.php?rest_route=%2Fwp%2Fv2%2Fcomments&post=1068"}],"version-history":[{"count":2,"href":"https:\/\/www.manologarciaycia.com\/index.php?rest_route=\/wp\/v2\/posts\/1068\/revisions"}],"predecessor-version":[{"id":1070,"href":"https:\/\/www.manologarciaycia.com\/index.php?rest_route=\/wp\/v2\/posts\/1068\/revisions\/1070"}],"wp:attachment":[{"href":"https:\/\/www.manologarciaycia.com\/index.php?rest_route=%2Fwp%2Fv2%2Fmedia&parent=1068"}],"wp:term":[{"taxonomy":"category","embeddable":true,"href":"https:\/\/www.manologarciaycia.com\/index.php?rest_route=%2Fwp%2Fv2%2Fcategories&post=1068"},{"taxonomy":"post_tag","embeddable":true,"href":"https:\/\/www.manologarciaycia.com\/index.php?rest_route=%2Fwp%2Fv2%2Ftags&post=1068"}],"curies":[{"name":"wp","href":"https:\/\/api.w.org\/{rel}","templated":true}]}}