{"id":10677,"date":"2014-10-28T21:52:00","date_gmt":"2014-10-28T20:52:00","guid":{"rendered":"http:\/\/www.manologarciaycia.com\/?p=10677"},"modified":"2014-10-28T21:56:54","modified_gmt":"2014-10-28T20:56:54","slug":"manolo-garcia-solo-pide-cocinar-rollingstone","status":"publish","type":"post","link":"https:\/\/www.manologarciaycia.com\/?p=10677","title":{"rendered":"Manolo Garc\u00eda solo pide cocinar &#8211; RollingStone"},"content":{"rendered":"<p>Se queja del sistema pero, despu\u00e9s de 35 a\u00f1os de carrera, sigue grabando y disfrutando de cantar. A conciencia: el cantante ve el futuro como una lucha. <\/p>\n<p>Hac\u00eda siglos que Manolo Garc\u00eda (Barcelona, 1955) no grababa un \u00e1lbum por la v\u00eda r\u00e1pida: ensayos previos, luz roja y todos los m\u00fasicos tocando juntos, sin pinchazos ni excesiva posproducci\u00f3n. Su sexto \u00e1lbum en solitario desde 1998, Todo es ahora, le ha permitido reencontrarse con dicho m\u00e9todo. <\/p>\n<p><b>Abogas por una vida m\u00e1s sencilla, aunque vives en Barcelona. \u00bfPor qu\u00e9 no tirarse al barro y dejar la ciudad?<\/b><br \/>\n<i>Estoy demasiado enfangado con el barro de la m\u00fasica. Me sigue interesando la m\u00fasica, aunque este sistema no me guste. He estado 15 d\u00edas en Manhattan [Nueva York] grabando este disco; a la calle he podido salir s\u00f3lo tres pero tampoco es que viera a la gente demasiado feliz. No hacemos nuestra comida, dejamos que la hagan por nosotros y que, de paso, nos envenenen con la comida industrial. Putean a las personas que quieren hacer su propia comida, poniendo mil trabas. Toda la pol\u00edtica occidental est\u00e1 dise\u00f1ada, para eso: puedes hacer puertas o l\u00e1mparas, pero no tu comida, que ya nos encargamos nosotros. Quiz\u00e1 sea un poco pueril esto que digo, pero yo lo veo as\u00ed.<\/i><\/p>\n<p><b>\u00bfQu\u00e9 papel pueden jugar tus nuevas canciones en semejante contexto?<\/b><br \/>\n<i>La cultura es necesaria, es una fuente bondadosa de sensaciones discurso. El arte tiene una fuerza emocional muy grande; y la vida es emoci\u00f3n. El punto de uni\u00f3n es absoluto. Mis canciones, como las de cualquiera, sirven para abrirte a un mundo real, a la emoci\u00f3n de los sentidos. Esa es la vida real. Y es sencilla: comer, descansar, tener cobijo, respirar en un planeta limpio. El mundo neoliberal nos empuja a la voracidad en un planeta finito. Mi abuela vivi\u00f3 97 a\u00f1os, no sali\u00f3 del pueblo hasta el final de su vida; la recuerdo feliz, sin malhumor ni crispaci\u00f3n. Soy seguidor de [el escritor William] Faulkner, me tira para atr\u00e1s el progreso. Claro que voy en coche o en el AVE, pero creo que puede haber un punto intermedio.<\/i><\/p>\n<p><b>En &#8216;Es mejor sentir&#8217; reconoces que has tenido que parar a revisar motivaciones y renovar votos antes de seguir adelante.<\/b><br \/>\n<i>S\u00ed, lo hago siempre que termino gira. Paro una temporada y me pongo a sopesar qu\u00e9 me ha gustado m\u00e1s y qu\u00e9 menos.<\/i><\/p>\n<p><b>\u00bfLidias mucho con la insatisfacci\u00f3n?<\/b><br \/>\n<i>No, son leves golpes de tim\u00f3n, muy naturales. Siempre busco el lado bueno de la vida, como cualquiera. No soy faquir, busco el lado confortable y tengo mi hueco en el mundo de la m\u00fasica, en el que siempre estoy bien, porque cada vez me gusta m\u00e1s. Esas revisiones a las que me refiero nunca son dram\u00e1ticas. Es importante luchar por tener una vida pl\u00e1cida; peleando, porque esta no es gratis para nadie. Y si las cosas no te salen, pues es l\u00edcito cambiar el rumbo.<\/i><\/p>\n<p><b>En tu anterior \u00e1lbum agradec\u00edas a \u00abaquellos que piensan que s\u00ed podremos, pero que ha de ser pronto\u00bb.<\/b><br \/>\n<i>Me refer\u00eda al asunto medioambiental. S\u00ed se puede, pero hay que empezar ya. Ahora el \u00abs\u00ed se puede\u00bb tiene todav\u00eda muchas m\u00e1s connotaciones. La fuerza est\u00e1 en la sociedad civil. Y, siempre, pac\u00edficamente. No hablar\u00e9 de lo que pasa aqu\u00ed solamente, porque todo est\u00e1 globalizado y repercute. Estamos viviendo un momento hist\u00f3rico muy importante. Hay que tornar otro rumbo y es ahora. No basta con votar cada cuatro a\u00f1os. A los pol\u00edticos no se les puede dejar solos, hay que marcarles adem\u00e1s de votarles. El \u00fanico pol\u00edtico que me gusta es [Jos\u00e9] Mujica, el presidente de Uruguay.<\/i><\/p>\n<p><b>Los pol\u00edticos no te gustan. Igual un movimiento como la Plataforma de Afectados por la Hipoteca, s\u00ed.<\/b><br \/>\n<i>Pues s\u00ed, eso me tira m\u00e1s. Cualquier tipo de idea relacionada con la justicia social me interesa. El gobierno actual es nefasto, dando vida a la banca y las clases altas. Por ah\u00ed no derivar\u00e9 nunca: soy hijo de una familia humilde; ser\u00eda un traidor y un malnacido si cambio de lado.<\/i><\/p>\n<p>Fuente: RollinStone  Por C\u00e9sar Luqero  Foto Luis Rubio<\/p>\n<p><a href=\"http:\/\/www.manologarciaycia.com\/wp-content\/uploads\/2014\/10\/MG_RSNov2015_p1.jpg\"><img loading=\"lazy\" decoding=\"async\" src=\"http:\/\/www.manologarciaycia.com\/wp-content\/uploads\/2014\/10\/MG_RSNov2015_p1-730x1024.jpg\" alt=\"MG_RSNov2015_p\" width=\"615\" height=\"862\" class=\"aligncenter size-large wp-image-10682\" srcset=\"https:\/\/www.manologarciaycia.com\/wp-content\/uploads\/2014\/10\/MG_RSNov2015_p1-730x1024.jpg 730w, https:\/\/www.manologarciaycia.com\/wp-content\/uploads\/2014\/10\/MG_RSNov2015_p1-356x500.jpg 356w, https:\/\/www.manologarciaycia.com\/wp-content\/uploads\/2014\/10\/MG_RSNov2015_p1-695x974.jpg 695w, https:\/\/www.manologarciaycia.com\/wp-content\/uploads\/2014\/10\/MG_RSNov2015_p1-930x1303.jpg 930w, https:\/\/www.manologarciaycia.com\/wp-content\/uploads\/2014\/10\/MG_RSNov2015_p1.jpg 1023w\" sizes=\"auto, (max-width: 615px) 100vw, 615px\" \/><\/a><\/p>\n","protected":false},"excerpt":{"rendered":"<p>Se queja del sistema pero, despu\u00e9s de 35 a\u00f1os de carrera, sigue grabando y disfrutando de cantar. A conciencia: el cantante ve el futuro como una lucha. Hac\u00eda siglos que Manolo Garc\u00eda (Barcelona, 1955) no grababa un \u00e1lbum por la v\u00eda r\u00e1pida: ensayos previos, luz roja y todos los m\u00fasicos tocando juntos, sin pinchazos ni<a class=\"moretag\" href=\"https:\/\/www.manologarciaycia.com\/?p=10677\" title=\"Manolo Garc\u00eda solo pide cocinar &#8211; RollingStone\" target=\"_self\" rel=\"follow\"> <font face=arial size=2>[Leer m\u00e1s]<\/font> <\/a><\/p>\n","protected":false},"author":2,"featured_media":10678,"comment_status":"closed","ping_status":"closed","sticky":false,"template":"","format":"standard","meta":{"footnotes":""},"categories":[1],"tags":[],"class_list":["post-10677","post","type-post","status-publish","format-standard","has-post-thumbnail","hentry","category-manolo-garcia"],"_links":{"self":[{"href":"https:\/\/www.manologarciaycia.com\/index.php?rest_route=\/wp\/v2\/posts\/10677","targetHints":{"allow":["GET"]}}],"collection":[{"href":"https:\/\/www.manologarciaycia.com\/index.php?rest_route=\/wp\/v2\/posts"}],"about":[{"href":"https:\/\/www.manologarciaycia.com\/index.php?rest_route=\/wp\/v2\/types\/post"}],"author":[{"embeddable":true,"href":"https:\/\/www.manologarciaycia.com\/index.php?rest_route=\/wp\/v2\/users\/2"}],"replies":[{"embeddable":true,"href":"https:\/\/www.manologarciaycia.com\/index.php?rest_route=%2Fwp%2Fv2%2Fcomments&post=10677"}],"version-history":[{"count":3,"href":"https:\/\/www.manologarciaycia.com\/index.php?rest_route=\/wp\/v2\/posts\/10677\/revisions"}],"predecessor-version":[{"id":10683,"href":"https:\/\/www.manologarciaycia.com\/index.php?rest_route=\/wp\/v2\/posts\/10677\/revisions\/10683"}],"wp:featuredmedia":[{"embeddable":true,"href":"https:\/\/www.manologarciaycia.com\/index.php?rest_route=\/wp\/v2\/media\/10678"}],"wp:attachment":[{"href":"https:\/\/www.manologarciaycia.com\/index.php?rest_route=%2Fwp%2Fv2%2Fmedia&parent=10677"}],"wp:term":[{"taxonomy":"category","embeddable":true,"href":"https:\/\/www.manologarciaycia.com\/index.php?rest_route=%2Fwp%2Fv2%2Fcategories&post=10677"},{"taxonomy":"post_tag","embeddable":true,"href":"https:\/\/www.manologarciaycia.com\/index.php?rest_route=%2Fwp%2Fv2%2Ftags&post=10677"}],"curies":[{"name":"wp","href":"https:\/\/api.w.org\/{rel}","templated":true}]}}