{"id":10653,"date":"2014-10-22T11:47:48","date_gmt":"2014-10-22T09:47:48","guid":{"rendered":"http:\/\/www.manologarciaycia.com\/?p=10653"},"modified":"2014-10-22T11:47:48","modified_gmt":"2014-10-22T09:47:48","slug":"manolo-garcia-estreno-de-videoclip-y-criticas-a-itunes","status":"publish","type":"post","link":"https:\/\/www.manologarciaycia.com\/?p=10653","title":{"rendered":"Manolo Garc\u00eda, estreno de videoclip y cr\u00edticas a iTunes"},"content":{"rendered":"<p>Manolo Garc\u00eda acaba de estrenar el videoclip, que pod\u00e9is ver en la noticia extendida, de \u201cEs mejor sentir\u201d, su nuevo single. El m\u00fasico opt\u00f3 por comentar, en una entrevista para la Cadena SER, su opini\u00f3n sobre iTunes y dem\u00e1s webs de descarga de canciones.<\/p>\n<p>El compositor comenz\u00f3 comentando que \u201cAl disco le queda un mes, muchisimo tiempo, pero con estos l\u00edos nuevos, las ventas digitales, ya hay preventas, promoci\u00f3n siete meses antes. Estoy alucinado porque soy de los de antes. Los vinilos me encantan, suenan como antes, tienen una calidad superior a la m\u00fasica en cd y en digital\u2026\u201d.<\/p>\n<p>De iTunes opina que \u201cAbocado a una realidad que no puedo salir, no puedo negarme porque dejar\u00eda la m\u00fasica. Estoy obligado a usar iTunes. Tampoco quer\u00eda vender cuadros pero ahora si los vendo pero por una buena causa. Me parec\u00eda mal tener dos sueldos, es intrusismo\u2026 ya que le quito el trabajo a otra persona\u201d.<\/p>\n<p>Tras responder con un sonoro \u201cno\u201d a la pregunta de si no piensa que iTunes sirve para promocionar a los m\u00fasicos indic\u00f3 que \u201c\u00bfPero es una nueva f\u00f3rmula para que t\u00fa puedas vender los discos?\u201d, \u201cno, tampoco\u201d. \u201cUnos se\u00f1ores llegan, aparecen en el panorama musical, muy buenas, aqu\u00ed estamos, pillamos todo esto, esto es nuestro, y lo cogen por la cabeza y se lo llevan. Los m\u00fasicos nos quedamos pataleando y decimos \u00a1esto qu\u00e9 es!\u201d.<\/p>\n<p>Tras aclarar que \u201cel m\u00fasico es un pelele, algo con lo que unos cuantos ganan dinero\u201d, indicaba que \u201cyo no digo no lo hagas, yo digo haz lo que quieras (\u2026) a mi me encanta que suban las ventas en vinilo, es una buena noticia para mi como m\u00fasico\u201d. \u201cHay ventas digitales es inevitable pero que cada uno haga lo que quiera, vivir y dejar vivir\u201d. Concluy\u00f3 con un \u201cyo compro discos\u201d. Grande como pocos, Garc\u00eda sigue apostando por lo que le ha convertido en un mito de nuestra m\u00fasica: el trabajo diario y la humildad. Os dejamos con su v\u00eddeo.<\/p>\n<p><iframe loading=\"lazy\" width=\"560\" height=\"315\" src=\"\/\/www.youtube.com\/embed\/-jq_MuYGtBA\" frameborder=\"0\" allowfullscreen><\/iframe><\/p>\n<p>Fuente: Miusyk &#8211; <a href=\"http:\/\/www.miusyk.com\/manolo-garcia-estreno-videoclip-criticas-itunes.html\" target=\"_blank\">ENLACE<\/a><\/p>\n","protected":false},"excerpt":{"rendered":"<p>Manolo Garc\u00eda acaba de estrenar el videoclip, que pod\u00e9is ver en la noticia extendida, de \u201cEs mejor sentir\u201d, su nuevo single. El m\u00fasico opt\u00f3 por comentar, en una entrevista para la Cadena SER, su opini\u00f3n sobre iTunes y dem\u00e1s webs de descarga de canciones. El compositor comenz\u00f3 comentando que \u201cAl disco le queda un mes,<a class=\"moretag\" href=\"https:\/\/www.manologarciaycia.com\/?p=10653\" title=\"Manolo Garc\u00eda, estreno de videoclip y cr\u00edticas a iTunes\" target=\"_self\" rel=\"follow\"> <font face=arial size=2>[Leer m\u00e1s]<\/font> <\/a><\/p>\n","protected":false},"author":2,"featured_media":10654,"comment_status":"closed","ping_status":"closed","sticky":false,"template":"","format":"standard","meta":{"footnotes":""},"categories":[1],"tags":[],"class_list":["post-10653","post","type-post","status-publish","format-standard","has-post-thumbnail","hentry","category-manolo-garcia"],"_links":{"self":[{"href":"https:\/\/www.manologarciaycia.com\/index.php?rest_route=\/wp\/v2\/posts\/10653","targetHints":{"allow":["GET"]}}],"collection":[{"href":"https:\/\/www.manologarciaycia.com\/index.php?rest_route=\/wp\/v2\/posts"}],"about":[{"href":"https:\/\/www.manologarciaycia.com\/index.php?rest_route=\/wp\/v2\/types\/post"}],"author":[{"embeddable":true,"href":"https:\/\/www.manologarciaycia.com\/index.php?rest_route=\/wp\/v2\/users\/2"}],"replies":[{"embeddable":true,"href":"https:\/\/www.manologarciaycia.com\/index.php?rest_route=%2Fwp%2Fv2%2Fcomments&post=10653"}],"version-history":[{"count":1,"href":"https:\/\/www.manologarciaycia.com\/index.php?rest_route=\/wp\/v2\/posts\/10653\/revisions"}],"predecessor-version":[{"id":10655,"href":"https:\/\/www.manologarciaycia.com\/index.php?rest_route=\/wp\/v2\/posts\/10653\/revisions\/10655"}],"wp:featuredmedia":[{"embeddable":true,"href":"https:\/\/www.manologarciaycia.com\/index.php?rest_route=\/wp\/v2\/media\/10654"}],"wp:attachment":[{"href":"https:\/\/www.manologarciaycia.com\/index.php?rest_route=%2Fwp%2Fv2%2Fmedia&parent=10653"}],"wp:term":[{"taxonomy":"category","embeddable":true,"href":"https:\/\/www.manologarciaycia.com\/index.php?rest_route=%2Fwp%2Fv2%2Fcategories&post=10653"},{"taxonomy":"post_tag","embeddable":true,"href":"https:\/\/www.manologarciaycia.com\/index.php?rest_route=%2Fwp%2Fv2%2Ftags&post=10653"}],"curies":[{"name":"wp","href":"https:\/\/api.w.org\/{rel}","templated":true}]}}