{"id":1065,"date":"2010-10-27T18:10:47","date_gmt":"2010-10-27T17:10:47","guid":{"rendered":"http:\/\/petaos.net\/?p=1065"},"modified":"2010-10-27T18:11:07","modified_gmt":"2010-10-27T17:11:07","slug":"mg-natalia-lafourcade-cantara-con-manolo-garcia-en-las-lunas","status":"publish","type":"post","link":"https:\/\/www.manologarciaycia.com\/?p=1065","title":{"rendered":"MG: Natalia Lafourcade cantar\u00e1 con Manolo Garc\u00eda en Las Lunas"},"content":{"rendered":"<p><img loading=\"lazy\" decoding=\"async\" class=\"alignleft\" src=\"http:\/\/www.eluniversal.com.mx\/img\/2010\/10\/Esp\/N-E8-10photo01.jpg\" alt=\"\" width=\"210\" height=\"315\" \/><\/p>\n<p>Natalia Lafourcade y Manolo Garc\u00eda cantar\u00e1n por primera vez a d\u00fao en la entrega de los premios Lunas del Auditorio, que se llevar\u00e1 a cabo el d\u00eda de hoy a las 20:00 horas en el foro de Reforma.<\/p>\n<p>Interpretar\u00e1n un arreglo ac\u00fastico de \u201cCursis melod\u00edas\u201d y \u201cP\u00e1jaros de barro\u201d, las cuales se han ensayado por s\u00f3lo dos d\u00edas, debido a los compromisos de trabajo de cada uno.<\/p>\n<p>La cantante coment\u00f3 que le gustar\u00eda grabar la canci\u00f3n que interpretar\u00e1 en la noche de gala, una versi\u00f3n ac\u00fastica elaborada especialmente para el evento: \u201cAunque es la misma estructura, es un arreglo mucho m\u00e1s \u00edntimo, a m\u00ed me encanto y ya lo quiero grabar\u201d.<\/p>\n<p>La int\u00e9rprete de \u201cNo viniste\u201d, se encuentra muy contenta por trabajar a lado de Manolo, ex integrante del grupo espa\u00f1ol El \u00daltimo de la Fila: \u201cLo padre es trabajar con personas que hagan cosas diferentes a las que t\u00fa haces, lo mejor es tratar cosas nuevas, es lo que hicimos y que est\u00e1 dando buen resultado, adem\u00e1s me siento muy contenta de que nos hayan juntado para trabajar\u201d.<\/p>\n<p> Fuente: El Universal. Gracias Fran_G por el aviso.<\/p>\n<p>Comentaron que los arreglos hechos a estas canciones los hicieron por instinto: \u201cCuando est\u00e1s con alguien con el que haces qu\u00edmica es bueno, adem\u00e1s los retos han sido grandes, pero la banda de Manolo es excelente y las canciones suenan bien. Ha sido muy padre porque es poner un poco de lo m\u00edo en lo suyo y nos hemos divertido\u201d.<\/p>\n<p>Agreg\u00f3 que lo \u00fanico que espera es que a la gente le guste: \u201cAl final, lo importantes es dar un buen show, que la gente lo disfrute es lo m\u00e1s importante, cuando te sabes las canciones y cuando sabes lo que vas a hacer lo disfrutas y la gente lo disfruta por consecuencia, no me interesa palomear, quiero que salga bien\u201d.<\/p>\n<p>Los planes<\/p>\n<p>Natalia no descarta la posibilidad de volver a trabajar a lado de Manolo: \u201cExiste la posibilidad, si no fuera porque me voy de viaje tal vez estar\u00eda cantando con ellos en el Metrop\u00f3litan\u201d.<\/p>\n<p>Actualmente la cantautora se encuentra trabajando en su pr\u00f3xima producci\u00f3n discogr\u00e1fica, en donde cantar\u00e1 jazz y realizar\u00e1 conciertos.<\/p>\n<p>Natalia, quien recientemente comparti\u00f3 escenario con la tambi\u00e9n cantautora, Ximena Sari\u00f1ana, en Guanajuato, consider\u00f3 la posibilidad de trabajar un nuevo material de manera conjunta: \u201cTenemos much\u00edsimas ganas de hacer algo, somos muy amigas, seguro va a pasar algo pronto\u201d.<\/p>\n","protected":false},"excerpt":{"rendered":"<p>Natalia Lafourcade y Manolo Garc\u00eda cantar\u00e1n por primera vez a d\u00fao en la entrega de los premios Lunas del Auditorio, que se llevar\u00e1 a cabo el d\u00eda de hoy a las 20:00 horas en el foro de Reforma. Interpretar\u00e1n un arreglo ac\u00fastico de \u201cCursis melod\u00edas\u201d y \u201cP\u00e1jaros de barro\u201d, las cuales se han ensayado por<a class=\"moretag\" href=\"https:\/\/www.manologarciaycia.com\/?p=1065\" title=\"MG: Natalia Lafourcade cantar\u00e1 con Manolo Garc\u00eda en Las Lunas\" target=\"_self\" rel=\"follow\"> <font face=arial size=2>[Leer m\u00e1s]<\/font> <\/a><\/p>\n","protected":false},"author":2,"featured_media":0,"comment_status":"closed","ping_status":"closed","sticky":false,"template":"","format":"standard","meta":{"footnotes":""},"categories":[1],"tags":[160],"class_list":["post-1065","post","type-post","status-publish","format-standard","hentry","category-manolo-garcia","tag-manolo-garcia-lunas-mexico-concierto-natalia-lafourcade"],"_links":{"self":[{"href":"https:\/\/www.manologarciaycia.com\/index.php?rest_route=\/wp\/v2\/posts\/1065","targetHints":{"allow":["GET"]}}],"collection":[{"href":"https:\/\/www.manologarciaycia.com\/index.php?rest_route=\/wp\/v2\/posts"}],"about":[{"href":"https:\/\/www.manologarciaycia.com\/index.php?rest_route=\/wp\/v2\/types\/post"}],"author":[{"embeddable":true,"href":"https:\/\/www.manologarciaycia.com\/index.php?rest_route=\/wp\/v2\/users\/2"}],"replies":[{"embeddable":true,"href":"https:\/\/www.manologarciaycia.com\/index.php?rest_route=%2Fwp%2Fv2%2Fcomments&post=1065"}],"version-history":[{"count":2,"href":"https:\/\/www.manologarciaycia.com\/index.php?rest_route=\/wp\/v2\/posts\/1065\/revisions"}],"predecessor-version":[{"id":1067,"href":"https:\/\/www.manologarciaycia.com\/index.php?rest_route=\/wp\/v2\/posts\/1065\/revisions\/1067"}],"wp:attachment":[{"href":"https:\/\/www.manologarciaycia.com\/index.php?rest_route=%2Fwp%2Fv2%2Fmedia&parent=1065"}],"wp:term":[{"taxonomy":"category","embeddable":true,"href":"https:\/\/www.manologarciaycia.com\/index.php?rest_route=%2Fwp%2Fv2%2Fcategories&post=1065"},{"taxonomy":"post_tag","embeddable":true,"href":"https:\/\/www.manologarciaycia.com\/index.php?rest_route=%2Fwp%2Fv2%2Ftags&post=1065"}],"curies":[{"name":"wp","href":"https:\/\/api.w.org\/{rel}","templated":true}]}}