{"id":10519,"date":"2014-10-06T07:41:13","date_gmt":"2014-10-06T05:41:13","guid":{"rendered":"http:\/\/www.manologarciaycia.com\/?p=10519"},"modified":"2014-10-10T14:04:38","modified_gmt":"2014-10-10T12:04:38","slug":"video-de-manolo-garcia-colaborando-con-ene-kantak-y-euskalerria-irratia","status":"publish","type":"post","link":"https:\/\/www.manologarciaycia.com\/?p=10519","title":{"rendered":"V\u00eddeo de Manolo Garc\u00eda colaborando con ENE KANTAK y Euskalerria Irratia"},"content":{"rendered":"<p>Manolo Garc\u00eda en el CD\/DV Ene Kantak a favor de Euskalerria Irratia.<\/p>\n<p>Noticia Relacionada: <a href=\"http:\/\/www.manologarciaycia.com\/?p=9744\">http:\/\/www.manologarciaycia.com\/?p=9744<\/a><\/p>\n<p>La traducci\u00f3n del tema:<\/p>\n<p>13 de Noviembre<br \/>\n&#8212;&#8212;&#8212;&#8212;&#8212;<br \/>\n\u00bfDonde esta la luna? No se ve<br \/>\navergonzada, escondida.<br \/>\nEl mar era su espejo<br \/>\nborradas las negras tormentas.<br \/>\nLa arena apenas ya espera,<br \/>\nla ola azul de la basura.<br \/>\nConstruyen un futuro,<br \/>\npero destrozando y generando dolor.<\/p>\n<p>Trece de noviembre,<br \/>\nEneko sacara las pinturas.<br \/>\nEl viento dispersara los colores,<br \/>\nla luna olera el salitre.<\/p>\n<p>Afilar la espada que corte la flor<br \/>\npintada no puede olerse;<br \/>\nno podran cortar la primavera.<br \/>\nEl humo traera el mensaje,<br \/>\nlos bosques convertidos en desiertos,<br \/>\nno podran abrazar las estrellas,<br \/>\nlas enormes redes desplegadas encallaran,<br \/>\nlos peces peque\u00f1os sin poder respirar.<\/p>\n<p>Trece de noviembre,<br \/>\nEneko sacara las pinturas.<br \/>\nEl viento dispersara los colores,<br \/>\nla luna olera el salitre.<\/p>\n<p>El agua esta subiendo;<br \/>\nnos mojaremos.<br \/>\nEl aro moderno de la carretera<br \/>\noscurecera las estaciones.<\/p>\n<p>Trece de noviembre,<br \/>\nEneko sacara las pinturas.<br \/>\nEl viento dispersara los colores,<br \/>\nla luna olera el salitre.<\/p>\n","protected":false},"excerpt":{"rendered":"<p>Manolo Garc\u00eda en el CD\/DV Ene Kantak a favor de Euskalerria Irratia. Noticia Relacionada: http:\/\/www.manologarciaycia.com\/?p=9744 La traducci\u00f3n del tema: 13 de Noviembre &#8212;&#8212;&#8212;&#8212;&#8212; \u00bfDonde esta la luna? No se ve avergonzada, escondida. El mar era su espejo borradas las negras tormentas. La arena apenas ya espera, la ola azul de la basura. Construyen un futuro,<a class=\"moretag\" href=\"https:\/\/www.manologarciaycia.com\/?p=10519\" title=\"V\u00eddeo de Manolo Garc\u00eda colaborando con ENE KANTAK y Euskalerria Irratia\" target=\"_self\" rel=\"follow\"> <font face=arial size=2>[Leer m\u00e1s]<\/font> <\/a><\/p>\n","protected":false},"author":2,"featured_media":0,"comment_status":"closed","ping_status":"closed","sticky":false,"template":"","format":"video","meta":{"footnotes":""},"categories":[1],"tags":[],"class_list":["post-10519","post","type-post","status-publish","format-video","hentry","category-manolo-garcia","post_format-post-format-video"],"_links":{"self":[{"href":"https:\/\/www.manologarciaycia.com\/index.php?rest_route=\/wp\/v2\/posts\/10519","targetHints":{"allow":["GET"]}}],"collection":[{"href":"https:\/\/www.manologarciaycia.com\/index.php?rest_route=\/wp\/v2\/posts"}],"about":[{"href":"https:\/\/www.manologarciaycia.com\/index.php?rest_route=\/wp\/v2\/types\/post"}],"author":[{"embeddable":true,"href":"https:\/\/www.manologarciaycia.com\/index.php?rest_route=\/wp\/v2\/users\/2"}],"replies":[{"embeddable":true,"href":"https:\/\/www.manologarciaycia.com\/index.php?rest_route=%2Fwp%2Fv2%2Fcomments&post=10519"}],"version-history":[{"count":2,"href":"https:\/\/www.manologarciaycia.com\/index.php?rest_route=\/wp\/v2\/posts\/10519\/revisions"}],"predecessor-version":[{"id":10575,"href":"https:\/\/www.manologarciaycia.com\/index.php?rest_route=\/wp\/v2\/posts\/10519\/revisions\/10575"}],"wp:attachment":[{"href":"https:\/\/www.manologarciaycia.com\/index.php?rest_route=%2Fwp%2Fv2%2Fmedia&parent=10519"}],"wp:term":[{"taxonomy":"category","embeddable":true,"href":"https:\/\/www.manologarciaycia.com\/index.php?rest_route=%2Fwp%2Fv2%2Fcategories&post=10519"},{"taxonomy":"post_tag","embeddable":true,"href":"https:\/\/www.manologarciaycia.com\/index.php?rest_route=%2Fwp%2Fv2%2Ftags&post=10519"}],"curies":[{"name":"wp","href":"https:\/\/api.w.org\/{rel}","templated":true}]}}