{"id":10509,"date":"2014-10-03T20:24:41","date_gmt":"2014-10-03T18:24:41","guid":{"rendered":"http:\/\/www.manologarciaycia.com\/?p=10509"},"modified":"2014-10-03T20:25:21","modified_gmt":"2014-10-03T18:25:21","slug":"prereserva-en-fnac-la-edic-especial-los-1000-primeros-firmados","status":"publish","type":"post","link":"https:\/\/www.manologarciaycia.com\/?p=10509","title":{"rendered":"Prereserva en FNAC la Edic. Especial de Todo es ahora (los 1000 primeros, firmados!)"},"content":{"rendered":"<p><i>Ll\u00e9vate firmado* el nuevo disco de Manolo Garc\u00eda \u2018Todo es ahora\u2019. Adem\u00e1s, hasta el 14 de noviembre, a un precio especial de 12,99\u20ac. *S\u00f3lo ir\u00e1n firmadas las 1.000 primeras unidades reservadas. IMPORTANTE: Al tratarse de un producto que debe ser firmado por los artistas, la fecha de entrega, puede verse afectada por retrasos ajenos a la FNAC<\/i> <\/p>\n<p><a href=\"http:\/\/musica.fnac.es\/a1062810\/Manolo-Garcia-Todo-es-ahora-Edicion-limitada-doble-CD-CD-album#bl=HGMUblo1?Origin=TWT_Musica\" target=\"_blank\">ENLACE<\/a><\/p>\n<p>Si sale el simbolito amarillo <a href=\"http:\/\/www.manologarciaycia.com\/wp-content\/uploads\/2014\/10\/firma.png\"><img loading=\"lazy\" decoding=\"async\" src=\"http:\/\/www.manologarciaycia.com\/wp-content\/uploads\/2014\/10\/firma.png\" alt=\"firma\" width=\"22\" height=\"22\" class=\"aligncenter size-full wp-image-10512\" \/><\/a> es que todav\u00eda est\u00e1s entre las 1000 primeras unidades que ir\u00e1n firmadas. Las siguientes unidades del mismo producto ir\u00e1n sin firmar. <\/p>\n","protected":false},"excerpt":{"rendered":"<p>Ll\u00e9vate firmado* el nuevo disco de Manolo Garc\u00eda \u2018Todo es ahora\u2019. Adem\u00e1s, hasta el 14 de noviembre, a un precio especial de 12,99\u20ac. *S\u00f3lo ir\u00e1n firmadas las 1.000 primeras unidades reservadas. IMPORTANTE: Al tratarse de un producto que debe ser firmado por los artistas, la fecha de entrega, puede verse afectada por retrasos ajenos a<a class=\"moretag\" href=\"https:\/\/www.manologarciaycia.com\/?p=10509\" title=\"Prereserva en FNAC la Edic. Especial de Todo es ahora (los 1000 primeros, firmados!)\" target=\"_self\" rel=\"follow\"> <font face=arial size=2>[Leer m\u00e1s]<\/font> <\/a><\/p>\n","protected":false},"author":2,"featured_media":10510,"comment_status":"closed","ping_status":"closed","sticky":false,"template":"","format":"standard","meta":{"footnotes":""},"categories":[1],"tags":[],"class_list":["post-10509","post","type-post","status-publish","format-standard","has-post-thumbnail","hentry","category-manolo-garcia"],"_links":{"self":[{"href":"https:\/\/www.manologarciaycia.com\/index.php?rest_route=\/wp\/v2\/posts\/10509","targetHints":{"allow":["GET"]}}],"collection":[{"href":"https:\/\/www.manologarciaycia.com\/index.php?rest_route=\/wp\/v2\/posts"}],"about":[{"href":"https:\/\/www.manologarciaycia.com\/index.php?rest_route=\/wp\/v2\/types\/post"}],"author":[{"embeddable":true,"href":"https:\/\/www.manologarciaycia.com\/index.php?rest_route=\/wp\/v2\/users\/2"}],"replies":[{"embeddable":true,"href":"https:\/\/www.manologarciaycia.com\/index.php?rest_route=%2Fwp%2Fv2%2Fcomments&post=10509"}],"version-history":[{"count":2,"href":"https:\/\/www.manologarciaycia.com\/index.php?rest_route=\/wp\/v2\/posts\/10509\/revisions"}],"predecessor-version":[{"id":10515,"href":"https:\/\/www.manologarciaycia.com\/index.php?rest_route=\/wp\/v2\/posts\/10509\/revisions\/10515"}],"wp:featuredmedia":[{"embeddable":true,"href":"https:\/\/www.manologarciaycia.com\/index.php?rest_route=\/wp\/v2\/media\/10510"}],"wp:attachment":[{"href":"https:\/\/www.manologarciaycia.com\/index.php?rest_route=%2Fwp%2Fv2%2Fmedia&parent=10509"}],"wp:term":[{"taxonomy":"category","embeddable":true,"href":"https:\/\/www.manologarciaycia.com\/index.php?rest_route=%2Fwp%2Fv2%2Fcategories&post=10509"},{"taxonomy":"post_tag","embeddable":true,"href":"https:\/\/www.manologarciaycia.com\/index.php?rest_route=%2Fwp%2Fv2%2Ftags&post=10509"}],"curies":[{"name":"wp","href":"https:\/\/api.w.org\/{rel}","templated":true}]}}