{"id":10471,"date":"2014-09-29T11:29:12","date_gmt":"2014-09-29T09:29:12","guid":{"rendered":"http:\/\/www.manologarciaycia.com\/?p=10471"},"modified":"2014-09-29T11:29:12","modified_gmt":"2014-09-29T09:29:12","slug":"manolo-garcia-tiene-un-mensaje-es-mejor-sentir","status":"publish","type":"post","link":"https:\/\/www.manologarciaycia.com\/?p=10471","title":{"rendered":"Manolo Garc\u00eda tiene un mensaje: \u00abEs Mejor Sentir\u00bb"},"content":{"rendered":"<p>Lo ha vuelto a hacer. Manolo Garc\u00eda nos toca la fibra sensible en el primer adelanto de su pr\u00f3ximo \u00e1lbum. Una canci\u00f3n que lleva por t\u00edtulo \u201cEs Mejor Sentir\u201d y que est\u00e1 a la altura de la trayectoria del que fuera cantante de El \u00daltimo de la Fila. Ser\u00e1 en alg\u00fan momento de este oto\u00f1o cuando llegue al mercado el nuevo disco. Por David Acosta.<\/p>\n<p>Nos cuentan que ser\u00e1 en oto\u00f1o cuando se ponga a la venta el nuevo disco de Manolo Garc\u00eda, del que todav\u00eda no conocemos su t\u00edtulo. Un \u00e1lbum que promete grandes emociones, como todos los que firma este h\u00e9roe de la m\u00fasica popular espa\u00f1ola.<br \/>\nGrabado en el neoyorquino The Clubhouse Studio, el nuevo trabajo del que fuera cantante de El \u00daltimo de la Fila ha contado con la participaci\u00f3n de m\u00fasicos de reconocido prestigio, como por ejemplo, el guitarrista Earl Slick o el teclista Mike Garson, habituales \u201csoldados\u201d de David Bowie. La mezcla de las canciones corresponde a Michael Brauer y Andrew Sheps, expertos en la materia que han trabajado con artistas como Coldplay y Paul McCartney (en el caso de Brauer) y Red Hot Chili Peppers o Adele (en el caso de Sheps).<\/p>\n<p>El primer adelanto del nuevo disco de Manolo Garc\u00eda lo encontramos en el tema \u201cEs Mejor Sentir\u201d, que puedes escuchar un poco m\u00e1s abajo. Una canci\u00f3n que no defrauda y que consigue llegarnos al coraz\u00f3n ofreciendo luz en momentos oscuros. \u201cEs mejor sentir que pensar\u201d, reza el estribillo. Estamos de acuerdo.<\/p>\n<p>Manolo Garc\u00eda, con la sensibilidad a flor de piel. Foto: Alberto Gamazo.<\/p>\n<p>Fuente: Genetika Rock Radio &#8211; <a href=\"http:\/\/genetikarockradio.com\/manolo-garcia-tiene-un-mensaje-%E2%80%9Ces-mejor-sentir%E2%80%9D\/\" target=\"_blank\">ENLACE<\/a><\/p>\n","protected":false},"excerpt":{"rendered":"<p>Lo ha vuelto a hacer. Manolo Garc\u00eda nos toca la fibra sensible en el primer adelanto de su pr\u00f3ximo \u00e1lbum. Una canci\u00f3n que lleva por t\u00edtulo \u201cEs Mejor Sentir\u201d y que est\u00e1 a la altura de la trayectoria del que fuera cantante de El \u00daltimo de la Fila. Ser\u00e1 en alg\u00fan momento de este oto\u00f1o<a class=\"moretag\" href=\"https:\/\/www.manologarciaycia.com\/?p=10471\" title=\"Manolo Garc\u00eda tiene un mensaje: \u00abEs Mejor Sentir\u00bb\" target=\"_self\" rel=\"follow\"> <font face=arial size=2>[Leer m\u00e1s]<\/font> <\/a><\/p>\n","protected":false},"author":2,"featured_media":9719,"comment_status":"closed","ping_status":"closed","sticky":false,"template":"","format":"standard","meta":{"footnotes":""},"categories":[1],"tags":[],"class_list":["post-10471","post","type-post","status-publish","format-standard","has-post-thumbnail","hentry","category-manolo-garcia"],"_links":{"self":[{"href":"https:\/\/www.manologarciaycia.com\/index.php?rest_route=\/wp\/v2\/posts\/10471","targetHints":{"allow":["GET"]}}],"collection":[{"href":"https:\/\/www.manologarciaycia.com\/index.php?rest_route=\/wp\/v2\/posts"}],"about":[{"href":"https:\/\/www.manologarciaycia.com\/index.php?rest_route=\/wp\/v2\/types\/post"}],"author":[{"embeddable":true,"href":"https:\/\/www.manologarciaycia.com\/index.php?rest_route=\/wp\/v2\/users\/2"}],"replies":[{"embeddable":true,"href":"https:\/\/www.manologarciaycia.com\/index.php?rest_route=%2Fwp%2Fv2%2Fcomments&post=10471"}],"version-history":[{"count":1,"href":"https:\/\/www.manologarciaycia.com\/index.php?rest_route=\/wp\/v2\/posts\/10471\/revisions"}],"predecessor-version":[{"id":10472,"href":"https:\/\/www.manologarciaycia.com\/index.php?rest_route=\/wp\/v2\/posts\/10471\/revisions\/10472"}],"wp:featuredmedia":[{"embeddable":true,"href":"https:\/\/www.manologarciaycia.com\/index.php?rest_route=\/wp\/v2\/media\/9719"}],"wp:attachment":[{"href":"https:\/\/www.manologarciaycia.com\/index.php?rest_route=%2Fwp%2Fv2%2Fmedia&parent=10471"}],"wp:term":[{"taxonomy":"category","embeddable":true,"href":"https:\/\/www.manologarciaycia.com\/index.php?rest_route=%2Fwp%2Fv2%2Fcategories&post=10471"},{"taxonomy":"post_tag","embeddable":true,"href":"https:\/\/www.manologarciaycia.com\/index.php?rest_route=%2Fwp%2Fv2%2Ftags&post=10471"}],"curies":[{"name":"wp","href":"https:\/\/api.w.org\/{rel}","templated":true}]}}