{"id":10458,"date":"2014-09-28T08:45:13","date_gmt":"2014-09-28T06:45:13","guid":{"rendered":"http:\/\/www.manologarciaycia.com\/?p=10458"},"modified":"2014-10-03T13:18:30","modified_gmt":"2014-10-03T11:18:30","slug":"la-gran-familia-de-la-musica-espanola-trio-de-ases","status":"publish","type":"post","link":"https:\/\/www.manologarciaycia.com\/?p=10458","title":{"rendered":"La Gran Familia de la M\u00fasica Espa\u00f1ola + Tr\u00edo de Ases (EPS)"},"content":{"rendered":"<p><b><span style=\"text-decoration: underline;\">Especial \u00abLa Gran Familia de la M\u00fasica Espa\u00f1ola\u00bb<\/span><\/b> &#8211; por Diego A. Manrique.<\/p>\n<p>Sus canciones son himnos que forman parte de nuestras vidas. Reunimos a destacados artistas para celebrar medio siglo de \u00e9xitos musicales en espa\u00f1ol. Junto a otros muchos, protagonizan una nueva colecci\u00f3n de El Pa\u00eds.<\/p>\n<p>El caso Bunbury pone en solfa otro mito persistente sobre el pop espa\u00f1ol: que su manifestaci\u00f3n principal es el grupo, lo que condena a la irrelevancia a los integrantes que luego intentan lanzarse como solistas. Cuesta elaborar un nuevo perfil. pero no es imposible. Lo demuestra Manolo Garc\u00eda, que mantiene una pol\u00edtica de lealtad insobornable hacia su m\u00fasica: de pleno acuerdo con su ex-compa\u00f1ero, Quimi Portet, jam\u00e1s ha permitido que se editen recopilaciones con el material grabado por El \u00daltimo de la Fila, bajo la teor\u00eda de que eso supone despiezar unos elep\u00e9s que deben apreciarse en su integridad. Una opci\u00f3n que, internacionalmente, solo defienden irreductibles tipo Neil Young o Tom Waits.<\/p>\n<p>Manolo Garc\u00eda tambi\u00e9n es paradigma de inquietud sonora: cada tres a\u00f1os, viaja a grabar en otros pa\u00edses, donde colabora con m\u00fasicos de sesi\u00f3n locales.<\/p>\n<p><span style=\"text-decoration: underline;\"><strong>Trio de Ases:<\/strong><\/span><\/p>\n<p><a href=\"http:\/\/www.manologarciaycia.com\/wp-content\/uploads\/2014\/09\/TrioDeAses_EPS.jpg\"><img loading=\"lazy\" decoding=\"async\" class=\"aligncenter size-medium wp-image-10464\" src=\"http:\/\/www.manologarciaycia.com\/wp-content\/uploads\/2014\/09\/TrioDeAses_EPS-391x500.jpg\" alt=\"TrioDeAses_EPS\" width=\"391\" height=\"500\" srcset=\"https:\/\/www.manologarciaycia.com\/wp-content\/uploads\/2014\/09\/TrioDeAses_EPS-391x500.jpg 391w, https:\/\/www.manologarciaycia.com\/wp-content\/uploads\/2014\/09\/TrioDeAses_EPS-801x1024.jpg 801w, https:\/\/www.manologarciaycia.com\/wp-content\/uploads\/2014\/09\/TrioDeAses_EPS-695x887.jpg 695w, https:\/\/www.manologarciaycia.com\/wp-content\/uploads\/2014\/09\/TrioDeAses_EPS-930x1187.jpg 930w\" sizes=\"auto, (max-width: 391px) 100vw, 391px\" \/><\/a><\/p>\n<p>Aunque en la imagen sea Manolo Garc\u00eda el que ocupa el lugar central, en realidad deber\u00eda ser Leiva. Porque Manolo Garc\u00eda y Loquillo representan, como ellos mismos dijeron durante la sesi\u00f3n, dos extremos: poli bueno y poli malo.<\/p>\n<p>El Loco impuso su estilo de estrella, mientras que al ex de El \u00daltimo de la Fila le ven\u00eda bien todo. Hasta se arranc\u00f3 con un chiste mientras les tomaban fotograf\u00edas. Manolo ultima su nuevo disco, que ha grabado en Nueva York acompa\u00f1ado de gran parte de la banda que sigue normalmente a David Bowie.<\/p>\n<p>\u00abYo me dedico a ser solo m\u00fasico y a que la gente disfrute conmigo. Y como creo que me porto bien.de vez en cuando los dioses (es que yo soy polite\u00edsta) me mandan inspiraci\u00f3n para hacer m\u00e1s canciones\u00bb, explica Loquillo, tras dejar atr\u00e1s a sus trogloditas y \u00e9xitos como Rock en la plaza del pueblo contin\u00faa produciendo discos en solitario. M\u00e1s de sesenta actuaciones ha dado este a\u00f1o con El Creyente.<\/p>\n<p>Leiva es otro que comenz\u00f3 acompa\u00f1ado en el escenario y sigui\u00f3 su propia senda. Conocimos a Pereza hace diez a\u00f1os y juntos escribieron una nueva p\u00e1gina del rock espa\u00f1ol. El d\u00fao que form\u00f3 junto a Rub\u00e9n Pozo fue su \u00abvida, sue\u00f1o y novia\u00bb, como esoribi\u00f3 en una emotiva carta que public\u00f3 tras su separaci\u00f3n en 2012. En 2014 sac\u00f3 su segundo disco en solitario \u00abP\u00f3lvora\u00bb.<\/p>\n<p><span style=\"text-decoration: underline;\"><strong>Carl Perkins, cien zapatos y un sof\u00e1 Chester<\/strong><\/span> &#8211; por Patricia Peir\u00f3<\/p>\n<p><a href=\"http:\/\/www.manologarciaycia.com\/wp-content\/uploads\/2014\/09\/1412003653_634100_1412072526_sumario_grande.jpg\"><img loading=\"lazy\" decoding=\"async\" class=\"aligncenter wp-image-10501 size-medium\" src=\"http:\/\/www.manologarciaycia.com\/wp-content\/uploads\/2014\/09\/1412003653_634100_1412072526_sumario_grande-500x333.jpg\" alt=\"1412003653_634100_1412072526_sumario_grande\" width=\"500\" height=\"333\" srcset=\"https:\/\/www.manologarciaycia.com\/wp-content\/uploads\/2014\/09\/1412003653_634100_1412072526_sumario_grande-500x333.jpg 500w, https:\/\/www.manologarciaycia.com\/wp-content\/uploads\/2014\/09\/1412003653_634100_1412072526_sumario_grande-695x463.jpg 695w, https:\/\/www.manologarciaycia.com\/wp-content\/uploads\/2014\/09\/1412003653_634100_1412072526_sumario_grande-930x620.jpg 930w, https:\/\/www.manologarciaycia.com\/wp-content\/uploads\/2014\/09\/1412003653_634100_1412072526_sumario_grande.jpg 980w\" sizes=\"auto, (max-width: 500px) 100vw, 500px\" \/><\/a><\/p>\n<p>&nbsp;<\/p>\n<p>Manolo Garc\u00eda lleg\u00f3 morenito y le toc\u00f3 esperar: media hora a Leiva y una a Loquillo. \u00abNo pasa nada, yo estoy nervioso cuando soy yo el que hace esperar\u00bb. Mientras tanto los estilistas le daban los \u00faltimos planchazos a su camisa negra. Lleg\u00f3 Leiva y comenz\u00f3 su ronda de disparos.<\/p>\n<p>El fot\u00f3grafo tuvo que interrumpir la conversaci\u00f3n de estos dos hombres de negro varias veces. \u00abTienes que darle un plus al que se encarga de tu papeler\u00eda porque el pueblo en el que he estado de vacaciones estaba inundado con tu cara\u00bb, le contaba Manolo.<\/p>\n<p>\u00ab\u00a1Viene Loquillo!\u00bb se escuch\u00f3 desde el fondo del pasillo. Una sombra de casi dos metros se adivinaba en la puerta. Primeros abrazos a Manolo y Leiva&#8230;<\/p>\n<p>Fuente: El Pa\u00eds Semanal &#8211; <a href=\"http:\/\/elpais.com\/elpais\/eps.html\" target=\"_blank\">http:\/\/elpais.com\/elpais\/eps.html<\/a><\/p>\n","protected":false},"excerpt":{"rendered":"<p>Especial \u00abLa Gran Familia de la M\u00fasica Espa\u00f1ola\u00bb &#8211; por Diego A. Manrique. Sus canciones son himnos que forman parte de nuestras vidas. Reunimos a destacados artistas para celebrar medio siglo de \u00e9xitos musicales en espa\u00f1ol. Junto a otros muchos, protagonizan una nueva colecci\u00f3n de El Pa\u00eds. El caso Bunbury pone en solfa otro mito<a class=\"moretag\" href=\"https:\/\/www.manologarciaycia.com\/?p=10458\" title=\"La Gran Familia de la M\u00fasica Espa\u00f1ola + Tr\u00edo de Ases (EPS)\" target=\"_self\" rel=\"follow\"> <font face=arial size=2>[Leer m\u00e1s]<\/font> <\/a><\/p>\n","protected":false},"author":2,"featured_media":10470,"comment_status":"closed","ping_status":"closed","sticky":false,"template":"","format":"standard","meta":{"footnotes":""},"categories":[1],"tags":[],"class_list":["post-10458","post","type-post","status-publish","format-standard","has-post-thumbnail","hentry","category-manolo-garcia"],"_links":{"self":[{"href":"https:\/\/www.manologarciaycia.com\/index.php?rest_route=\/wp\/v2\/posts\/10458","targetHints":{"allow":["GET"]}}],"collection":[{"href":"https:\/\/www.manologarciaycia.com\/index.php?rest_route=\/wp\/v2\/posts"}],"about":[{"href":"https:\/\/www.manologarciaycia.com\/index.php?rest_route=\/wp\/v2\/types\/post"}],"author":[{"embeddable":true,"href":"https:\/\/www.manologarciaycia.com\/index.php?rest_route=\/wp\/v2\/users\/2"}],"replies":[{"embeddable":true,"href":"https:\/\/www.manologarciaycia.com\/index.php?rest_route=%2Fwp%2Fv2%2Fcomments&post=10458"}],"version-history":[{"count":9,"href":"https:\/\/www.manologarciaycia.com\/index.php?rest_route=\/wp\/v2\/posts\/10458\/revisions"}],"predecessor-version":[{"id":10502,"href":"https:\/\/www.manologarciaycia.com\/index.php?rest_route=\/wp\/v2\/posts\/10458\/revisions\/10502"}],"wp:featuredmedia":[{"embeddable":true,"href":"https:\/\/www.manologarciaycia.com\/index.php?rest_route=\/wp\/v2\/media\/10470"}],"wp:attachment":[{"href":"https:\/\/www.manologarciaycia.com\/index.php?rest_route=%2Fwp%2Fv2%2Fmedia&parent=10458"}],"wp:term":[{"taxonomy":"category","embeddable":true,"href":"https:\/\/www.manologarciaycia.com\/index.php?rest_route=%2Fwp%2Fv2%2Fcategories&post=10458"},{"taxonomy":"post_tag","embeddable":true,"href":"https:\/\/www.manologarciaycia.com\/index.php?rest_route=%2Fwp%2Fv2%2Ftags&post=10458"}],"curies":[{"name":"wp","href":"https:\/\/api.w.org\/{rel}","templated":true}]}}