{"id":10446,"date":"2014-09-27T06:53:05","date_gmt":"2014-09-27T04:53:05","guid":{"rendered":"http:\/\/www.manologarciaycia.com\/?p=10446"},"modified":"2014-09-27T06:53:05","modified_gmt":"2014-09-27T04:53:05","slug":"golpe-a-golpe-verso-a-verso","status":"publish","type":"post","link":"https:\/\/www.manologarciaycia.com\/?p=10446","title":{"rendered":"Golpe a golpe, verso a verso"},"content":{"rendered":"<p>La m\u00fasica popular espa\u00f1ola ha dado ingentes muestras de c\u00f3mo la canci\u00f3n transciende y se enreda en la vida de quien la escucha.<\/p>\n<p>Defiende Luis Eduardo Aute \u2014que de esto sabe algo\u2014 que la canci\u00f3n es un g\u00e9nero tan digno como la poes\u00eda o la llamada m\u00fasica seria, y que hay que considerarlo como otra de las bellas artes. Raz\u00f3n no le falta a quien explica lo complicado que resulta contar una historia en solo tres o cuatro minutos, logrando que interact\u00faen en armon\u00eda texto y m\u00fasica, y que, adem\u00e1s, conmueva al oyente.<\/p>\n<p>La m\u00fasica popular espa\u00f1ola ha dado ingentes muestras de c\u00f3mo la canci\u00f3n trasciende lo meramente musical para enredarse por siempre en la vida de quien la escucha, haciendo suyos los versos cantados, ayud\u00e1ndole en momentos bajos o haci\u00e9ndole reflexionar. Es el poder de ese arte noble e inasible que cuenta con verdaderos maestros de la palabra y la melod\u00eda, en una tradici\u00f3n que arranca con los cantautores de los a\u00f1os sesenta, como Joan Manuel Serrat, V\u00edctor Manuel o el propio Aute, y llega hasta alguien como Quique Gonz\u00e1lez, que prefiere hablar de cancionistas, o como Sabina, siempre con un pie en la tradici\u00f3n cantautora y otro pisando el acelerador del rock. En el fondo, y pese a las ideas preconcebidas, se trata de lo mismo, de escribir y cantar tus propias canciones, por encima de estilos, salpicando tanto al folk como al pop o al rock. Y alcanza a creadores surgidos de grupos de \u00e9xito \u2014Enrique Urquijo, Fito Cabrales, Manolo Garc\u00eda, Bunbury, Andr\u00e9s Calamaro\u2014, pero cuya voz personal se impuso a la marca a la que se les asociaba. Como dice Manolo Garc\u00eda, quiz\u00e1 el objetivo se reduzca a ser feliz haciendo canciones para transmitirle esa felicidad a quienes las escuchan.<\/p>\n<p>De todo ello trata este CD deslumbrante, que nos lleva, sin fronteras estil\u00edsticas, en un viaje prodigioso por algunas de las mejores canciones de autor que ha dado el pop espa\u00f1ol.<\/p>\n<p><strong>Manolo Garc\u00eda<br \/>\nP\u00e1jaros de barro (Manolo Garc\u00eda)<br \/>\nArena en los bolsillos<br \/>\nBMG, 1998<\/strong><\/p>\n<p>El fin de El \u00daltimo de la Fila dej\u00f3 a Manolo Garc\u00eda fuera de juego durante un a\u00f1o, como \u00e9l dice: \u201cDedicado a la vida contemplativa\u201d, tratando de asumir lo sucedido. Hasta que un d\u00eda, recuerda: \u201cVolv\u00ed en m\u00ed, regres\u00f3 el m\u00fasico\u201d. Se compr\u00f3 una guitarra el\u00e9ctrica y en su casa de Barcelona comenz\u00f3 a componer recurriendo a la \u201cenerg\u00eda acumulada durante ese tiempo\u201d. Las canciones llegaron; la tercera fue P\u00e1jaros de barro, escrita en una ma\u00f1ana: \u201cLas canciones que tienen m\u00e1s alma y que son m\u00e1s sinceras salen r\u00e1pidas\u201d. Y P\u00e1jaros de barro es tan sincera que describe su estado de \u00e1nimo durante ese a\u00f1o de vac\u00edo: \u201cHab\u00eda estado en horas muertas y de repente pens\u00e9, tengo que avanzar, no me puedo quedar aqu\u00ed tirado, soy m\u00fasico y tengo que desentumecerme. Esa canci\u00f3n refleja perplejidad, pero tambi\u00e9n renacer y comenzar de nuevo, por eso canto \u2018hoy cierro el libro de las horas muertas\u201d.<\/p>\n<p>Los p\u00e1jaros de barro del t\u00edtulo, confiesa Manolo, son una alegor\u00eda: \u201cEse punto m\u00e1gico que se pierde cuando te haces adolescente y dejas atr\u00e1s la ni\u00f1ez, y que deber\u00edamos aprovechar para recuperar en los a\u00f1os siguientes a la adolescencia. Buscaba volver a esa situaci\u00f3n ideal, no ya tanto de ni\u00f1o o de adolescente como de mis buenos a\u00f1os con El \u00daltimo de la Fila, y tiene un punto de melancol\u00eda, pero tambi\u00e9n de sinceridad total\u201d.<\/p>\n<p>Un tema que no duda en considerar entre los mejores de los suyos, y que ya en el estudio se vio que era especial, que ten\u00eda magia \u2014\u201cpero jam\u00e1s pens\u00e9 que iba a calar tanto como ha calado en mucha gente\u201d\u2014, y que se trat\u00f3 con presencia principal de guitarra espa\u00f1ola complementada con notas de el\u00e9ctrica. Al final, el p\u00fablico adopt\u00f3 la canci\u00f3n convirti\u00e9ndola en esencial de su repertorio.<\/p>\n<p>Fuente: Juan Puchades &#8211; 22\/9\/2014 &#8211; El Pa\u00eds &#8211; <a href=\"http:\/\/cultura.elpais.com\/cultura\/2014\/09\/22\/actualidad\/1411407470_679250.html\" target=\"_blank\">ENLACE<\/a><\/p>\n","protected":false},"excerpt":{"rendered":"<p>La m\u00fasica popular espa\u00f1ola ha dado ingentes muestras de c\u00f3mo la canci\u00f3n transciende y se enreda en la vida de quien la escucha. Defiende Luis Eduardo Aute \u2014que de esto sabe algo\u2014 que la canci\u00f3n es un g\u00e9nero tan digno como la poes\u00eda o la llamada m\u00fasica seria, y que hay que considerarlo como otra<a class=\"moretag\" href=\"https:\/\/www.manologarciaycia.com\/?p=10446\" title=\"Golpe a golpe, verso a verso\" target=\"_self\" rel=\"follow\"> <font face=arial size=2>[Leer m\u00e1s]<\/font> <\/a><\/p>\n","protected":false},"author":2,"featured_media":10447,"comment_status":"closed","ping_status":"closed","sticky":false,"template":"","format":"standard","meta":{"footnotes":""},"categories":[1,23],"tags":[],"class_list":["post-10446","post","type-post","status-publish","format-standard","has-post-thumbnail","hentry","category-manolo-garcia","category-otros"],"_links":{"self":[{"href":"https:\/\/www.manologarciaycia.com\/index.php?rest_route=\/wp\/v2\/posts\/10446","targetHints":{"allow":["GET"]}}],"collection":[{"href":"https:\/\/www.manologarciaycia.com\/index.php?rest_route=\/wp\/v2\/posts"}],"about":[{"href":"https:\/\/www.manologarciaycia.com\/index.php?rest_route=\/wp\/v2\/types\/post"}],"author":[{"embeddable":true,"href":"https:\/\/www.manologarciaycia.com\/index.php?rest_route=\/wp\/v2\/users\/2"}],"replies":[{"embeddable":true,"href":"https:\/\/www.manologarciaycia.com\/index.php?rest_route=%2Fwp%2Fv2%2Fcomments&post=10446"}],"version-history":[{"count":1,"href":"https:\/\/www.manologarciaycia.com\/index.php?rest_route=\/wp\/v2\/posts\/10446\/revisions"}],"predecessor-version":[{"id":10448,"href":"https:\/\/www.manologarciaycia.com\/index.php?rest_route=\/wp\/v2\/posts\/10446\/revisions\/10448"}],"wp:featuredmedia":[{"embeddable":true,"href":"https:\/\/www.manologarciaycia.com\/index.php?rest_route=\/wp\/v2\/media\/10447"}],"wp:attachment":[{"href":"https:\/\/www.manologarciaycia.com\/index.php?rest_route=%2Fwp%2Fv2%2Fmedia&parent=10446"}],"wp:term":[{"taxonomy":"category","embeddable":true,"href":"https:\/\/www.manologarciaycia.com\/index.php?rest_route=%2Fwp%2Fv2%2Fcategories&post=10446"},{"taxonomy":"post_tag","embeddable":true,"href":"https:\/\/www.manologarciaycia.com\/index.php?rest_route=%2Fwp%2Fv2%2Ftags&post=10446"}],"curies":[{"name":"wp","href":"https:\/\/api.w.org\/{rel}","templated":true}]}}