{"id":10440,"date":"2014-09-27T06:48:45","date_gmt":"2014-09-27T04:48:45","guid":{"rendered":"http:\/\/www.manologarciaycia.com\/?p=10440"},"modified":"2014-09-27T07:06:17","modified_gmt":"2014-09-27T05:06:17","slug":"el-pais-de-musica-medio-siglo-de-oro-de-artistas-y-canciones","status":"publish","type":"post","link":"https:\/\/www.manologarciaycia.com\/?p=10440","title":{"rendered":"EL PA\u00cdS de M\u00fasica: medio siglo de oro de artistas y canciones"},"content":{"rendered":"<p>El peri\u00f3dico lanza una colecci\u00f3n de 24 discos, con 360 canciones, elegidas entre 3.000 temas. Se trata de un recorrido tem\u00e1tico por lo mejor de los sonidos en espa\u00f1ol de los \u00faltimos 50 a\u00f1os. Los \u00e1lbumes funcionan como &#8216;playlists&#8217; de una hora cuyos t\u00edtulos han sido remasterizados.<\/p>\n<p>Apenas hace un a\u00f1o planteamos la idea de una revisi\u00f3n integral de la m\u00fasica popular de nuestro pa\u00eds. Hist\u00f3ricamente ha sido parte sustantiva de nuestra cultura, pero con los a\u00f1os 60 inicia un proceso de crecimiento geom\u00e9trico de ideas, estilos, profesionalizaci\u00f3n e incluso de seguidores, que ha constituido un hecho relevante y recurrente en las paginas de EL PA\u00cdS.<\/p>\n<p>Manolo Garc\u00eda aparecer\u00e1 en la segunda entrega (12 Octubre) con el tema P\u00e1jaros de Barro. El t\u00edtulo de la entrega 2 es: Golpe a golpe. Una gran antolog\u00eda de los mejores poetas que ha dado nuestra m\u00fasica desde los a\u00f1os setenta hasta la actualidad. Art\u00edculo de Juan Puchades al respecto: Golpe a Golpe <a href=\"http:\/\/www.manologarciaycia.com\/?p=10446\">ENLACE<\/a>. <\/p>\n<p>Tambi\u00e9n aparecer\u00e1 Manolo Garc\u00eda en la entrega n\u00famero 5, Frenos de disco, con el tema A San Fernando. un ratito a pie y otro caminando.<\/p>\n<p>Repite en el 8, En buena compa\u00f1\u00eda, en el duo con Miguel R\u00edos con Insurreci\u00f3n.<\/p>\n<p>Y El \u00daltimo de la Fila aparecer\u00e1 en la tercera entrega, 19 Octubre, Buenos tiempos para la l\u00edrica, con Como un burro amarrado a la puerta del baile. Los grandes grupos pop de \u00abla movida\u00bb y los que siguieron su senda en los noventa y 2000.<\/p>\n<p>Y repite el grupo en la entrega 11, Con nombre de Mujer, con Querida Milagros.<\/p>\n<p>Apenas hace un a\u00f1o planteamos la idea de una revisi\u00f3n integral de la m\u00fasica popular de nuestro pa\u00eds. Hist\u00f3ricamente ha sido parte sustantiva de nuestra cultura, pero con los a\u00f1os 60 inicia un proceso de crecimiento geom\u00e9trico de ideas, estilos, profesionalizaci\u00f3n e incluso de seguidores, que ha constituido un hecho relevante y recurrente en las paginas de EL PA\u00cdS.<\/p>\n<p>De esa forma surgi\u00f3 la idea de recoger lo m\u00e1s relevante y representativo desde entonces hasta ahora en una colecci\u00f3n que contase qu\u00e9 y c\u00f3mo se hizo y quedase ilustrado con las principales canciones de nuestra reciente historia: El Pa\u00eds de M\u00fasica.<\/p>\n<p><a href=\"http:\/\/www.manologarciaycia.com\/wp-content\/uploads\/2014\/09\/1410368372_535616_1411667656_noticia_normal.jpg\"><img loading=\"lazy\" decoding=\"async\" src=\"http:\/\/www.manologarciaycia.com\/wp-content\/uploads\/2014\/09\/1410368372_535616_1411667656_noticia_normal-500x350.jpg\" alt=\"1410368372_535616_1411667656_noticia_normal\" width=\"500\" height=\"350\" class=\"aligncenter size-medium wp-image-10444\" srcset=\"https:\/\/www.manologarciaycia.com\/wp-content\/uploads\/2014\/09\/1410368372_535616_1411667656_noticia_normal-500x350.jpg 500w, https:\/\/www.manologarciaycia.com\/wp-content\/uploads\/2014\/09\/1410368372_535616_1411667656_noticia_normal.jpg 560w\" sizes=\"auto, (max-width: 500px) 100vw, 500px\" \/><\/a><\/p>\n<p>Para que pueda entenderse un poco mejor desvelaremos el c\u00f3mo se hizo\u2026<\/p>\n<p>Una de las bases de esta colecci\u00f3n de libro CD\u2019s es que no atiende a criterios cronol\u00f3gicos y s\u00ed se vertebra en torno a conceptos que han sido tem\u00e1tica de inspiraci\u00f3n, vivencias, estilos afines o conceptos que son atractivos para los seguidores de m\u00fasica. As\u00ed, en la mayor\u00eda de los vol\u00famenes viajaremos durante una hora por la l\u00ednea musical escogida recorriendo lo mas importante de lo que ha sonado en los \u00faltimos 50 a\u00f1os.<\/p>\n<p>Esto sucede ya desde las primeras entregas cuando analizamos las mejores canciones de amor (La fuerza del coraz\u00f3n) o las mejores letras de nuestro pop (Golpe a golpe, verso a verso) o recuperamos los grandes temas del rock (En el nombre del rock).<\/p>\n<p> Para elegir los repertorios, partimos de una base de datos de mas tres mil canciones que filtramos a trav\u00e9s de estos conceptos u otros que le ser\u00e1n familiares para definir lo que ahora se llama playlist y que en otro tiempo constituy\u00f3 la idea de selecci\u00f3n para grabar una cinta de casete o un CD. As\u00ed hasta 24 vol\u00famenes que integran m\u00e1s de 360 canciones.<\/p>\n<p> Cada volumen tiene vida en si mismo y es apetecible al cien por cien ya de forma aislada, pero conforme vaya avanzando ver\u00e1 como los t\u00edtulos se complementan y van configurando progresivamente la colecci\u00f3n m\u00e1s completa de la m\u00fasica popular espa\u00f1ola: El Pa\u00eds de M\u00fasica &#8211; Medio siglo de Oro de artistas y canciones,<\/p>\n<p> Como se puede suponer las diferencias t\u00e9cnicas de grabaci\u00f3n de los temas m\u00e1s recientes sobre los m\u00e1s ancestrales era notable. Para evitar al o\u00eddo esos contrastes y mejorar la escucha hasta el l\u00edmite, hemos remasterizado todas las grabaciones con las manos m\u00e1s expertas y tecnolog\u00eda punta. El resultado es una escucha de los temas como jam\u00e1s antes se hubiera imaginado.<\/p>\n<p> Antes de seguir adelante con esta descripci\u00f3n, debo incidir en lo bien que le sienta el paso del tiempo a los grandes temas y que mirado con esta perspectiva, la m\u00fasica contenida en la colecci\u00f3n supone un legado important\u00edsimo con una riqueza diversa equiparable a la de los principales mercados del mundo. Una corriente que fue capaz de provocar un cambio de direcci\u00f3n continental que nos llev\u00f3 a la Am\u00e9rica del castellano y con la que quedo establecida una lanzadera de ida y vuelta permanente capaz de generar un mercado com\u00fan musical latino que late con la fuerza necesaria para compartir todo lo mejor sin ning\u00fan tipo de fronteras.<\/p>\n<p>Si las canciones son la ilustraci\u00f3n sonora, \u00bfqu\u00e9 otros contenidos ofrece cada libro-CD? La mayor\u00eda de ellos viene prologado por firmas del periodismo o de las artes que enmarcan el concepto de cada volumen. Al pr\u00f3logo le sucede un an\u00e1lisis profundo del movimiento que contempla cada entrega y un estudio de cada canci\u00f3n en el que adem\u00e1s de su ficha t\u00e9cnica y su portada encontraremos elementos que enriquecen y contextualizan la escucha.<\/p>\n<p>Adicionalmente cada libro CD repasar\u00e1 segmentos de la cadena de valor de la m\u00fasica: c\u00f3mo nace un artista, cu\u00e1l es el papel de productores, ingenieros y managers, c\u00f3mo ha evolucionado la forma de consumo, c\u00f3mo cambi\u00f3 la m\u00fasica en directo en estos 50 a\u00f1os, qu\u00e9 papel ha jugado la tecnolog\u00eda en todo ello, etc\u00e9tera. De esta forma trasladaremos los testimonios de muchos de los profesionales que han hecho posible durante medio siglo el fen\u00f3meno cultural musical espa\u00f1ol.<\/p>\n<p>Este recorrido nos llevara a revisar c\u00f3mo la m\u00fasica de nuestro pa\u00eds ha interactuado con los medios de comunicaci\u00f3n: la radio, los diarios, las revistas especializadas y e incluso la televisi\u00f3n y como la metamorfosis del consumo ha venido dictada por la evoluci\u00f3n tecnol\u00f3gica de aparatos, soportes y canales de distribuci\u00f3n.<\/p>\n<p>Ofrecer un proyecto diferente requiere una imagen gr\u00e1fica propia: portadas, titulaci\u00f3n, recuperaci\u00f3n de portadas originales juntos a las mejores fotograf\u00edas de los artistas de la colecci\u00f3n, est\u00e9tica distinta orientada a que la lectura de sus contenidos sea tan atractiva como la escucha del disco compacto.<\/p>\n<p> Durante unos meses vamos caminar juntos para descubrir la realidad de los \u00faltimos 50 a\u00f1os de la m\u00fasica popular espa\u00f1ola: rica, variada, solida y vigente. Cada semana nos acompa\u00f1ar\u00e1n EL PA\u00cdS, la SER, las principales radios musicales y por supuesto esta web. Todos tuvieron mucho que ver en la articulaci\u00f3n de esta obra y le mantendr\u00e1n actualizado del avance esta colecci\u00f3n: El Pa\u00eds de M\u00fasica: medio siglo de Oro de artistas y canciones.<\/p>\n<p>Fuente: Lu\u00eds Merino &#8211; 26\/9\/14 &#8211; El Pa\u00eds &#8211; <a href=\"http:\/\/cultura.elpais.com\/cultura\/2014\/09\/10\/actualidad\/1410368372_535616.html\" arget=\"_blank\">ENLACE<\/a><\/p>\n","protected":false},"excerpt":{"rendered":"<p>El peri\u00f3dico lanza una colecci\u00f3n de 24 discos, con 360 canciones, elegidas entre 3.000 temas. Se trata de un recorrido tem\u00e1tico por lo mejor de los sonidos en espa\u00f1ol de los \u00faltimos 50 a\u00f1os. Los \u00e1lbumes funcionan como &#8216;playlists&#8217; de una hora cuyos t\u00edtulos han sido remasterizados. Apenas hace un a\u00f1o planteamos la idea de<a class=\"moretag\" href=\"https:\/\/www.manologarciaycia.com\/?p=10440\" title=\"EL PA\u00cdS de M\u00fasica: medio siglo de oro de artistas y canciones\" target=\"_self\" rel=\"follow\"> <font face=arial size=2>[Leer m\u00e1s]<\/font> <\/a><\/p>\n","protected":false},"author":2,"featured_media":10441,"comment_status":"closed","ping_status":"closed","sticky":false,"template":"","format":"standard","meta":{"footnotes":""},"categories":[1,23],"tags":[],"class_list":["post-10440","post","type-post","status-publish","format-standard","has-post-thumbnail","hentry","category-manolo-garcia","category-otros"],"_links":{"self":[{"href":"https:\/\/www.manologarciaycia.com\/index.php?rest_route=\/wp\/v2\/posts\/10440","targetHints":{"allow":["GET"]}}],"collection":[{"href":"https:\/\/www.manologarciaycia.com\/index.php?rest_route=\/wp\/v2\/posts"}],"about":[{"href":"https:\/\/www.manologarciaycia.com\/index.php?rest_route=\/wp\/v2\/types\/post"}],"author":[{"embeddable":true,"href":"https:\/\/www.manologarciaycia.com\/index.php?rest_route=\/wp\/v2\/users\/2"}],"replies":[{"embeddable":true,"href":"https:\/\/www.manologarciaycia.com\/index.php?rest_route=%2Fwp%2Fv2%2Fcomments&post=10440"}],"version-history":[{"count":6,"href":"https:\/\/www.manologarciaycia.com\/index.php?rest_route=\/wp\/v2\/posts\/10440\/revisions"}],"predecessor-version":[{"id":10452,"href":"https:\/\/www.manologarciaycia.com\/index.php?rest_route=\/wp\/v2\/posts\/10440\/revisions\/10452"}],"wp:featuredmedia":[{"embeddable":true,"href":"https:\/\/www.manologarciaycia.com\/index.php?rest_route=\/wp\/v2\/media\/10441"}],"wp:attachment":[{"href":"https:\/\/www.manologarciaycia.com\/index.php?rest_route=%2Fwp%2Fv2%2Fmedia&parent=10440"}],"wp:term":[{"taxonomy":"category","embeddable":true,"href":"https:\/\/www.manologarciaycia.com\/index.php?rest_route=%2Fwp%2Fv2%2Fcategories&post=10440"},{"taxonomy":"post_tag","embeddable":true,"href":"https:\/\/www.manologarciaycia.com\/index.php?rest_route=%2Fwp%2Fv2%2Ftags&post=10440"}],"curies":[{"name":"wp","href":"https:\/\/api.w.org\/{rel}","templated":true}]}}