{"id":10431,"date":"2014-09-24T19:37:14","date_gmt":"2014-09-24T17:37:14","guid":{"rendered":"http:\/\/www.manologarciaycia.com\/?p=10431"},"modified":"2014-09-24T19:40:44","modified_gmt":"2014-09-24T17:40:44","slug":"entrevista-a-manolo-garcia-en-escuchate-de-aragon-radio","status":"publish","type":"post","link":"https:\/\/www.manologarciaycia.com\/?p=10431","title":{"rendered":"Entrevista a Manolo Garc\u00eda en Esc\u00fachate, de Arag\u00f3n Radio"},"content":{"rendered":"<p>Entrevista en Esc\u00fachate, de Arag\u00f3n Radio, a Manolo Garc\u00eda hoy 24\/9\/14: Javi V\u00e1zquez y Alberto Guardiola charlan con el m\u00fasico que est\u00e1 a punto de sacar nuevo disco a la calle, &#8216;Todo es ahora&#8217;, del que ya se conoce su primer sencillo. <\/p>\n<p>Fuente: http:\/\/www.aragonradio2.com\/podcast\/emision\/manolo-garcia-presenta-en-aragon-radio-todo-es-ahora\/<\/p>\n","protected":false},"excerpt":{"rendered":"<p>Entrevista en Esc\u00fachate, de Arag\u00f3n Radio, a Manolo Garc\u00eda hoy 24\/9\/14: Javi V\u00e1zquez y Alberto Guardiola charlan con el m\u00fasico que est\u00e1 a punto de sacar nuevo disco a la calle, &#8216;Todo es ahora&#8217;, del que ya se conoce su primer sencillo. Fuente: http:\/\/www.aragonradio2.com\/podcast\/emision\/manolo-garcia-presenta-en-aragon-radio-todo-es-ahora\/<a class=\"moretag\" href=\"https:\/\/www.manologarciaycia.com\/?p=10431\" title=\"Entrevista a Manolo Garc\u00eda en Esc\u00fachate, de Arag\u00f3n Radio\" target=\"_self\" rel=\"follow\"> <font face=arial size=2>[Leer m\u00e1s]<\/font> <\/a><\/p>\n","protected":false},"author":2,"featured_media":0,"comment_status":"closed","ping_status":"closed","sticky":false,"template":"","format":"audio","meta":{"footnotes":""},"categories":[1],"tags":[],"class_list":["post-10431","post","type-post","status-publish","format-audio","hentry","category-manolo-garcia","post_format-post-format-audio"],"_links":{"self":[{"href":"https:\/\/www.manologarciaycia.com\/index.php?rest_route=\/wp\/v2\/posts\/10431","targetHints":{"allow":["GET"]}}],"collection":[{"href":"https:\/\/www.manologarciaycia.com\/index.php?rest_route=\/wp\/v2\/posts"}],"about":[{"href":"https:\/\/www.manologarciaycia.com\/index.php?rest_route=\/wp\/v2\/types\/post"}],"author":[{"embeddable":true,"href":"https:\/\/www.manologarciaycia.com\/index.php?rest_route=\/wp\/v2\/users\/2"}],"replies":[{"embeddable":true,"href":"https:\/\/www.manologarciaycia.com\/index.php?rest_route=%2Fwp%2Fv2%2Fcomments&post=10431"}],"version-history":[{"count":1,"href":"https:\/\/www.manologarciaycia.com\/index.php?rest_route=\/wp\/v2\/posts\/10431\/revisions"}],"predecessor-version":[{"id":10432,"href":"https:\/\/www.manologarciaycia.com\/index.php?rest_route=\/wp\/v2\/posts\/10431\/revisions\/10432"}],"wp:attachment":[{"href":"https:\/\/www.manologarciaycia.com\/index.php?rest_route=%2Fwp%2Fv2%2Fmedia&parent=10431"}],"wp:term":[{"taxonomy":"category","embeddable":true,"href":"https:\/\/www.manologarciaycia.com\/index.php?rest_route=%2Fwp%2Fv2%2Fcategories&post=10431"},{"taxonomy":"post_tag","embeddable":true,"href":"https:\/\/www.manologarciaycia.com\/index.php?rest_route=%2Fwp%2Fv2%2Ftags&post=10431"}],"curies":[{"name":"wp","href":"https:\/\/api.w.org\/{rel}","templated":true}]}}