{"id":10416,"date":"2014-09-23T06:54:09","date_gmt":"2014-09-23T04:54:09","guid":{"rendered":"http:\/\/www.manologarciaycia.com\/?p=10416"},"modified":"2014-09-23T06:54:09","modified_gmt":"2014-09-23T04:54:09","slug":"es-mejor-sentir-de-manolo-garcia-ya-es-no-1-en-itunes","status":"publish","type":"post","link":"https:\/\/www.manologarciaycia.com\/?p=10416","title":{"rendered":"\u00abES MEJOR SENTIR\u00bb DE MANOLO GARC\u00cdA, YA ES NO. 1 EN ITUNES!"},"content":{"rendered":"<p>Manolo Garc\u00eda vuelve al panorama musical espa\u00f1ol con toda la magia y frescura de su m\u00fasica. Y tan s\u00f3lo le ha hecho falta publicar un adelanto de su pr\u00f3ximo \u00e1lbum Todo es ahora para demostrar que es uno de los m\u00fasicos m\u00e1s importantes y exitosos de nuestro pa\u00eds.<\/p>\n<p>El mismo d\u00eda de su lanzamiento en iTunes, \u00abEs mejor sentir\u00bb, primer single de su pr\u00f3ximo trabajo, entra en el primer puesto en la lista de canciones m\u00e1s vendidas de la tienda digital.<\/p>\n<p>\u201cEs mejor sentir\u201d retrata una intuici\u00f3n personal sobre la actitud vital, sobre la mejor manera para recomponer nuestra autoestima tras un desastre amoroso. Una canci\u00f3n de superviviente tocada con controlada energ\u00eda, vocalizada con ese rajo \u00fanico que nos dice: \u201cManolo Garc\u00eda est\u00e1 de vuelta\u201d.<\/p>\n<p>Fuente: P\u00e1gina Oficial Manolo Garc\u00eda &#8211; <a href=\"http:\/\/www.manolo-garcia.com\/news\/es-mejor-sentir-primer-single-del-pr%C3%B3ximo-%C3%A1lbum-de-manolo-garc%C3%ADa-ya-es-no-1-en-itunes\" target=\"_blank\">ENLACE<\/a><\/p>\n","protected":false},"excerpt":{"rendered":"<p>Manolo Garc\u00eda vuelve al panorama musical espa\u00f1ol con toda la magia y frescura de su m\u00fasica. Y tan s\u00f3lo le ha hecho falta publicar un adelanto de su pr\u00f3ximo \u00e1lbum Todo es ahora para demostrar que es uno de los m\u00fasicos m\u00e1s importantes y exitosos de nuestro pa\u00eds. El mismo d\u00eda de su lanzamiento en<a class=\"moretag\" href=\"https:\/\/www.manologarciaycia.com\/?p=10416\" title=\"\u00abES MEJOR SENTIR\u00bb DE MANOLO GARC\u00cdA, YA ES NO. 1 EN ITUNES!\" target=\"_self\" rel=\"follow\"> <font face=arial size=2>[Leer m\u00e1s]<\/font> <\/a><\/p>\n","protected":false},"author":2,"featured_media":10417,"comment_status":"closed","ping_status":"closed","sticky":false,"template":"","format":"standard","meta":{"footnotes":""},"categories":[1],"tags":[],"class_list":["post-10416","post","type-post","status-publish","format-standard","has-post-thumbnail","hentry","category-manolo-garcia"],"_links":{"self":[{"href":"https:\/\/www.manologarciaycia.com\/index.php?rest_route=\/wp\/v2\/posts\/10416","targetHints":{"allow":["GET"]}}],"collection":[{"href":"https:\/\/www.manologarciaycia.com\/index.php?rest_route=\/wp\/v2\/posts"}],"about":[{"href":"https:\/\/www.manologarciaycia.com\/index.php?rest_route=\/wp\/v2\/types\/post"}],"author":[{"embeddable":true,"href":"https:\/\/www.manologarciaycia.com\/index.php?rest_route=\/wp\/v2\/users\/2"}],"replies":[{"embeddable":true,"href":"https:\/\/www.manologarciaycia.com\/index.php?rest_route=%2Fwp%2Fv2%2Fcomments&post=10416"}],"version-history":[{"count":1,"href":"https:\/\/www.manologarciaycia.com\/index.php?rest_route=\/wp\/v2\/posts\/10416\/revisions"}],"predecessor-version":[{"id":10418,"href":"https:\/\/www.manologarciaycia.com\/index.php?rest_route=\/wp\/v2\/posts\/10416\/revisions\/10418"}],"wp:featuredmedia":[{"embeddable":true,"href":"https:\/\/www.manologarciaycia.com\/index.php?rest_route=\/wp\/v2\/media\/10417"}],"wp:attachment":[{"href":"https:\/\/www.manologarciaycia.com\/index.php?rest_route=%2Fwp%2Fv2%2Fmedia&parent=10416"}],"wp:term":[{"taxonomy":"category","embeddable":true,"href":"https:\/\/www.manologarciaycia.com\/index.php?rest_route=%2Fwp%2Fv2%2Fcategories&post=10416"},{"taxonomy":"post_tag","embeddable":true,"href":"https:\/\/www.manologarciaycia.com\/index.php?rest_route=%2Fwp%2Fv2%2Ftags&post=10416"}],"curies":[{"name":"wp","href":"https:\/\/api.w.org\/{rel}","templated":true}]}}