{"id":104,"date":"2009-11-13T21:26:33","date_gmt":"2009-11-13T20:26:33","guid":{"rendered":"http:\/\/petaos.net\/?p=104"},"modified":"2009-11-26T10:53:51","modified_gmt":"2009-11-26T09:53:51","slug":"conversaciones-de-pop-rock","status":"publish","type":"post","link":"https:\/\/www.manologarciaycia.com\/?p=104","title":{"rendered":"Conversaciones de Pop &#038; Rock"},"content":{"rendered":"<div style=\"width: 257px\" class=\"wp-caption alignleft\"><img loading=\"lazy\" decoding=\"async\" title=\"PopRock\" src=\"http:\/\/img21.imageshack.us\/img21\/843\/poprock.jpg\" alt=\"PopRock\" width=\"247\" height=\"320\" \/><p class=\"wp-caption-text\">PopRock<\/p><\/div>\n<p>Como viene siendo habitual por estas fechas Editorial Sepha publica un libro de m\u00fasica. Este a\u00f1o lo hace con uno muy completo con conversaciones con Ruper Ordorika, <strong>Manolo Garc\u00eda<\/strong>, Duncan Dhu, \u00c1ngel Celada, Rosana Arbelo, Gari, <strong>Quimi Portet<\/strong>, Javier Krahe, Ariel Rot, Arawak, Enrique Bunbury, Jos\u00e9 Angel Hevia, Cesaria Evora, Celtas Cortos, Antonio Vega, Sergio Makaroff, JC Perez, La Cabra Mec\u00e1nica, Kepa Junkera, Daniel Higi\u00e9nico, Miguel R\u00edos, Los Secretos, Jaime Urrutia, La Guardia, Ainhoa, Tontxu, Los Delinq\u00fcentes, Danza Invisible, Hombres G, Coque Malla, Pasi\u00f3n Vega, V\u00edctor Manuel, Grupo de Expertos Solynieve, Tam Tam Go!, Aurora Beltr\u00e1n, Juan Rivas, Los Especialistas, Conchita, Andy Chango, La Uni\u00f3n, Javier \u00c1lvarez, Quijano, Candy Caramelo, Sole Gim\u00e9nez, Nena Daconte, Chambao, Los Rebeldes y Nacho Garc\u00eda Vega.<\/p>\n<p><em>Gracias a Noelia por la noticia!<\/em><br \/>\n\u00bfQu\u00e9 tienen en com\u00fan <strong>Manolo Garc\u00eda<\/strong> y Javier \u00c1lvarez? \u00bfQu\u00e9 comparten Ruper Ordorika y Sole Gim\u00e9nez, Jaime Urrutia y V\u00edctor Manuel, La Uni\u00f3n y Aurora Beltr\u00e1n o Los Rebeldes y Javier Krahe? A priori, no demasiado. Pero existen m\u00e1s similitudes de las que parecen. Todos llevan una prolongada carrera en el mundo de la m\u00fasica.<\/p>\n<p>Pero existe otro nexo de uni\u00f3n. Todos ellos, y muchos m\u00e1s, aparecen en el libro Conversaciones de pop y rock. El periodista y escritor vitoriano Manu Gonz\u00e1lez ha reunido cerca de cincuenta charlas con algunos de sus cantantes y m\u00fasicos predilectos.<\/p>\n<p>Un volumen que habla de pop y de rock, de los latidos que han marcado la vida de mucha gente, pero tambi\u00e9n lo hace en clave de reggae, dibuja el universo de los cantautores o se acerca al flamenco fusionado y a la copla. A las canciones en castellano, s\u00ed, pero tambi\u00e9n a aquellas compuestas en euskera o en catal\u00e1n. M\u00fasica sin etiquetas, capaz de emocionar. Contada en primera persona.<br \/>\nEl libro re\u00fane conversaciones, porque son eso m\u00e1s que entrevistas puras y duras, realizadas desde 1997, cuando el autor comenz\u00f3 a escribir en diversos medios de comunicaci\u00f3n. Una quincena de charlas rescatadas de aquella \u00e9poca de su vida dan forma al libro, que se completa con nuevas entrevistas, realizadas de manera expresa para este proyecto. La mayor\u00eda, en realidad.<\/p>\n<p>CONVERSACIONES DE POP &amp; ROCK<br \/>\nManu Gonz\u00e1lez<br \/>\n292 p\u00e1ginas<br \/>\n25 x 20 cms. con solapas<br \/>\nPVP (sin IVA) 21,15\u20ac<br \/>\nISBN 978-84-96764-68-2<br \/>\nEditorial Sepha<br \/>\nPublicado en noviembre de 2009<\/p>\n","protected":false},"excerpt":{"rendered":"<p>Como viene siendo habitual por estas fechas Editorial Sepha publica un libro de m\u00fasica. Este a\u00f1o lo hace con uno muy completo con conversaciones con Ruper Ordorika, Manolo Garc\u00eda, Duncan Dhu, \u00c1ngel Celada, Rosana Arbelo, Gari, Quimi Portet, Javier Krahe, Ariel Rot, Arawak, Enrique Bunbury, Jos\u00e9 Angel Hevia, Cesaria Evora, Celtas Cortos, Antonio Vega, Sergio<a class=\"moretag\" href=\"https:\/\/www.manologarciaycia.com\/?p=104\" title=\"Conversaciones de Pop &#038; Rock\" target=\"_self\" rel=\"follow\"> <font face=arial size=2>[Leer m\u00e1s]<\/font> <\/a><\/p>\n","protected":false},"author":2,"featured_media":0,"comment_status":"closed","ping_status":"open","sticky":false,"template":"","format":"standard","meta":{"footnotes":""},"categories":[1,23,9],"tags":[37],"class_list":["post-104","post","type-post","status-publish","format-standard","hentry","category-manolo-garcia","category-otros","category-qumi-portet","tag-manolo-garcia-quimi-portet-conversaciones-pop-rock-manu-gonzalez-libro-musica"],"_links":{"self":[{"href":"https:\/\/www.manologarciaycia.com\/index.php?rest_route=\/wp\/v2\/posts\/104","targetHints":{"allow":["GET"]}}],"collection":[{"href":"https:\/\/www.manologarciaycia.com\/index.php?rest_route=\/wp\/v2\/posts"}],"about":[{"href":"https:\/\/www.manologarciaycia.com\/index.php?rest_route=\/wp\/v2\/types\/post"}],"author":[{"embeddable":true,"href":"https:\/\/www.manologarciaycia.com\/index.php?rest_route=\/wp\/v2\/users\/2"}],"replies":[{"embeddable":true,"href":"https:\/\/www.manologarciaycia.com\/index.php?rest_route=%2Fwp%2Fv2%2Fcomments&post=104"}],"version-history":[{"count":7,"href":"https:\/\/www.manologarciaycia.com\/index.php?rest_route=\/wp\/v2\/posts\/104\/revisions"}],"predecessor-version":[{"id":151,"href":"https:\/\/www.manologarciaycia.com\/index.php?rest_route=\/wp\/v2\/posts\/104\/revisions\/151"}],"wp:attachment":[{"href":"https:\/\/www.manologarciaycia.com\/index.php?rest_route=%2Fwp%2Fv2%2Fmedia&parent=104"}],"wp:term":[{"taxonomy":"category","embeddable":true,"href":"https:\/\/www.manologarciaycia.com\/index.php?rest_route=%2Fwp%2Fv2%2Fcategories&post=104"},{"taxonomy":"post_tag","embeddable":true,"href":"https:\/\/www.manologarciaycia.com\/index.php?rest_route=%2Fwp%2Fv2%2Ftags&post=104"}],"curies":[{"name":"wp","href":"https:\/\/api.w.org\/{rel}","templated":true}]}}